{"id":372758,"date":"2022-08-20T03:08:31","date_gmt":"2022-08-20T03:08:31","guid":{"rendered":"https:\/\/dimensionturistica.com\/es\/?p=372758"},"modified":"2022-08-20T03:08:32","modified_gmt":"2022-08-20T03:08:32","slug":"los-cruceros-noticias-de-mallorca","status":"publish","type":"post","link":"https:\/\/dimensionturistica.com\/es\/los-cruceros-noticias-de-mallorca\/","title":{"rendered":"Los cruceros | Noticias de Mallorca"},"content":{"rendered":"<p> <br \/>\n<\/p>\n<div id=\"textoNoticia\">\n<p>Creo que la \u00faltima vez que sal\u00ed de Mallorca fue en 2005 y que la \u00faltima vez que sal\u00ed de Palma fue a mediados de 2020. Para ser del todo sincero, deber\u00eda a\u00f1adir que en estos dos \u00faltimos a\u00f1os ni siquiera me he movido excesivamente por Ciutat, pues esencialmente he paseado casi s\u00f3lo por el casco antiguo y muy rara vez m\u00e1s all\u00e1 de las Avenidas.<\/p>\n<p>Para m\u00ed, ir por ejemplo hasta es Molinar ser\u00eda el equivalente de lo que supone para otras personas ir hasta Australia o el Polo Norte, mientras que desplazarme hasta alg\u00fan pueblo vendr\u00eda a ser ya casi como ir a la Luna, o como m\u00ednimo hasta la Estaci\u00f3n Espacial Internacional. Como ven, en principio no soy una persona especialmente aventurera.<\/p>\n<p>Aun as\u00ed, en alguna ocasi\u00f3n he llegado a pensar que quiz\u00e1s me gustar\u00eda hacer un crucero alg\u00fan d\u00eda, especialmente por el Mediterr\u00e1neo, a poder ser en primavera o en oto\u00f1o, cuando a\u00fan es necesario ir un poco abrigado si uno desea pasear por cubierta y cuando el cielo y el mar tienen una viveza y una luminosidad muy hermosas y especiales.<\/p>\n<p>Adem\u00e1s, en ambas estaciones la mayor parte de los d\u00edas suelen ser soleados, as\u00ed que durante ese hipot\u00e9tico crucero podr\u00eda visitar sin pasar excesivo fr\u00edo ni mojarme las distintas ciudades que estuvieran previstas en el recorrido. Puestos a so\u00f1ar o imaginar, me gustar\u00eda que algunas de esas ciudades fuesen Cannes, Venecia, Florencia o Roma.<\/p>\n<p>La fantas\u00eda de llevar a cabo un crucero la relaciono no s\u00f3lo con mis deseos de viajar un poco m\u00e1s en el futuro, sino tambi\u00e9n con mi anhelo de intentar escapar un poco de mi realidad cotidiana, que, salvo peque\u00f1as excepciones, yo dir\u00eda que no ha sido especialmente excitante en las dos o tres \u00faltimas d\u00e9cadas. O incluso tal vez un poco m\u00e1s atr\u00e1s.<\/p>\n<p>Tambi\u00e9n es verdad que en otros momentos he pensado que lo mejor ser\u00eda, en cambio, llevar una vida a\u00fan un poco m\u00e1s recogida y retirada que ahora, quiz\u00e1s en alguna ermita o en alg\u00fan monasterio de Asturias, La Rioja o Castilla y Le\u00f3n. As\u00ed, a veces me veo a m\u00ed mismo portando un h\u00e1bito gris, cultivando un huerto y ensayando el canto gregoriano.<\/p>\n<p>El silencio y la tranquilidad me gustan de una forma muy especial, y hoy es muy dif\u00edcil poder encontrar esa calma y esa paz en la mayor\u00eda de ciudades. Aun as\u00ed, de momento no he decidido a\u00fan qu\u00e9 camino very important y existencial tomar\u00e9 finalmente, si uno m\u00e1s pr\u00f3ximo quiz\u00e1s a <em>El nombre de la rosa<\/em> o uno tal vez m\u00e1s cercano a <em>Vacaciones en el mar<\/em>. <\/p>\n<\/div>\n\n<p><em> &#8221; Fuentes www.mallorcadiario.com &#8221; <\/em><\/p>\n","protected":false},"excerpt":{"rendered":"<p>Creo que la \u00faltima vez que sal\u00ed de Mallorca fue en 2005 y que la \u00faltima vez que sal\u00ed de Palma fue a mediados de 2020. Para ser del todo sincero, deber\u00eda a\u00f1adir que en estos dos \u00faltimos a\u00f1os ni siquiera me he movido excesivamente por Ciutat, pues esencialmente he paseado casi s\u00f3lo por el [&hellip;]<\/p>\n","protected":false},"author":4,"featured_media":372676,"comment_status":"open","ping_status":"closed","sticky":false,"template":"","format":"standard","meta":{"om_disable_all_campaigns":false,"jnews-multi-image_gallery":[],"jnews_single_post":[],"jnews_primary_category":[],"jnews_social_meta":[],"footnotes":""},"categories":[41],"tags":[543],"class_list":["post-372758","post","type-post","status-publish","format-standard","has-post-thumbnail","hentry","category-cruceros","tag-cruceros"],"_links":{"self":[{"href":"https:\/\/dimensionturistica.com\/es\/wp-json\/wp\/v2\/posts\/372758","targetHints":{"allow":["GET"]}}],"collection":[{"href":"https:\/\/dimensionturistica.com\/es\/wp-json\/wp\/v2\/posts"}],"about":[{"href":"https:\/\/dimensionturistica.com\/es\/wp-json\/wp\/v2\/types\/post"}],"author":[{"embeddable":true,"href":"https:\/\/dimensionturistica.com\/es\/wp-json\/wp\/v2\/users\/4"}],"replies":[{"embeddable":true,"href":"https:\/\/dimensionturistica.com\/es\/wp-json\/wp\/v2\/comments?post=372758"}],"version-history":[{"count":0,"href":"https:\/\/dimensionturistica.com\/es\/wp-json\/wp\/v2\/posts\/372758\/revisions"}],"wp:featuredmedia":[{"embeddable":true,"href":"https:\/\/dimensionturistica.com\/es\/wp-json\/wp\/v2\/media\/372676"}],"wp:attachment":[{"href":"https:\/\/dimensionturistica.com\/es\/wp-json\/wp\/v2\/media?parent=372758"}],"wp:term":[{"taxonomy":"category","embeddable":true,"href":"https:\/\/dimensionturistica.com\/es\/wp-json\/wp\/v2\/categories?post=372758"},{"taxonomy":"post_tag","embeddable":true,"href":"https:\/\/dimensionturistica.com\/es\/wp-json\/wp\/v2\/tags?post=372758"}],"curies":[{"name":"wp","href":"https:\/\/api.w.org\/{rel}","templated":true}]}}