{"id":372350,"date":"2022-08-19T08:52:57","date_gmt":"2022-08-19T08:52:57","guid":{"rendered":"https:\/\/dimensionturistica.com\/es\/?p=372350"},"modified":"2022-08-19T08:52:57","modified_gmt":"2022-08-19T08:52:57","slug":"solicitan-mas-tiempo-para-usar-fondos-de-recuperacion-agencias","status":"publish","type":"post","link":"https:\/\/dimensionturistica.com\/es\/solicitan-mas-tiempo-para-usar-fondos-de-recuperacion-agencias\/","title":{"rendered":"Solicitan m\u00e1s tiempo para usar fondos de recuperaci\u00f3n | Agencias"},"content":{"rendered":"<p> <br \/>\n<\/p>\n<div id=\"article-body\" itemprop=\"articleBody\">\n                                <meta itemprop=\"isAccessibleForFree\" content=\"true\"\/><\/p>\n<p>En momentos en que la Legislatura levanta bandera ante la posible p\u00e9rdida de millones de d\u00f3lares en fondos no utilizados asignados a la recuperaci\u00f3n de la Isla a trav\u00e9s de la Agencia Federal para el Manejo de Emergencias (FEMA), el gobierno native alega que no hay tal riesgo, pero admite que se solicit\u00f3 tiempo adicional para poder ejecutar los proyectos.<\/p>\n<p>En declaraciones a <strong>EL VOCERO<\/strong>, el director ejecutivo de la Oficina Central de Recuperaci\u00f3n, Reconstrucci\u00f3n y Resiliencia (COR3, en ingl\u00e9s), Manuel Laboy, indic\u00f3 que \u201cno hay ning\u00fan riesgo en estos momentos de p\u00e9rdida de fondos\u201d, sino que hay una fecha estipulada -que es el pr\u00f3ximo 20 de septiembre- atada a la ejecuci\u00f3n de los proyectos de recuperaci\u00f3n en la Isla.<\/p>\n<p>\u201cPara efectos de nosotros, de nuestros fondos de recuperaci\u00f3n, no hay ning\u00fan riesgo de p\u00e9rdida de dinero. S\u00ed hay unas fechas que estamos trabajando porque cuando FEMA obliga un proyecto, establece una l\u00ednea de tiempo para que se ejecute ese proyecto y, en el pasado, FEMA hab\u00eda extendido todos los proyectos del hurac\u00e1n Mar\u00eda a septiembre 20 (de este a\u00f1o)\u201d, explic\u00f3.<\/p>\n<p>Mencion\u00f3 que ante la cercan\u00eda de esta fecha, desde hace m\u00e1s de un mes COR3 est\u00e1 ayudando en la radicaci\u00f3n de la solicitud de extensi\u00f3n de t\u00e9rmino a los municipios, entidades sin fines de lucro, agencias y corporaciones p\u00fablicas que tienen fondos obligados de recuperaci\u00f3n.\u00a0<\/p>\n<p>\u201cEste es un proceso est\u00e1ndar. O sea, es uso y costumbre. En otras jurisdicciones se establece por regulaci\u00f3n y \u2018policy\u2019 (pol\u00edtica) de FEMA una cantidad de tiempo para que se hagan los proyectos, pero como todos sabemos, hay muchos retos a los que se enfrenta un municipio y agencia para ejecutar el proyecto. En el caso de Puerto Rico, (tuvimos) el covid-19, hubo un terremoto en 2020 y ha habido situaciones con el mercado laboral, entre otras cosas\u201d, abund\u00f3.<\/p>\n<p>Especific\u00f3 que COR3 ha ayudado a las entidades a documentar qu\u00e9 progreso y retos han tenido para cada uno de sus proyectos y FEMA lo eval\u00faa y extiende el tiempo de vencimiento.<\/p>\n<p>\u201cO sea, que es bastante est\u00e1ndar. Obviamente, la documentaci\u00f3n se tiene que llenar de manera completa\u201d, mencion\u00f3 Laboy.<\/p>\n<p>En cuanto a la extensi\u00f3n del t\u00e9rmino, dijo que \u201cestamos sugiriendo a FEMA que no sea como una extensi\u00f3n uniforme, sino que tome en consideraci\u00f3n la realidad de la ejecuci\u00f3n de cada proyecto\u201d. Explic\u00f3 que la extensi\u00f3n estar\u00eda basada en la fecha en que las distintas entidades proyectan que culminar\u00e1 el \u00faltimo proyecto que tienen en agenda.<\/p>\n<p>\u00bfQu\u00e9 pasar\u00eda si no se logra esa extensi\u00f3n de FEMA?, le pregunt\u00f3 <strong>EL VOCERO<\/strong> a Laboy.<\/p>\n<p>\u201cEsa es una situaci\u00f3n remota, soy bien honesto. Yo no voy a especular qu\u00e9 pasar\u00eda si no lo aprueban porque es una probabilidad remota\u201d, asegur\u00f3 el funcionario.<\/p>\n<p>\u00bfSi esa extensi\u00f3n no se aprueba, hay fondos que se perder\u00edan?, insisti\u00f3 este medio. \u201cEs que no va a pasar. La extensi\u00f3n del t\u00e9rmino es un tr\u00e1mite com\u00fan. No es una situaci\u00f3n extraordinaria ni especial. Es lo que quiero decir. Es uso y costumbre en todos los desastres. Por el hurac\u00e1n Katrina -que es lo m\u00e1s cercano que podemos usar de ejemplo- se lleva m\u00e1s de 15 a\u00f1os reconstruyendo\u201d, dijo.<\/p>\n<p>Afirm\u00f3 que FEMA est\u00e1 en el mejor inter\u00e9s de extender el t\u00e9rmino y que, adem\u00e1s, mientras se encuentra de viaje en Nueva York se ha reunido durante tres d\u00edas corridos con private de esa agencia federal.<\/p>\n<p>\u201cMe han dicho \u2018qu\u00e9 es lo que hay que hacer\u2019 para que la reconstrucci\u00f3n avance\u201d, afirm\u00f3 Laboy.<\/p>\n<p>\u201cFEMA, en este momento, ha obligado $28,000 millones, 10,000 y pico de proyectos y en las reuniones que yo tuve esta semana se repasaron los proyectos que faltan por obligar. Son como 1,500 a 2,000 lo que faltan por obligar, o sea, que esto va a llegar como a 12,000 proyectos m\u00e1s o menos. Pero la informaci\u00f3n (de la C\u00e1mara de Representantes) no est\u00e1 bien articulada\u201d, sostuvo el funcionario.<\/p>\n<p><strong>Alerta de la C\u00e1mara<\/strong><\/p>\n<p>Por su parte, el presidente de la C\u00e1mara, Rafael \u201cTatito\u201d Hern\u00e1ndez, curs\u00f3 una carta al coordinador federal de recuperaci\u00f3n de FEMA en la Isla, Jos\u00e9 Baquero, en la que alerta que el cuerpo legislativo advino en conocimiento de que los fondos no utilizados asignados a la recuperaci\u00f3n est\u00e1n a punto de vencer cuando finalice el precise a\u00f1o fiscal del gobierno federal, el 30 de septiembre.<\/p>\n<p>\u201cEs nuestro trabajo asegurar que estos fondos est\u00e9n disponibles para el gobierno de Puerto Rico y nuestros municipios m\u00e1s all\u00e1 del final del actual a\u00f1o fiscal federal. Es por eso que estamos solicitando una extensi\u00f3n de este plazo, para que el gobierno local y las agencias involucradas puedan terminar y presentarles sus planes para los proyectos que ser\u00e1n financiados\u201d, expres\u00f3.<\/p>\n<p>Explic\u00f3 que est\u00e1n solicitando una extensi\u00f3n de entre 24 a 26 meses para que los proyectos de recuperaci\u00f3n que toman m\u00e1s tiempo puedan culminar. Seg\u00fan los datos provistos, los fondos obligados de FEMA por los huracanes Irma y Mar\u00eda rondan los $28,000 millones para 10,256 proyectos. Esto representa menos del 50% de los proyectos en la Isla, se aleg\u00f3.<\/p>\n<p>En el caso de los terremotos de 2020, se habla de $76.8 millones y que de esa cantidad se estima que solo se ha obligado la mitad, aunque no se dio una cantidad espec\u00edfica. Basado en los fondos que a\u00fan quedan disponibles, se proyecta que se estar\u00edan perdiendo sobre $70 millones, pero Laboy indic\u00f3 que no es correcto que haya un riesgo de p\u00e9rdida de fondos.<\/p>\n<p>Por su parte, Hern\u00e1ndez argument\u00f3 que la p\u00e9rdida de fondos podr\u00eda retrasar los proyectos que tienen encaminados los distintos municipios y afectar la recuperaci\u00f3n de las comunidades. \u201cEstar\u00edamos incumpliendo con ese compromiso de recuperaci\u00f3n y, segundo, todo eso est\u00e1 en las proyecciones de los planes fiscales y las proyecciones econ\u00f3micas\u201d, advirti\u00f3.<\/p>\n<p>Mientras, el representante well-liked Juan J. Santiago aleg\u00f3 que en los municipios tambi\u00e9n hay la preocupaci\u00f3n de si estos fondos ser\u00e1n suficientes para completar las iniciativas proyectadas, debido a diversos factores como la inflaci\u00f3n.<\/p>\n<p><strong>Reacciona FEMA<\/strong><\/p>\n<p>En tanto, FEMA indic\u00f3 que la carta de Hern\u00e1ndez ser\u00e1 atendida para proveer una contestaci\u00f3n oportunamente.<\/p>\n<p>\u201cFEMA mantiene un compromiso firme con la recuperaci\u00f3n de Puerto Rico y sus comunidades, que alcanza al presente la aprobaci\u00f3n de m\u00e1s de 10,000 proyectos con una asignaci\u00f3n que supera $28,000 millones en fondos federales\u201d, dijo la agencia.<\/p>\n<div id=\"tncms-region-article_bottom_content\" class=\"tncms-region hidden-print\">\n<div id=\"tncms-block-1281565\" class=\"tncms-block\">\n<div class=\"visible-xs visible-sm\">\n<p style=\"font-style:italic\">Recibe m\u00e1s informaci\u00f3n sobre esta y otras noticias. Pulsa aqu\u00ed si eres usuario de <a rel=\"nofollow noopener\" target=\"_blank\" href=\"https:\/\/play.google.com\/store\/apps\/details?id=hr.apps.n207032405&amp;hl=en&amp;gl=US\">Android<\/a> o de <a rel=\"nofollow noopener\" target=\"_blank\" href=\"https:\/\/apps.apple.com\/us\/app\/el-vocero-de-puerto-rico\/id569268626\">iPhone<\/a>.<\/p>\n<\/div>\n<\/div>\n<\/div><\/div>\n<p><script>\n!function(f,b,e,v,n,t,s)\n{if(f.fbq)return;n=f.fbq=function(){n.callMethod?\nn.callMethod.apply(n,arguments):n.queue.push(arguments)};\nif(!f._fbq)f._fbq=n;n.push=n;n.loaded=!0;n.version='2.0';\nn.queue=[];t=b.createElement(e);t.async=!0;\nt.src=v;s=b.getElementsByTagName(e)[0];\ns.parentNode.insertBefore(t,s)}(window, document,'script',\n'https:\/\/connect.facebook.net\/en_US\/fbevents.js');\nfbq('init', '1815340891988198');\nfbq('track', 'PageView');\n<\/script><br \/>\n<br \/><\/p>\n<p><em> &#8221; Fuentes www.elvocero.com &#8221; <\/em><\/p>\n","protected":false},"excerpt":{"rendered":"<p>En momentos en que la Legislatura levanta bandera ante la posible p\u00e9rdida de millones de d\u00f3lares en fondos no utilizados asignados a la recuperaci\u00f3n de la Isla a trav\u00e9s de la Agencia Federal para el Manejo de Emergencias (FEMA), el gobierno native alega que no hay tal riesgo, pero admite que se solicit\u00f3 tiempo adicional [&hellip;]<\/p>\n","protected":false},"author":4,"featured_media":372351,"comment_status":"open","ping_status":"closed","sticky":false,"template":"","format":"standard","meta":{"om_disable_all_campaigns":false,"jnews-multi-image_gallery":[],"jnews_single_post":[],"jnews_primary_category":[],"jnews_social_meta":[],"footnotes":""},"categories":[40],"tags":[1161],"class_list":["post-372350","post","type-post","status-publish","format-standard","has-post-thumbnail","hentry","category-industria","tag-agencias"],"_links":{"self":[{"href":"https:\/\/dimensionturistica.com\/es\/wp-json\/wp\/v2\/posts\/372350","targetHints":{"allow":["GET"]}}],"collection":[{"href":"https:\/\/dimensionturistica.com\/es\/wp-json\/wp\/v2\/posts"}],"about":[{"href":"https:\/\/dimensionturistica.com\/es\/wp-json\/wp\/v2\/types\/post"}],"author":[{"embeddable":true,"href":"https:\/\/dimensionturistica.com\/es\/wp-json\/wp\/v2\/users\/4"}],"replies":[{"embeddable":true,"href":"https:\/\/dimensionturistica.com\/es\/wp-json\/wp\/v2\/comments?post=372350"}],"version-history":[{"count":0,"href":"https:\/\/dimensionturistica.com\/es\/wp-json\/wp\/v2\/posts\/372350\/revisions"}],"wp:featuredmedia":[{"embeddable":true,"href":"https:\/\/dimensionturistica.com\/es\/wp-json\/wp\/v2\/media\/372351"}],"wp:attachment":[{"href":"https:\/\/dimensionturistica.com\/es\/wp-json\/wp\/v2\/media?parent=372350"}],"wp:term":[{"taxonomy":"category","embeddable":true,"href":"https:\/\/dimensionturistica.com\/es\/wp-json\/wp\/v2\/categories?post=372350"},{"taxonomy":"post_tag","embeddable":true,"href":"https:\/\/dimensionturistica.com\/es\/wp-json\/wp\/v2\/tags?post=372350"}],"curies":[{"name":"wp","href":"https:\/\/api.w.org\/{rel}","templated":true}]}}