{"id":372229,"date":"2022-08-19T00:13:00","date_gmt":"2022-08-19T00:13:00","guid":{"rendered":"https:\/\/dimensionturistica.com\/es\/?p=372229"},"modified":"2022-08-19T00:13:00","modified_gmt":"2022-08-19T00:13:00","slug":"entre-brotes-de-aguas-negras-y-la-peste-caminan-turistas-que-bajan-de-los-cruceros-por-la-calle-carnaval-para-llegar-a-la-machado","status":"publish","type":"post","link":"https:\/\/dimensionturistica.com\/es\/entre-brotes-de-aguas-negras-y-la-peste-caminan-turistas-que-bajan-de-los-cruceros-por-la-calle-carnaval-para-llegar-a-la-machado\/","title":{"rendered":"Entre brotes de aguas negras y la peste, caminan turistas que bajan de los cruceros por la Calle Carnaval para llegar a la Machado"},"content":{"rendered":"<p> <br \/>\n<\/p>\n<div itemprop=\"text\">\n<div class=\"paragraph\" mlnid=\"idcon=2491650;order=6.0\">\n<p>Entre aguas negras de drenaje, turistas que vienen de los cruceros caminan por la Calle Carnaval para llegar a la Plazuela Machada en Mazatl\u00e1n.<\/p>\n<p>Justo luego de pasar la Calle Miguel Alem\u00e1n, las aguas coloration verde y negro recorren toda la orilla de la Calle Carnaval, donde los turistas, pero sobre todo los cruceristas que ahorita llegan al puerto cada mi\u00e9rcoles, tienen qu\u00e9 sortear las aguas negras para llegar al Teatro \u00c1ngela Peralta, para luego visitar la Machado.<\/p>\n<\/p><\/div>\n<div class=\"paragraph\" mlnid=\"idcon=2491666;order=10.0\">\n<p>El olor en toda la vialidad es insoportable, cube Gissella, quien tiene su casa justo a un lado de esta vialidad.<\/p>\n<p>Ella comenta que ya lleva as\u00ed m\u00e1s de un mes, saliendo aguas negras de las alcantarillas y con un olor nauseabunda.<\/p>\n<\/p><\/div>\n<div class=\"paragraph\" mlnid=\"idcon=2491670;order=14.0\">\n<p>\u201cYa tiene m\u00e1s de un mes, no aguanto la peste, los turistas lo primero que ven al llegar a Mazatl\u00e1n es este cochinero, no nos deja ni dormir, tenemos las puertas cerradas, igual que las ventanas, ya le mand\u00e9 un video al Ayuntamiento para que vea c\u00f3mo los turistas de los cruceros bajan caminando entre el agua apestosa\u201d.<\/p>\n<p>La vecina comenta que en ocasiones van y arreglan el problema, pero a los dos d\u00edas vuelven a brotar las aguas negras.<\/p>\n<p>Los due\u00f1os de una cafeter\u00eda de la esquina, casi al llegar al Teatro \u00c1ngela Peralta, sostienen que los olores ahuyentan hasta las ventas debido a los malos olores del lugar.<\/p>\n<p>Se\u00f1alaron que ya han avisado a las autoridades, pero no se ha hecho nada para solucionar este problema.<\/p>\n<\/p><\/div><\/div>\n\n<p><em> &#8221; Fuentes www.noroeste.com.mx &#8221; <\/em><\/p>\n","protected":false},"excerpt":{"rendered":"<p>Entre aguas negras de drenaje, turistas que vienen de los cruceros caminan por la Calle Carnaval para llegar a la Plazuela Machada en Mazatl\u00e1n. Justo luego de pasar la Calle Miguel Alem\u00e1n, las aguas coloration verde y negro recorren toda la orilla de la Calle Carnaval, donde los turistas, pero sobre todo los cruceristas que [&hellip;]<\/p>\n","protected":false},"author":4,"featured_media":372230,"comment_status":"open","ping_status":"closed","sticky":false,"template":"","format":"standard","meta":{"om_disable_all_campaigns":false,"jnews-multi-image_gallery":[],"jnews_single_post":[],"jnews_primary_category":[],"jnews_social_meta":[],"footnotes":""},"categories":[41],"tags":[18734],"class_list":["post-372229","post","type-post","status-publish","format-standard","has-post-thumbnail","hentry","category-cruceros","tag-antonio-olazabal"],"_links":{"self":[{"href":"https:\/\/dimensionturistica.com\/es\/wp-json\/wp\/v2\/posts\/372229","targetHints":{"allow":["GET"]}}],"collection":[{"href":"https:\/\/dimensionturistica.com\/es\/wp-json\/wp\/v2\/posts"}],"about":[{"href":"https:\/\/dimensionturistica.com\/es\/wp-json\/wp\/v2\/types\/post"}],"author":[{"embeddable":true,"href":"https:\/\/dimensionturistica.com\/es\/wp-json\/wp\/v2\/users\/4"}],"replies":[{"embeddable":true,"href":"https:\/\/dimensionturistica.com\/es\/wp-json\/wp\/v2\/comments?post=372229"}],"version-history":[{"count":0,"href":"https:\/\/dimensionturistica.com\/es\/wp-json\/wp\/v2\/posts\/372229\/revisions"}],"wp:featuredmedia":[{"embeddable":true,"href":"https:\/\/dimensionturistica.com\/es\/wp-json\/wp\/v2\/media\/372230"}],"wp:attachment":[{"href":"https:\/\/dimensionturistica.com\/es\/wp-json\/wp\/v2\/media?parent=372229"}],"wp:term":[{"taxonomy":"category","embeddable":true,"href":"https:\/\/dimensionturistica.com\/es\/wp-json\/wp\/v2\/categories?post=372229"},{"taxonomy":"post_tag","embeddable":true,"href":"https:\/\/dimensionturistica.com\/es\/wp-json\/wp\/v2\/tags?post=372229"}],"curies":[{"name":"wp","href":"https:\/\/api.w.org\/{rel}","templated":true}]}}