{"id":372154,"date":"2022-08-18T21:30:17","date_gmt":"2022-08-18T21:30:17","guid":{"rendered":"https:\/\/dimensionturistica.com\/es\/?p=372154"},"modified":"2022-08-18T21:30:17","modified_gmt":"2022-08-18T21:30:17","slug":"ihg-hotels-resorts-anuncia-cambios-en-su-equipo-de-liderazgo-de-desarrollo-para-las-americas","status":"publish","type":"post","link":"https:\/\/dimensionturistica.com\/es\/ihg-hotels-resorts-anuncia-cambios-en-su-equipo-de-liderazgo-de-desarrollo-para-las-americas\/","title":{"rendered":"IHG Hotels &#038; Resorts anuncia cambios en su equipo de liderazgo de desarrollo para las Am\u00e9ricas"},"content":{"rendered":"<p><img decoding=\"async\" class=\" wp-image-372155 alignright\" src=\"https:\/\/dimensionturistica.com\/es\/wp-content\/uploads\/2022\/08\/UNO.png\" alt=\"\" width=\"229\" height=\"224\" \/> IHG Hotels &amp; Resorts (IHG), una de las compa\u00f1\u00edas hoteleras l\u00edderes en el mundo, anunci\u00f3 hoy varios cambios en su equipo de liderazgo de Desarrollo para las Am\u00e9ricas. La introducci\u00f3n de nuevos miembros clave del equipo obedece a la jubilaci\u00f3n en junio de 2022 del Jefe de Desarrollo de las Am\u00e9ricas, Joel Eisemann, y el consiguiente nombramiento de Julienne Smith, anteriormente Vicepresidenta de Desarrollo, al cargo.<br \/>\nCon m\u00e1s de 4,200 hoteles en los Estados Unidos, Canad\u00e1 y MLAC (M\u00e9xico, Am\u00e9rica Latina y el Caribe), la presencia de IHG en Am\u00e9rica representa m\u00e1s del 70 por ciento de su cartera global. Los movimientos en el equipo <img decoding=\"async\" class=\" wp-image-372156 alignleft\" src=\"https:\/\/dimensionturistica.com\/es\/wp-content\/uploads\/2022\/08\/DOS-1-300x233.jpg\" alt=\"\" width=\"259\" height=\"201\" srcset=\"https:\/\/dimensionturistica.com\/es\/wp-content\/uploads\/2022\/08\/DOS-1-300x233.jpg 300w, https:\/\/dimensionturistica.com\/es\/wp-content\/uploads\/2022\/08\/DOS-1.jpg 323w\" sizes=\"(max-width: 259px) 100vw, 259px\" \/>de liderazgo de Desarrollo de las Am\u00e9ricas tienen como objetivo impulsar el crecimiento continuo y la incorporaci\u00f3n de nuevas propiedades a la cartera de IHG por parte de propietarios actuales y futuros.<br \/>\nCon efecto inmediato, el equipo de liderazgo de desarrollo reestructurado de IHG Am\u00e9ricas incluye a los siguientes ejecutivos:<br \/>\nMatt Frankiewicz ha asumido el cargo de la ex Vicepresidente Senior de Desarrollo Smith, despu\u00e9s de haberse desempe\u00f1ado como vicepresidente de Transacciones y Gesti\u00f3n de Activos para las Am\u00e9ricas. En este cargo, Matt supervisar\u00e1 el avance y el crecimiento de las marcas de lujo, estilo de vida y<img decoding=\"async\" class=\" wp-image-372157 alignright\" src=\"https:\/\/dimensionturistica.com\/es\/wp-content\/uploads\/2022\/08\/TRES-229x300.png\" alt=\"\" width=\"187\" height=\"245\" srcset=\"https:\/\/dimensionturistica.com\/es\/wp-content\/uploads\/2022\/08\/TRES-229x300.png 229w, https:\/\/dimensionturistica.com\/es\/wp-content\/uploads\/2022\/08\/TRES.png 285w\" sizes=\"(max-width: 187px) 100vw, 187px\" \/> premium de IHG, en los Estados Unidos y Canad\u00e1, y continuar\u00e1 liderando el equipo de desarrollo y soporte a los propietarios para todas las marcas de la regi\u00f3n. Frankiewicz se uni\u00f3 a IHG en 2017 despu\u00e9s de ocupar varios cargos de liderazgo durante sus m\u00e1s de dos d\u00e9cadas en White Lodging Services y Hyatt Hotels Corporation.<br \/>\nTiffany Cooper se ha unido al equipo de liderazgo de Desarrollo de las Am\u00e9ricas en un papel destacado como Vicepresidente senior y jefa de desarrollo para Am\u00e9rica del Norte y el Caribe con la marca Kimpton Hotels &amp; Restaurants Group, de IHG. Una veterana de la hospitalidad que comenz\u00f3 su carrera en un hotel Kimpton hace m\u00e1s de 25 a\u00f1os, Cooper ha impulsado el crecimiento regional de la marca durante los \u00faltimos cuatro a\u00f1os y continuar\u00e1 aprovechando los recursos <img decoding=\"async\" class=\" wp-image-372158 alignleft\" src=\"https:\/\/dimensionturistica.com\/es\/wp-content\/uploads\/2022\/08\/CUATRO-1-300x300.jpg\" alt=\"\" width=\"221\" height=\"221\" srcset=\"https:\/\/dimensionturistica.com\/es\/wp-content\/uploads\/2022\/08\/CUATRO-1-300x300.jpg 300w, https:\/\/dimensionturistica.com\/es\/wp-content\/uploads\/2022\/08\/CUATRO-1-150x150.jpg 150w, https:\/\/dimensionturistica.com\/es\/wp-content\/uploads\/2022\/08\/CUATRO-1-75x75.jpg 75w, https:\/\/dimensionturistica.com\/es\/wp-content\/uploads\/2022\/08\/CUATRO-1-350x350.jpg 350w, https:\/\/dimensionturistica.com\/es\/wp-content\/uploads\/2022\/08\/CUATRO-1.jpg 450w\" sizes=\"(max-width: 221px) 100vw, 221px\" \/>de colaboraci\u00f3n del equipo de desarrollo de las Am\u00e9ricas para expandir la cartera y la huella de Kimpton.<br \/>\nKevin Schramm seguir\u00e1 siendo el vicepresidente senior de desarrollo de las marcas Esenciales y de Suites de IHG en Los Estados Unidos y Canad\u00e1. Durante sus m\u00e1s de 20 a\u00f1os de experiencia en liderazgo de desarrollo, incluida una d\u00e9cada en IHG, Schramm ha supervisado los equipos responsables de una gran parte de los fichajes anuales de sus organizaciones.<br \/>\nPaul Adan se une a IHG como Vicepresidente Regional Senior de MLAC, aprovechando su experiencia como Director General para Am\u00e9rica Latina y el Caribe en Radisson Hotel Group Am\u00e9ricas y Vicepresidente Regional en Marriott International. Respaldado por m\u00e1s de 25 a\u00f1os de experiencia en desarrollo y operaciones, Adan liderar\u00e1 el equipo de desarrollo regional de MLAC y aprovechar\u00e1 su s\u00f3lido historial de crecimiento de marca y \u00e9xito en la gesti\u00f3n de acuerdos de<img decoding=\"async\" class=\" wp-image-372159 alignright\" src=\"https:\/\/dimensionturistica.com\/es\/wp-content\/uploads\/2022\/08\/CINCO-300x284.png\" alt=\"\" width=\"263\" height=\"249\" srcset=\"https:\/\/dimensionturistica.com\/es\/wp-content\/uploads\/2022\/08\/CINCO-300x284.png 300w, https:\/\/dimensionturistica.com\/es\/wp-content\/uploads\/2022\/08\/CINCO.png 317w\" sizes=\"(max-width: 263px) 100vw, 263px\" \/> franquicia para identificar y buscar nuevas oportunidades.<br \/>\nAdem\u00e1s, IHG ha realizado los siguientes cambios clave en el equipo de desarrollo regional:<br \/>\nMike Wernet asumir\u00e1 el puesto del ex Vicepresidente de desarrollo y soporte al propietario de Frankiewicz. Antes de unirse a IHG, Wernet administr\u00f3 una parte sustancial de la diversa cartera hotelera de JLL y encabez\u00f3 el desarrollo de la plataforma de inteligencia empresarial de Am\u00e9rica del Norte de la organizaci\u00f3n. Sus m\u00e1s de 25 a\u00f1os de experiencia en hospitalidad tambi\u00e9n incluyen per\u00edodos en RLJ y White Lodging, donde administr\u00f3 m\u00e1s de USD $ 10 MM en inversiones hoteleras y dirigi\u00f3 la planificaci\u00f3n comercial a nivel empresarial.<br \/>\nScott Duff se ha unido a IHG como nuevo vicepresidente de desarrollo para Canad\u00e1. Con m\u00e1s de tres d\u00e9cadas <img decoding=\"async\" class=\" wp-image-372160 alignleft\" src=\"https:\/\/dimensionturistica.com\/es\/wp-content\/uploads\/2022\/08\/SEIS-300x214.png\" alt=\"\" width=\"238\" height=\"170\" srcset=\"https:\/\/dimensionturistica.com\/es\/wp-content\/uploads\/2022\/08\/SEIS-300x214.png 300w, https:\/\/dimensionturistica.com\/es\/wp-content\/uploads\/2022\/08\/SEIS-120x86.png 120w, https:\/\/dimensionturistica.com\/es\/wp-content\/uploads\/2022\/08\/SEIS-350x251.png 350w, https:\/\/dimensionturistica.com\/es\/wp-content\/uploads\/2022\/08\/SEIS.png 352w\" sizes=\"(max-width: 238px) 100vw, 238px\" \/>de experiencia en desarrollo, branding y corredur\u00eda de bienes en todo el ecosistema hotelero canadiense, Duff supervisar\u00e1 el desarrollo estrat\u00e9gico y el crecimiento de las marcas de lujo, estilo de vida y premium de IHG, en paralelo a la responsabilidad general de sus marcas de productos esenciales y suites.<br \/>\nJulienne Smith, Chief Development Officer para las Am\u00e9ricas en IHG coment\u00f3: &#8220;Estoy entusiasmada por el fuerte potencial de nuestro equipo de liderazgo de Desarrollo en las Am\u00e9ricas para capitalizar las oportunidades de crecimiento futuro y aprovechar nuestro impulso reciente a medida que trabajamos para crecer con propietarios existentes y nuevos. Los miembros de mi equipo tienen una significativa amplitud y profundidad de experiencia y habilidades comprobadas para conectarse con propietarios y desarrolladores a lo largo de sus respectivas carreras. Bajo este nuevo liderazgo, conf\u00edo en que nuestros mejores equipos de su clase<img decoding=\"async\" class=\" wp-image-372161 alignright\" src=\"https:\/\/dimensionturistica.com\/es\/wp-content\/uploads\/2022\/08\/SIETE.png\" alt=\"\" width=\"222\" height=\"227\" \/> continuar\u00e1n fortaleciendo a IHG e impulsando un cambio significativo dentro de nuestra industria&#8221;.<br \/>\nLos cambios en el equipo de liderazgo de Desarrollo de las Am\u00e9ricas brindan continuidad a un fuerte arranque de a\u00f1o que vio a IHG firmar 108 hoteles en toda la regi\u00f3n de las Am\u00e9ricas que representan casi 11,500 habitaciones en el primer semestre de 2022. Durante el mismo per\u00edodo de tiempo, IHG abri\u00f3 42 hoteles y agreg\u00f3 m\u00e1s de 4,300 habitaciones a su recuento regional total.<br \/>\nPara obtener informaci\u00f3n adicional, visite: development.ihg.com.<\/p>\n","protected":false},"excerpt":{"rendered":"<p>IHG Hotels &amp; Resorts (IHG), una de las compa\u00f1\u00edas hoteleras l\u00edderes en el mundo, anunci\u00f3 hoy varios cambios en su equipo de liderazgo de Desarrollo para las Am\u00e9ricas. La introducci\u00f3n de nuevos miembros clave del equipo obedece a la jubilaci\u00f3n en junio de 2022 del Jefe de Desarrollo de las Am\u00e9ricas, Joel Eisemann, y el [&hellip;]<\/p>\n","protected":false},"author":1,"featured_media":372165,"comment_status":"open","ping_status":"closed","sticky":false,"template":"","format":"standard","meta":{"om_disable_all_campaigns":false,"jnews-multi-image_gallery":[],"jnews_single_post":{"source_name":"","source_url":"","via_name":"","via_url":"","override_template":"0","override":[{"template":"1","single_blog_custom":"","parallax":"1","fullscreen":"1","layout":"right-sidebar","sidebar":"default-sidebar","second_sidebar":"default-sidebar","sticky_sidebar":"1","share_position":"top","share_float_style":"share-monocrhome","show_share_counter":"1","show_view_counter":"1","show_featured":"1","show_post_meta":"1","show_post_author":"1","show_post_author_image":"1","show_post_date":"1","post_date_format":"default","post_date_format_custom":"Y\/m\/d","show_post_category":"1","show_post_reading_time":"0","post_reading_time_wpm":"300","show_zoom_button":"0","zoom_button_out_step":"2","zoom_button_in_step":"3","show_post_tag":"1","show_prev_next_post":"1","show_popup_post":"1","number_popup_post":"1","show_author_box":"0","show_post_related":"0","show_inline_post_related":"0"}],"override_image_size":"0","image_override":[{"single_post_thumbnail_size":"crop-500","single_post_gallery_size":"crop-500"}],"trending_post":"0","trending_post_position":"meta","trending_post_label":"Trending","sponsored_post":"0","sponsored_post_label":"Sponsored by","sponsored_post_name":"","sponsored_post_url":"","sponsored_post_logo_enable":"0","sponsored_post_logo":"","sponsored_post_desc":"","disable_ad":"0"},"jnews_primary_category":{"id":""},"jnews_social_meta":{"fb_title":"","fb_description":"","fb_image":"","twitter_title":"","twitter_description":"","twitter_image":""},"footnotes":""},"categories":[40],"tags":[],"class_list":["post-372154","post","type-post","status-publish","format-standard","has-post-thumbnail","hentry","category-industria"],"_links":{"self":[{"href":"https:\/\/dimensionturistica.com\/es\/wp-json\/wp\/v2\/posts\/372154","targetHints":{"allow":["GET"]}}],"collection":[{"href":"https:\/\/dimensionturistica.com\/es\/wp-json\/wp\/v2\/posts"}],"about":[{"href":"https:\/\/dimensionturistica.com\/es\/wp-json\/wp\/v2\/types\/post"}],"author":[{"embeddable":true,"href":"https:\/\/dimensionturistica.com\/es\/wp-json\/wp\/v2\/users\/1"}],"replies":[{"embeddable":true,"href":"https:\/\/dimensionturistica.com\/es\/wp-json\/wp\/v2\/comments?post=372154"}],"version-history":[{"count":0,"href":"https:\/\/dimensionturistica.com\/es\/wp-json\/wp\/v2\/posts\/372154\/revisions"}],"wp:featuredmedia":[{"embeddable":true,"href":"https:\/\/dimensionturistica.com\/es\/wp-json\/wp\/v2\/media\/372165"}],"wp:attachment":[{"href":"https:\/\/dimensionturistica.com\/es\/wp-json\/wp\/v2\/media?parent=372154"}],"wp:term":[{"taxonomy":"category","embeddable":true,"href":"https:\/\/dimensionturistica.com\/es\/wp-json\/wp\/v2\/categories?post=372154"},{"taxonomy":"post_tag","embeddable":true,"href":"https:\/\/dimensionturistica.com\/es\/wp-json\/wp\/v2\/tags?post=372154"}],"curies":[{"name":"wp","href":"https:\/\/api.w.org\/{rel}","templated":true}]}}