{"id":371824,"date":"2022-08-18T05:06:42","date_gmt":"2022-08-18T05:06:42","guid":{"rendered":"https:\/\/dimensionturistica.com\/es\/?p=371824"},"modified":"2022-08-18T05:06:42","modified_gmt":"2022-08-18T05:06:42","slug":"la-cueva-secreta-donde-contemplar-las-mejores-vistas-de-ibiza","status":"publish","type":"post","link":"https:\/\/dimensionturistica.com\/es\/la-cueva-secreta-donde-contemplar-las-mejores-vistas-de-ibiza\/","title":{"rendered":"La cueva secreta donde contemplar las mejores vistas de Ibiza"},"content":{"rendered":"<p> <br \/>\n<\/p>\n<div>\n<p class=\"paragraph \" id=\"m97-96-98\">La magia de <strong><a rel=\"nofollow noopener\" target=\"_blank\" href=\"https:\/\/www.20minutos.es\/minuteca\/ibiza\/\" title=\"Ibiza\">Ibiza <\/a><\/strong>es palpable en todos sus rincones. Playas paradisiacas, calas escondidas y preciosos espacios naturales, todo ello acompa\u00f1ado por un ambiente relajado y bohemio. A pesar de recibir gran cantidad de turistas, todav\u00eda podemos encontrar alg\u00fan que otro <strong>enclave poco conocido<\/strong> donde disfrutar de los bellos paisajes de la isla alejados de las aglomeraciones. Y no hay mejor ejemplo que la <strong>cueva-mirador de Es Vedr\u00e0<\/strong>, una peque\u00f1a cavidad en la roca que nos regala unas vistas impresionantes del famoso islote ibicenco.<\/p>\n<h2 id=\"m102-101-103\">Un espectacular islote<\/h2>\n<p class=\"paragraph \" id=\"m107-106-108\"><strong>Es Vedr\u00e0 <\/strong>se alza imponente sobre las aguas del Mediterr\u00e1neo. Se trata de uno de los nueve islotes que rodean Ibiza, y con el paso del tiempo se ha convertido en uno de los puntos m\u00e1s visitados en la isla balear. Esta masa de tierra de unos 400 metros de altura, forma parte, al igual que su vecino Es Vendranell, del Parque Pure de Cala d\u2019Hort, Cap Llentrisca y Sa Talaia.<\/p>\n<div id=\"m112-111-113\">\n<figure class=\"article-picture\">\n        <img decoding=\"async\" loading=\"lazy\" width=\"656\" height=\"558\" alt=\"Es Vedr\u00e0 al atardecer.\" src=\"https:\/\/imagenes.20minutos.es\/files\/image_656_558\/uploads\/imagenes\/2022\/08\/11\/fotografia-es-vedra.jpeg\" data-full-src=\"https:\/\/www.20minutos.es\/uploads\/imagenes\/2022\/08\/11\/fotografia-es-vedra.jpeg\"\/><figcaption id=\"m123-122-124\">Es Vedr\u00e0 al atardecer.<\/figcaption><span class=\"author \" id=\"m128-127-129\">Eivaisla \/ iStock<\/span><\/figure>\n<\/div>\n<p class=\"paragraph \" id=\"m139-138-140\">Todo aquel que quiera contemplar este espect\u00e1culo de la naturaleza tiene varias opciones, como navegar en <strong>barco <\/strong>a su alrededor o acudir <strong>miradores <\/strong>como el de Es Vedr\u00e0 o el de Cala d\u00b4Hort. El problema de estos \u00faltimos son las grandes <strong>aglomeraciones <\/strong>que se generan, sobre todo al atardecer, cuando se suma a\u00fan m\u00e1s belleza al islote.\u00a0Sin embargo, existe un peque\u00f1o y escondido rinc\u00f3n donde no tendremos ese inconveniente: una desconocida cueva que nos brinda la tranquilidad que buscamos para admirar las vistas m\u00e1s espectaculares de Ibiza.<\/p>\n<article class=\"media media-integrated \" id=\"m144-143-145\">\n<div>\n<figure class=\"figure-100\">\n            <a rel=\"nofollow noopener\" target=\"_blank\" href=\"https:\/\/www.20minutos.es\/viajes\/destinos\/piscina-natural-antigua-cantera-secretos-ibiza-5031549\/\"><br \/>\n                <span class=\"accessTypeIcon withImage\"><em class=\"member boxIcon\"\/><\/span><br \/>\n                <img decoding=\"async\" loading=\"lazy\" width=\"656\" height=\"370\" alt=\"Sa Pedrera.\" src=\"https:\/\/imagenes.20minutos.es\/files\/image_656_370\/uploads\/imagenes\/2022\/07\/18\/fotografia-atlantis-ibiza-2.jpeg\" data-full-src=\"https:\/\/www.20minutos.es\/uploads\/imagenes\/2022\/07\/18\/fotografia-atlantis-ibiza-2.jpeg\"\/><br \/>\n            <\/a><br \/>\n        <\/figure>\n<\/p><\/div>\n<\/article>\n<h2 id=\"m179-178-180\">Ambiente \u00edntimo y hippy<\/h2>\n<p class=\"paragraph \" id=\"m184-183-185\">La cueva-mirador de Es Vedr\u00e0 se ubica justo enfrente del islote, en la zona de <strong>Sa Pedrera<\/strong>, una antigua cantera de mar\u00e9s. Se trata de una peque\u00f1a cavidad en la piedra rocosa con un evidente ambiente bohemio, y es que quienes han pasado por el lugar han ido decor\u00e1ndola con todo tipo de adornos hippies.<\/p>\n<p class=\"paragraph \" id=\"m194-193-195\">Al tratarse de un lugar <strong>escondido<\/strong>, pocas personas saben de su existencia, con lo que tendremos complete intimidad para disfrutar de este balc\u00f3n pure del Mediterr\u00e1neo. Adem\u00e1s, llegar hasta \u00e9l no es dif\u00edcil, ya que se encuentra justo debajo de la explanada del mirador de Es Vedr\u00e0, con lo que solo tendremos que bajar un poco la monta\u00f1a para dar con el lugar.<\/p>\n<p class=\"paragraph \" id=\"m199-198-200\"><a rel=\"nofollow noopener\" target=\"_blank\" href=\"https:\/\/www.20minutos.es\/estaticos\/newsletter-viajes\/\">Ap\u00fantate a la newsletter y recibe en tu correo las mejores propuestas para viajar por el mundo.<\/a><\/p>\n<\/div>\n\n<p><em> &#8221; Fuentes www.20minutos.es &#8221; <\/em><\/p>\n","protected":false},"excerpt":{"rendered":"<p>La magia de Ibiza es palpable en todos sus rincones. Playas paradisiacas, calas escondidas y preciosos espacios naturales, todo ello acompa\u00f1ado por un ambiente relajado y bohemio. A pesar de recibir gran cantidad de turistas, todav\u00eda podemos encontrar alg\u00fan que otro enclave poco conocido donde disfrutar de los bellos paisajes de la isla alejados de [&hellip;]<\/p>\n","protected":false},"author":4,"featured_media":371825,"comment_status":"open","ping_status":"closed","sticky":false,"template":"","format":"standard","meta":{"om_disable_all_campaigns":false,"jnews-multi-image_gallery":[],"jnews_single_post":[],"jnews_primary_category":[],"jnews_social_meta":[],"footnotes":""},"categories":[39],"tags":[1228,5441,545],"class_list":["post-371824","post","type-post","status-publish","format-standard","has-post-thumbnail","hentry","category-viajes","tag-destinos","tag-ibiza","tag-viajes"],"_links":{"self":[{"href":"https:\/\/dimensionturistica.com\/es\/wp-json\/wp\/v2\/posts\/371824","targetHints":{"allow":["GET"]}}],"collection":[{"href":"https:\/\/dimensionturistica.com\/es\/wp-json\/wp\/v2\/posts"}],"about":[{"href":"https:\/\/dimensionturistica.com\/es\/wp-json\/wp\/v2\/types\/post"}],"author":[{"embeddable":true,"href":"https:\/\/dimensionturistica.com\/es\/wp-json\/wp\/v2\/users\/4"}],"replies":[{"embeddable":true,"href":"https:\/\/dimensionturistica.com\/es\/wp-json\/wp\/v2\/comments?post=371824"}],"version-history":[{"count":0,"href":"https:\/\/dimensionturistica.com\/es\/wp-json\/wp\/v2\/posts\/371824\/revisions"}],"wp:featuredmedia":[{"embeddable":true,"href":"https:\/\/dimensionturistica.com\/es\/wp-json\/wp\/v2\/media\/371825"}],"wp:attachment":[{"href":"https:\/\/dimensionturistica.com\/es\/wp-json\/wp\/v2\/media?parent=371824"}],"wp:term":[{"taxonomy":"category","embeddable":true,"href":"https:\/\/dimensionturistica.com\/es\/wp-json\/wp\/v2\/categories?post=371824"},{"taxonomy":"post_tag","embeddable":true,"href":"https:\/\/dimensionturistica.com\/es\/wp-json\/wp\/v2\/tags?post=371824"}],"curies":[{"name":"wp","href":"https:\/\/api.w.org\/{rel}","templated":true}]}}