{"id":371525,"date":"2022-08-17T18:12:03","date_gmt":"2022-08-17T18:12:03","guid":{"rendered":"https:\/\/dimensionturistica.com\/es\/?p=371525"},"modified":"2022-08-17T18:20:23","modified_gmt":"2022-08-17T18:20:23","slug":"organizacion-mundo-maya-celebra-30-anos-como-region-multidestino-alineada-al-nuevo-perfil-del-turista","status":"publish","type":"post","link":"https:\/\/dimensionturistica.com\/es\/organizacion-mundo-maya-celebra-30-anos-como-region-multidestino-alineada-al-nuevo-perfil-del-turista\/","title":{"rendered":"Organizaci\u00f3n Mundo Maya celebra 30 a\u00f1os como regi\u00f3n multidestino alineada al nuevo perfil del turista"},"content":{"rendered":"<p><img decoding=\"async\" class=\"size-medium wp-image-371535 alignright\" src=\"https:\/\/dimensionturistica.com\/es\/wp-content\/uploads\/2022\/08\/Mundo-Maya-2-300x217.jpeg\" alt=\"\" width=\"300\" height=\"217\" srcset=\"https:\/\/dimensionturistica.com\/es\/wp-content\/uploads\/2022\/08\/Mundo-Maya-2-300x217.jpeg 300w, https:\/\/dimensionturistica.com\/es\/wp-content\/uploads\/2022\/08\/Mundo-Maya-2-768x555.jpeg 768w, https:\/\/dimensionturistica.com\/es\/wp-content\/uploads\/2022\/08\/Mundo-Maya-2-120x86.jpeg 120w, https:\/\/dimensionturistica.com\/es\/wp-content\/uploads\/2022\/08\/Mundo-Maya-2-750x542.jpeg 750w, https:\/\/dimensionturistica.com\/es\/wp-content\/uploads\/2022\/08\/Mundo-Maya-2.jpeg 1024w\" sizes=\"(max-width: 300px) 100vw, 300px\" \/>Recuerdo que asistiendo a la Reuni\u00f3n en la ciudad de Guatemala\u00a0 donde seria nombrado el Director del naciente programa del Mundo Maya, ah\u00ed se encontraba presente Oscar Espinosa Villarreal donde los representantes de cada uno de los pasases integrantes del Mundo Maya Votaron de que el fuera el presidente de ese organismo el cual rechazo dici\u00e9ndoles que uno de esos integrantes tenia que ser.<\/p>\n<p>El secretario de Turismo del Gobierno de M\u00e9xico, Miguel Torruco Marqu\u00e9s, encabez\u00f3 el inicio de la Celebraci\u00f3n del 30 Aniversario de la Organizaci\u00f3n Mundo Maya, integrada por Belice, El Salvador, Guatemala, Honduras y M\u00e9xico, cuyo prop\u00f3sito es mejorar la calidad de vida de los habitantes de la regi\u00f3n, mediante un desarrollo tur\u00edstico sostenible, con un producto multidestino, y alineado al nuevo perfil del turista.<br \/>\nEl titular de la Secretar\u00eda de Turismo (Sectur) destac\u00f3 que despu\u00e9s de haber atravesado dos dif\u00edciles a\u00f1os en que la pandemia trastoc\u00f3 la actividad tur\u00edstica, los pa\u00edses miembros de la Organizaci\u00f3n Mundo Maya han enfocado los esfuerzos a la reconstrucci\u00f3n del sector tur\u00edstico y a recuperar la confianza del viajero nacional e internacional, redise\u00f1ando y reorientando pol\u00edticas p\u00fablicas, revisando prioridades y, sobre todo, replanteando el turismo que queremos.<br \/>\n\u201cNos estamos abocando al nuevo perfil del turista, que privilegia las medidas sanitarias y de seguridad en los sitios que visitan; los espacios abiertos, en contacto con la naturaleza; y la convivencia con las comunidades locales, evitando la masificaci\u00f3n. Todo lo anterior, sin duda, lo ofrece el producto regional multidestino \u2018Mundo<img decoding=\"async\" class=\"size-medium wp-image-371539 alignright\" src=\"https:\/\/dimensionturistica.com\/es\/wp-content\/uploads\/2022\/08\/Mundo-Maya-7-300x177.jpeg\" alt=\"\" width=\"300\" height=\"177\" srcset=\"https:\/\/dimensionturistica.com\/es\/wp-content\/uploads\/2022\/08\/Mundo-Maya-7-300x177.jpeg 300w, https:\/\/dimensionturistica.com\/es\/wp-content\/uploads\/2022\/08\/Mundo-Maya-7-768x454.jpeg 768w, https:\/\/dimensionturistica.com\/es\/wp-content\/uploads\/2022\/08\/Mundo-Maya-7-750x443.jpeg 750w, https:\/\/dimensionturistica.com\/es\/wp-content\/uploads\/2022\/08\/Mundo-Maya-7.jpeg 800w\" sizes=\"(max-width: 300px) 100vw, 300px\" \/> Maya\u2019\u201d, coment\u00f3.<br \/>\nIndic\u00f3 que es importante adaptarse a una nueva realidad, en la que la actividad tur\u00edstica siga siendo motor de desarrollo econ\u00f3mico con una dimensi\u00f3n cada vez m\u00e1s sostenible; que preserve el medio ambiente y fomente el bienestar de las comunidades receptoras.<br \/>\nEn ese sentido, Torruco Marqu\u00e9s precis\u00f3 que Mundo Maya es un producto \u00fanico en el mundo, al ser un punto de encuentro entre cultura, ecolog\u00eda y desarrollo comunitario, que aprovechar\u00e1 y revalorizar\u00e1 su entorno sin destruirlo.<br \/>\nDetall\u00f3 que en 2019, cerca de 50 millones de turistas internacionales arribaron a los cinco pa\u00edses pertenecientes a Mundo Maya, esto es un 3.4% del total mundial; y el ingreso de divisas por turismo fue de 28 mil millones de d\u00f3lares, lo que represent\u00f3 1.9% del gasto registrado a nivel global.<br \/>\nEl secretario de Turismo subray\u00f3 que para impulsar la comercializaci\u00f3n del Mundo Maya se llevan a cabo ruedas de negocios a nivel continental, adem\u00e1s que se ampli\u00f3 la conectividad a\u00e9rea en le regi\u00f3n, marcando un hito en la historia, pues desde hace 30 a\u00f1os se habla del tema pero no se hab\u00eda logrado.<br \/>\nAl d\u00eda de hoy, Aeromar cuenta con la ruta Canc\u00fan-Flores; y TAG Airlines, con los vuelos desde Ciudad de Guatemala a Tuxtla Guti\u00e9rrez, Oaxaca, M\u00e9rida, y la ruta M\u00e9rida-Flores; lo que representa un impulso a la regionalizaci\u00f3n de la zona.<br \/>\nComo parte del impulso a esta regionalizaci\u00f3n sostenibilidad e inclusi\u00f3n social, el titular de Sectur expuso el<img decoding=\"async\" class=\"size-medium wp-image-371541 alignright\" src=\"https:\/\/dimensionturistica.com\/es\/wp-content\/uploads\/2022\/08\/Mundo-Maya-6-1-300x110.jpeg\" alt=\"\" width=\"300\" height=\"110\" srcset=\"https:\/\/dimensionturistica.com\/es\/wp-content\/uploads\/2022\/08\/Mundo-Maya-6-1-300x110.jpeg 300w, https:\/\/dimensionturistica.com\/es\/wp-content\/uploads\/2022\/08\/Mundo-Maya-6-1-1024x375.jpeg 1024w, https:\/\/dimensionturistica.com\/es\/wp-content\/uploads\/2022\/08\/Mundo-Maya-6-1-768x281.jpeg 768w, https:\/\/dimensionturistica.com\/es\/wp-content\/uploads\/2022\/08\/Mundo-Maya-6-1-750x274.jpeg 750w, https:\/\/dimensionturistica.com\/es\/wp-content\/uploads\/2022\/08\/Mundo-Maya-6-1.jpeg 1118w\" sizes=\"(max-width: 300px) 100vw, 300px\" \/> proyecto \u201cTren Maya\u201d que se desarrolla en el sureste de M\u00e9xico, en los estados de Yucat\u00e1n, Quintana Roo, Campeche, Tabasco y Chiapas.<br \/>\n\u201cEsta emblem\u00e1tica obra del Gobierno de M\u00e9xico, que encabeza el presidente Andr\u00e9s Manuel L\u00f3pez obrador, recorrer\u00e1 un total de 1,525 kil\u00f3metros, contar\u00e1 con 20 estaciones y representar\u00e1 un potencial de 190 atractivos tur\u00edsticos de alto impacto\u201d, declar\u00f3.<br \/>\nTorruco Marqu\u00e9s agreg\u00f3 tambi\u00e9n, que Mundo Maya cuenta con grandes atractivos naturales y culturales como el \u201cGran Agujero Azul\u201d, cueva submarina considerada una de las m\u00e1s profundas del mundo en Belice, y la Zona Arqueol\u00f3gica \u201cJoya de Cer\u00e9n\u201d, Patrimonio Cultural de la Humanidad, en El Salvador.<br \/>\nAsimismo, est\u00e1 la Reserva de la Bi\u00f3sfera de R\u00edo Pl\u00e1tano, Patrimonio Natural de la Humanidad en Honduras; el \u201cParque Nacional Tikal\u201d, que alberga una de las zonas arqueol\u00f3gicas m\u00e1s importantes de la Civilizaci\u00f3n Maya, en Guatemala; o el Ca\u00f1\u00f3n del Sumidero, en M\u00e9xico, imponente obra de la naturaleza, cuya formaci\u00f3n inici\u00f3<img decoding=\"async\" class=\"size-medium wp-image-371543 alignright\" src=\"https:\/\/dimensionturistica.com\/es\/wp-content\/uploads\/2022\/08\/Mundo-Maya-3-300x219.jpeg\" alt=\"\" width=\"300\" height=\"219\" srcset=\"https:\/\/dimensionturistica.com\/es\/wp-content\/uploads\/2022\/08\/Mundo-Maya-3-300x219.jpeg 300w, https:\/\/dimensionturistica.com\/es\/wp-content\/uploads\/2022\/08\/Mundo-Maya-3-768x562.jpeg 768w, https:\/\/dimensionturistica.com\/es\/wp-content\/uploads\/2022\/08\/Mundo-Maya-3-750x549.jpeg 750w, https:\/\/dimensionturistica.com\/es\/wp-content\/uploads\/2022\/08\/Mundo-Maya-3.jpeg 1024w\" sizes=\"(max-width: 300px) 100vw, 300px\" \/> hace m\u00e1s de 70 millones de a\u00f1os.<br \/>\nEn este sentido enfatiz\u00f3 que la regi\u00f3n Mundo Maya debe seguir trabajando en la integraci\u00f3n regional de paquetes, y as\u00ed aprovechar las corrientes tur\u00edsticas de los distintos nichos de mercado que se detonaron a ra\u00edz de la pandemia.<br \/>\n\u201cHoy celebramos 30 a\u00f1os de acciones que potencializan a una de las zonas del mundo con mayor biodiversidad, historia y cultura, a fin de que nuestros visitantes nacionales e internacionales, tengan un amplio abanico de posibilidades para conocer y disfrutar en esta enigm\u00e1tica regi\u00f3n\u201d, dijo el titular de Sectur.<br \/>\nSubray\u00f3 que como un gesto de amistad, uni\u00f3n y fraternidad hacia los pa\u00edses que conforman el Mundo Maya, se abrieron las puertas de la 47 edici\u00f3n del Tianguis Tur\u00edstico, para que nuestras naciones hermanas participen y proyecten al mundo su inmensa riqueza natural y cultural.<br \/>\nEl evento m\u00e1s importante de Am\u00e9rica Latina en materia de turismo, se realizar\u00e1 del 26 al 29 de marzo del 2023, por primera vez en la Ciudad de M\u00e9xico, y romper\u00e1 todos los r\u00e9cords de las 46 ediciones anteriores.<br \/>\nEl secretario de Turismo destac\u00f3 que la recuperaci\u00f3n del turismo en M\u00e9xico es una realidad, gracias a las pol\u00edticas implementadas por el presidente Andr\u00e9s Manuel L\u00f3pez Obrador, pues en nuestro pa\u00eds solo hubo una ca\u00edda de 46%, mientas que el promedio mundial fue de 76% y las grandes potencias registraron entre 84% y 92%.<br \/>\nLa secretaria T\u00e9cnica Permanente de la Organizaci\u00f3n Mundo Maya, Ana Beatriz Gonz\u00e1lez, hizo un recuento<img decoding=\"async\" class=\"size-medium wp-image-371546 alignright\" src=\"https:\/\/dimensionturistica.com\/es\/wp-content\/uploads\/2022\/08\/Mundo-Maya-4-300x220.jpeg\" alt=\"\" width=\"300\" height=\"220\" srcset=\"https:\/\/dimensionturistica.com\/es\/wp-content\/uploads\/2022\/08\/Mundo-Maya-4-300x220.jpeg 300w, https:\/\/dimensionturistica.com\/es\/wp-content\/uploads\/2022\/08\/Mundo-Maya-4-768x564.jpeg 768w, https:\/\/dimensionturistica.com\/es\/wp-content\/uploads\/2022\/08\/Mundo-Maya-4-750x551.jpeg 750w, https:\/\/dimensionturistica.com\/es\/wp-content\/uploads\/2022\/08\/Mundo-Maya-4.jpeg 1024w\" sizes=\"(max-width: 300px) 100vw, 300px\" \/> hist\u00f3rico de los or\u00edgenes de esta iniciativa surgida en agosto de 1992, con la misi\u00f3n de ser un organismo extraterritorial regional que coordine y estimule el desarrollo tur\u00edstico sostenible, para que a nivel mundial, la herencia de la Cultura Maya, sea reconocida por las actuales y futuras generaciones.<br \/>\nDurante el primer d\u00eda de actividades de la Celebraci\u00f3n del 30 Aniversario de la Organizaci\u00f3n Mundo Maya, se present\u00f3 la oferta tur\u00edstica de cada uno de estados de M\u00e9xico que integran la regi\u00f3n Maya: Campeche, Chiapas, Quintana Roo, Tabasco y Yucat\u00e1n.<br \/>\nEn el encuentro virtual estuvieron presentes, el subsecretario de Turismo, Humberto Hern\u00e1ndez Haddad, los secretarios de Turismo de Chiapas, Katyna de la Vega; de Quintana Roo, Bernardo Cueto Riestra, y de Tabasco, Jos\u00e9 Antonio Nieves; as\u00ed como \u00d3scar Mej\u00eda Mendiz\u00e1bal, subsecretario de Turismo de Campeche; y Miguel Andr\u00e9s Hern\u00e1ndez, subsecretario de Inteligencia de Mercados de Sefotur Yucat\u00e1n, entre otros.<br \/>\nA lo largo de esta semana, cada pa\u00eds que integra la Organizaci\u00f3n Mundo Maya presentar\u00e1 su oferta tur\u00edstica, misma que ser\u00e1 transmitida en la p\u00e1gina oficial de Facebook de la Secretar\u00eda de Turismo de M\u00e9xico.<\/p>\n","protected":false},"excerpt":{"rendered":"<p>Recuerdo que asistiendo a la Reuni\u00f3n en la ciudad de Guatemala\u00a0 donde seria nombrado el Director del naciente programa del Mundo Maya, ah\u00ed se encontraba presente Oscar Espinosa Villarreal donde los representantes de cada uno de los pasases integrantes del Mundo Maya Votaron de que el fuera el presidente de ese organismo el cual rechazo [&hellip;]<\/p>\n","protected":false},"author":1,"featured_media":371542,"comment_status":"open","ping_status":"closed","sticky":false,"template":"","format":"standard","meta":{"om_disable_all_campaigns":false,"jnews-multi-image_gallery":[],"jnews_single_post":{"source_name":"","source_url":"","via_name":"","via_url":"","override_template":"0","override":[{"template":"1","single_blog_custom":"","parallax":"1","fullscreen":"1","layout":"right-sidebar","sidebar":"default-sidebar","second_sidebar":"default-sidebar","sticky_sidebar":"1","share_position":"top","share_float_style":"share-monocrhome","show_share_counter":"1","show_view_counter":"1","show_featured":"1","show_post_meta":"1","show_post_author":"1","show_post_author_image":"1","show_post_date":"1","post_date_format":"default","post_date_format_custom":"Y\/m\/d","show_post_category":"1","show_post_reading_time":"0","post_reading_time_wpm":"300","show_zoom_button":"0","zoom_button_out_step":"2","zoom_button_in_step":"3","show_post_tag":"1","show_prev_next_post":"1","show_popup_post":"1","number_popup_post":"1","show_author_box":"0","show_post_related":"0","show_inline_post_related":"0"}],"override_image_size":"0","image_override":[{"single_post_thumbnail_size":"crop-500","single_post_gallery_size":"crop-500"}],"trending_post":"0","trending_post_position":"meta","trending_post_label":"Trending","sponsored_post":"0","sponsored_post_label":"Sponsored by","sponsored_post_name":"","sponsored_post_url":"","sponsored_post_logo_enable":"0","sponsored_post_logo":"","sponsored_post_desc":"","disable_ad":"0"},"jnews_primary_category":{"id":""},"jnews_social_meta":{"fb_title":"","fb_description":"","fb_image":"","twitter_title":"","twitter_description":"","twitter_image":""},"footnotes":""},"categories":[40],"tags":[],"class_list":["post-371525","post","type-post","status-publish","format-standard","has-post-thumbnail","hentry","category-industria"],"_links":{"self":[{"href":"https:\/\/dimensionturistica.com\/es\/wp-json\/wp\/v2\/posts\/371525","targetHints":{"allow":["GET"]}}],"collection":[{"href":"https:\/\/dimensionturistica.com\/es\/wp-json\/wp\/v2\/posts"}],"about":[{"href":"https:\/\/dimensionturistica.com\/es\/wp-json\/wp\/v2\/types\/post"}],"author":[{"embeddable":true,"href":"https:\/\/dimensionturistica.com\/es\/wp-json\/wp\/v2\/users\/1"}],"replies":[{"embeddable":true,"href":"https:\/\/dimensionturistica.com\/es\/wp-json\/wp\/v2\/comments?post=371525"}],"version-history":[{"count":0,"href":"https:\/\/dimensionturistica.com\/es\/wp-json\/wp\/v2\/posts\/371525\/revisions"}],"wp:featuredmedia":[{"embeddable":true,"href":"https:\/\/dimensionturistica.com\/es\/wp-json\/wp\/v2\/media\/371542"}],"wp:attachment":[{"href":"https:\/\/dimensionturistica.com\/es\/wp-json\/wp\/v2\/media?parent=371525"}],"wp:term":[{"taxonomy":"category","embeddable":true,"href":"https:\/\/dimensionturistica.com\/es\/wp-json\/wp\/v2\/categories?post=371525"},{"taxonomy":"post_tag","embeddable":true,"href":"https:\/\/dimensionturistica.com\/es\/wp-json\/wp\/v2\/tags?post=371525"}],"curies":[{"name":"wp","href":"https:\/\/api.w.org\/{rel}","templated":true}]}}