{"id":371492,"date":"2022-08-17T16:29:07","date_gmt":"2022-08-17T16:29:07","guid":{"rendered":"https:\/\/dimensionturistica.com\/es\/?p=371492"},"modified":"2022-08-17T16:29:07","modified_gmt":"2022-08-17T16:29:07","slug":"conoce-los-efectos-positivos-de-viajar-en-vacaciones-para-tu-salud","status":"publish","type":"post","link":"https:\/\/dimensionturistica.com\/es\/conoce-los-efectos-positivos-de-viajar-en-vacaciones-para-tu-salud\/","title":{"rendered":"Conoce los efectos positivos de viajar en vacaciones para tu salud"},"content":{"rendered":"<p> <br \/>\n<\/p>\n<div>\n<figure class=\"article-image\">\n\t\t\t<img decoding=\"async\" src=\"https:\/\/laopinion.com\/wp-content\/uploads\/sites\/3\/2022\/08\/viajar_shutterstock_1906182115.jpg?quality=80&amp;strip=all&amp;w=1200\" srcset=\"https:\/\/laopinion.com\/wp-content\/uploads\/sites\/3\/2022\/08\/viajar_shutterstock_1906182115.jpg?quality=80&amp;strip=all&amp;w=400 400w, https:\/\/laopinion.com\/wp-content\/uploads\/sites\/3\/2022\/08\/viajar_shutterstock_1906182115.jpg?quality=80&amp;strip=all&amp;w=600 600w, https:\/\/laopinion.com\/wp-content\/uploads\/sites\/3\/2022\/08\/viajar_shutterstock_1906182115.jpg?quality=80&amp;strip=all&amp;w=960 960w, https:\/\/laopinion.com\/wp-content\/uploads\/sites\/3\/2022\/08\/viajar_shutterstock_1906182115.jpg?quality=80&amp;strip=all&amp;w=1200 1200w\" width=\"1200\" height=\"675\" sizes=\"50vw\" alt=\"De acuerdo a la investigaci\u00f3n, el turismo se presenta como una forma posible de mejorar el bienestar de los pacientes con demencia. \"\/><figcaption class=\"image-caption\">\n\t\t\t\t\tDe acuerdo a la investigaci\u00f3n, el turismo se presenta como una forma posible de mejorar el bienestar de los pacientes con demencia. \t\t\t\t<\/figcaption><\/figure>\n<p>\n\t\t\t\tFoto:<br \/>\n\t\t\t\tI-ing \/ Shutterstock\t\t\t<\/p>\n<\/p><\/div>\n<div>\n<p><strong>Viajar es uno de los grandes placeres en la vida de los seres humanos<\/strong>, conocer nuevos platillos, lugares, culturas, personas y almacenar en la memoria paisajes que ser\u00e1n inolvidables hace que la aventura del turismo sea algo a lo que siempre queramos volver.<\/p>\n<p>Recientemente, un grupo de investigadores \u00a0de la universidad australiana Edith Cowan College desarroll\u00f3 un <a rel=\"nofollow noopener\" target=\"_blank\" href=\"https:\/\/www.sciencedirect.com\/science\/article\/abs\/pii\/S0261517722000693\">estudio<\/a> que ha sido publicado en la revista <em>\u2018Tourism Management\u2019<\/em> en donde confirman cient\u00edficamente los efectos de los viajes en la salud.<\/p>\n<p>\u201cSe ha descubierto que el turismo refuerza la salud f\u00edsica y psicol\u00f3gica\u201d, explica el physician Jun Wen, autor principal del informe. Los expertos revelan que hay dos aspectos clave que se producen cuando se viaja durante las vacaciones. Por un lado, hay componente de diversi\u00f3n. Por el otro, hay un cambio de mentalidad. Ambos convergen en experiencias afectivas, cognitivas y sensoriales que explotan los beneficios del viaje.<\/p>\n<p><center\/><\/p>\n<p>En vacaciones se realizan actividades que facilitan unas condiciones que incluso podr\u00edan sustituir algunas terapias. Por ejemplo, el placer de viajar, disponer de tiempo a largo plazo o concentrarse \u00fanicamente en el turismo, suponen una experiencia afectiva positiva.<\/p>\n<h2>Viajar es una forma de combatir la demencia<\/h2>\n<p>El estudio que prev\u00e9 publicarse formalmente en octubre de este a\u00f1o, asevera que <strong>\u201cel turismo se presenta como una forma posible de mejorar el bienestar de los pacientes con demencia<\/strong> como complemento de las intervenciones no farmacol\u00f3gicas\u201d.<\/p>\n<p>La demencia es un trastorno neurol\u00f3gico que altera la capacidad de una persona para pensar, razonar y recordar. La mayor\u00eda de las veces, la demencia afecta a las personas mayores, pero en algunos casos, tambi\u00e9n puede ocurrir en adultos m\u00e1s j\u00f3venes.<\/p>\n<p>De acuerdo con el <a rel=\"nofollow noopener\" target=\"_blank\" href=\"https:\/\/www.nia.nih.gov\/health\/alzheimers\">Instituto Nacional sobre el Envejecimiento (NIH)<\/a> la enfermedad de Alzheimer (EA) es la forma m\u00e1s com\u00fan de demencia.<\/p>\n<p>Otro de los aspectos relevantes y en los que influye el conocer otros lugares, es la actividad f\u00edsica que se genera con los paseos de lugar en lugar. En ese sentido, el physician Wen destaca que \u201cel ejercicio se ha relacionado con el bienestar y viajar con frecuencia implica una mayor actividad f\u00edsica, como caminar\u201d.<\/p>\n<p>\u201cLos expertos m\u00e9dicos pueden recomendar tratamientos para la demencia como terapia musical, ejercicio, simulaci\u00f3n cognitivas, terapia de reminiscencia, estimulaci\u00f3n sensorial y adaptaciones del paciente al ambiente. Todas estas cosas tambi\u00e9n las podemos encontrar con frecuencia cuando nos vamos de vacaciones\u201d, sostiene el physician Wen.<\/p>\n<p><center\/><\/p>\n<p><strong>Tambi\u00e9n puede leer:<br \/><a rel=\"nofollow noopener\" target=\"_blank\" href=\"https:\/\/laopinion.com\/2022\/08\/16\/los-humanos-no-estamos-hechos-para-estar-despiertos-despues-de-medianoche-advierten-cientificos\/\">Los humanos no estamos hechos para estar despiertos despu\u00e9s de medianoche, advierten cient\u00edficos<\/a><br \/><a rel=\"nofollow noopener\" target=\"_blank\" href=\"https:\/\/laopinion.com\/2022\/08\/15\/adultos-mayores-con-prediabetes-deben-preocuparse-por-la-diabetes\/\">Adultos mayores con prediabetes, \u00bfdeben preocuparse por la diabetes?<\/a><\/strong><\/p>\n<\/p><\/div>\n\n<p><em> &#8221; Fuentes laopinion.com &#8221; <\/em><\/p>\n","protected":false},"excerpt":{"rendered":"<p>De acuerdo a la investigaci\u00f3n, el turismo se presenta como una forma posible de mejorar el bienestar de los pacientes con demencia. Foto: I-ing \/ Shutterstock Viajar es uno de los grandes placeres en la vida de los seres humanos, conocer nuevos platillos, lugares, culturas, personas y almacenar en la memoria paisajes que ser\u00e1n inolvidables [&hellip;]<\/p>\n","protected":false},"author":4,"featured_media":371493,"comment_status":"open","ping_status":"closed","sticky":false,"template":"","format":"standard","meta":{"om_disable_all_campaigns":false,"jnews-multi-image_gallery":[],"jnews_single_post":[],"jnews_primary_category":[],"jnews_social_meta":[],"footnotes":""},"categories":[39],"tags":[1861,790],"class_list":["post-371492","post","type-post","status-publish","format-standard","has-post-thumbnail","hentry","category-viajes","tag-vacaciones","tag-viajar"],"_links":{"self":[{"href":"https:\/\/dimensionturistica.com\/es\/wp-json\/wp\/v2\/posts\/371492","targetHints":{"allow":["GET"]}}],"collection":[{"href":"https:\/\/dimensionturistica.com\/es\/wp-json\/wp\/v2\/posts"}],"about":[{"href":"https:\/\/dimensionturistica.com\/es\/wp-json\/wp\/v2\/types\/post"}],"author":[{"embeddable":true,"href":"https:\/\/dimensionturistica.com\/es\/wp-json\/wp\/v2\/users\/4"}],"replies":[{"embeddable":true,"href":"https:\/\/dimensionturistica.com\/es\/wp-json\/wp\/v2\/comments?post=371492"}],"version-history":[{"count":0,"href":"https:\/\/dimensionturistica.com\/es\/wp-json\/wp\/v2\/posts\/371492\/revisions"}],"wp:featuredmedia":[{"embeddable":true,"href":"https:\/\/dimensionturistica.com\/es\/wp-json\/wp\/v2\/media\/371493"}],"wp:attachment":[{"href":"https:\/\/dimensionturistica.com\/es\/wp-json\/wp\/v2\/media?parent=371492"}],"wp:term":[{"taxonomy":"category","embeddable":true,"href":"https:\/\/dimensionturistica.com\/es\/wp-json\/wp\/v2\/categories?post=371492"},{"taxonomy":"post_tag","embeddable":true,"href":"https:\/\/dimensionturistica.com\/es\/wp-json\/wp\/v2\/tags?post=371492"}],"curies":[{"name":"wp","href":"https:\/\/api.w.org\/{rel}","templated":true}]}}