{"id":371487,"date":"2022-08-17T16:14:40","date_gmt":"2022-08-17T16:14:40","guid":{"rendered":"https:\/\/dimensionturistica.com\/es\/?p=371487"},"modified":"2022-08-17T16:14:40","modified_gmt":"2022-08-17T16:14:40","slug":"travelsale-evento-ofrecera-viajes-nacionales-e-internacionales-con-descuento","status":"publish","type":"post","link":"https:\/\/dimensionturistica.com\/es\/travelsale-evento-ofrecera-viajes-nacionales-e-internacionales-con-descuento\/","title":{"rendered":"TravelSale: Evento ofrecer\u00e1 viajes nacionales e internacionales con descuento"},"content":{"rendered":"<p> <br \/>\n<\/p>\n<div id=\"cuerpo-ad\">\n<p><strong>Entre el lunes 22 y el mi\u00e9rcoles 24 de agosto se llevar\u00e1 a cabo la sexta edici\u00f3n de <a rel=\"nofollow noopener\" target=\"_blank\" href=\"https:\/\/travelsale.cl\/#category\/all\">TravelSale<\/a><\/strong>, evento que ofrece viajes nacionales e internacionales con atractivos descuentos.<\/p>\n<p>La iniciativa est\u00e1 liderada por la C\u00e1mara de Comercio de Santiago, junto a la Asociaci\u00f3n Chilena de Empresas de Turismo y la Federaci\u00f3n de Empresas de Turismo de Chile.<\/p>\n<p>El evento tendr\u00e1 un \u00e9nfasis especial en los viajes a diversos lugares de Latinoam\u00e9rica y el Caribe, recordando que existen todas las condiciones para realizar trayectos seguros y la importancia de las medidas sanitarias.<\/p>\n<\/div>\n\n<p><em> &#8221; Fuentes cooperativa.cl &#8221; <\/em><\/p>\n","protected":false},"excerpt":{"rendered":"<p>Entre el lunes 22 y el mi\u00e9rcoles 24 de agosto se llevar\u00e1 a cabo la sexta edici\u00f3n de TravelSale, evento que ofrece viajes nacionales e internacionales con atractivos descuentos. La iniciativa est\u00e1 liderada por la C\u00e1mara de Comercio de Santiago, junto a la Asociaci\u00f3n Chilena de Empresas de Turismo y la Federaci\u00f3n de Empresas de [&hellip;]<\/p>\n","protected":false},"author":4,"featured_media":371488,"comment_status":"open","ping_status":"closed","sticky":false,"template":"","format":"standard","meta":{"om_disable_all_campaigns":false,"jnews-multi-image_gallery":[],"jnews_single_post":[],"jnews_primary_category":[],"jnews_social_meta":[],"footnotes":""},"categories":[39],"tags":[1794,544],"class_list":["post-371487","post","type-post","status-publish","format-standard","has-post-thumbnail","hentry","category-viajes","tag-pais","tag-turismo"],"_links":{"self":[{"href":"https:\/\/dimensionturistica.com\/es\/wp-json\/wp\/v2\/posts\/371487","targetHints":{"allow":["GET"]}}],"collection":[{"href":"https:\/\/dimensionturistica.com\/es\/wp-json\/wp\/v2\/posts"}],"about":[{"href":"https:\/\/dimensionturistica.com\/es\/wp-json\/wp\/v2\/types\/post"}],"author":[{"embeddable":true,"href":"https:\/\/dimensionturistica.com\/es\/wp-json\/wp\/v2\/users\/4"}],"replies":[{"embeddable":true,"href":"https:\/\/dimensionturistica.com\/es\/wp-json\/wp\/v2\/comments?post=371487"}],"version-history":[{"count":0,"href":"https:\/\/dimensionturistica.com\/es\/wp-json\/wp\/v2\/posts\/371487\/revisions"}],"wp:featuredmedia":[{"embeddable":true,"href":"https:\/\/dimensionturistica.com\/es\/wp-json\/wp\/v2\/media\/371488"}],"wp:attachment":[{"href":"https:\/\/dimensionturistica.com\/es\/wp-json\/wp\/v2\/media?parent=371487"}],"wp:term":[{"taxonomy":"category","embeddable":true,"href":"https:\/\/dimensionturistica.com\/es\/wp-json\/wp\/v2\/categories?post=371487"},{"taxonomy":"post_tag","embeddable":true,"href":"https:\/\/dimensionturistica.com\/es\/wp-json\/wp\/v2\/tags?post=371487"}],"curies":[{"name":"wp","href":"https:\/\/api.w.org\/{rel}","templated":true}]}}