{"id":371421,"date":"2022-08-17T13:38:02","date_gmt":"2022-08-17T13:38:02","guid":{"rendered":"https:\/\/dimensionturistica.com\/es\/?p=371421"},"modified":"2022-08-17T13:38:02","modified_gmt":"2022-08-17T13:38:02","slug":"invadiran-mexicanos-mundial-de-qatar-noticias","status":"publish","type":"post","link":"https:\/\/dimensionturistica.com\/es\/invadiran-mexicanos-mundial-de-qatar-noticias\/","title":{"rendered":"Invadir\u00e1n mexicanos Mundial de Qatar | Noticias"},"content":{"rendered":"<p> <br \/>\n<\/p>\n<div property=\"content:encoded\">\n<p>M\u00e9xico.- Pese a no tener fe en el Tricolor y estar a disgusto con el DT \u2018Tata\u2019 Martino, la afici\u00f3n mexicana agota paquetes que ofertan agencias de viaje para viajar al Mundial de Qatar 2022.<br \/>De acuerdo a reportes, Mundomex ya vendi\u00f3 los 12 mil 500 lugares que ofrec\u00eda para el torneo de noviembre, en su mayor\u00eda lugares con \u2018hospitality\u2019, la \u00fanica zona en la que podr\u00e1n comprar bebidas alcoh\u00f3licas en los estadios mundialistas.<br \/>Ayer, el canciller Marcelo Ebrard inform\u00f3 que ser\u00e1n m\u00e1s de 80 mil mexicanos los que asistan al Mundial de Qatar.\u00a0<\/p>\n<\/div>\n\n<p><em> &#8221; Fuentes www.diariodemorelos.com &#8221; <\/em><\/p>\n","protected":false},"excerpt":{"rendered":"<p>M\u00e9xico.- Pese a no tener fe en el Tricolor y estar a disgusto con el DT \u2018Tata\u2019 Martino, la afici\u00f3n mexicana agota paquetes que ofertan agencias de viaje para viajar al Mundial de Qatar 2022.De acuerdo a reportes, Mundomex ya vendi\u00f3 los 12 mil 500 lugares que ofrec\u00eda para el torneo de noviembre, en su [&hellip;]<\/p>\n","protected":false},"author":4,"featured_media":371422,"comment_status":"open","ping_status":"closed","sticky":false,"template":"","format":"standard","meta":{"om_disable_all_campaigns":false,"jnews-multi-image_gallery":[],"jnews_single_post":[],"jnews_primary_category":[],"jnews_social_meta":[],"footnotes":""},"categories":[40],"tags":[664],"class_list":["post-371421","post","type-post","status-publish","format-standard","has-post-thumbnail","hentry","category-industria","tag-deporte"],"_links":{"self":[{"href":"https:\/\/dimensionturistica.com\/es\/wp-json\/wp\/v2\/posts\/371421","targetHints":{"allow":["GET"]}}],"collection":[{"href":"https:\/\/dimensionturistica.com\/es\/wp-json\/wp\/v2\/posts"}],"about":[{"href":"https:\/\/dimensionturistica.com\/es\/wp-json\/wp\/v2\/types\/post"}],"author":[{"embeddable":true,"href":"https:\/\/dimensionturistica.com\/es\/wp-json\/wp\/v2\/users\/4"}],"replies":[{"embeddable":true,"href":"https:\/\/dimensionturistica.com\/es\/wp-json\/wp\/v2\/comments?post=371421"}],"version-history":[{"count":0,"href":"https:\/\/dimensionturistica.com\/es\/wp-json\/wp\/v2\/posts\/371421\/revisions"}],"wp:featuredmedia":[{"embeddable":true,"href":"https:\/\/dimensionturistica.com\/es\/wp-json\/wp\/v2\/media\/371422"}],"wp:attachment":[{"href":"https:\/\/dimensionturistica.com\/es\/wp-json\/wp\/v2\/media?parent=371421"}],"wp:term":[{"taxonomy":"category","embeddable":true,"href":"https:\/\/dimensionturistica.com\/es\/wp-json\/wp\/v2\/categories?post=371421"},{"taxonomy":"post_tag","embeddable":true,"href":"https:\/\/dimensionturistica.com\/es\/wp-json\/wp\/v2\/tags?post=371421"}],"curies":[{"name":"wp","href":"https:\/\/api.w.org\/{rel}","templated":true}]}}