{"id":370920,"date":"2022-08-16T16:14:07","date_gmt":"2022-08-16T16:14:07","guid":{"rendered":"https:\/\/dimensionturistica.com\/es\/?p=370920"},"modified":"2022-08-16T16:14:07","modified_gmt":"2022-08-16T16:14:07","slug":"presentaran-cubaunica-en-ciudades-colombianas-periodico-invasor","status":"publish","type":"post","link":"https:\/\/dimensionturistica.com\/es\/presentaran-cubaunica-en-ciudades-colombianas-periodico-invasor\/","title":{"rendered":"Presentar\u00e1n #CubaUnica en ciudades colombianas &#8211; Peri\u00f3dico Invasor"},"content":{"rendered":"<p> <br \/>\n<\/p>\n<div id=\"\">\n\t\t&#13;<\/p>\n<p>La embajada de Cuba, el Ministerio de Turismo de la isla y su oficina para Colombia, Per\u00fa, Brasil y Ecuador presentar\u00e1n en ciudades colombianas las novedades del destino #CubaUnica, confirm\u00f3 este martes Marianao Fern\u00e1ndez.<\/p>\n<p>&#13;<\/p>\n<p>El consejero de Turismo de Cuba para las cuatro naciones citadas, en declaraciones a Prensa Latina, explic\u00f3 que el objetivo es crear demanda, y ofrecer a los agentes de viajes la informaci\u00f3n common que garantice el conocimiento sobre el destino Cuba.<\/p>\n<p>&#13;<\/p>\n<p>Adem\u00e1s, actualizar a toda la purple de ventas sobre las novedades, atractivos, nuevos sitios de inter\u00e9s, servicios y actividades para el turista.<\/p>\n<p>&#13;<\/p>\n<p>Busca tambi\u00e9n la promoci\u00f3n del producto tur\u00edstico cubano de las diferentes regiones del pa\u00eds potenciando fundamentalmente: La Habana, los cayos, el oriente de Cuba y ciudades patrimoniales.<\/p>\n<p>&#13;<\/p>\n<p>Asimismo, detall\u00f3 que con estas acciones se promocionar\u00e1n eventos en lo que resta del 2022 y la Feria Internacional de Trurismo (FitCuba 2023).<\/p>\n<p>&#13;<\/p>\n<p>En todas las ciudades colombianas donde se har\u00e1 la presentaci\u00f3n (Barranquilla, Medell\u00edn, Cali, Bucaramanga y Bogot\u00e1), habr\u00e1 Workshop (momentos de coworking) con escritorios para todos quienes acompa\u00f1an desde Cuba y las agencias mayoristas colombianas donde se podr\u00e1 intercambiar con los invitados, puntuliz\u00f3.<\/p>\n<p>&#13;<\/p>\n<p>Tambi\u00e9n se dispondr\u00e1 durante el desayuno en los distintos hoteles donde se har\u00e1n las presentaciones de un tiempo para dar la informaci\u00f3n common de las ofertas tur\u00edsticas cubanas con \u00e9nfasis en la campa\u00f1a #CubaUnica y los servicios complementarios principales incorporados una vez reabierto el destino, agreg\u00f3.<\/p>\n<p>&#13;<\/p>\n<p>En todas las presentaciones \u2014dijo Fern\u00e1ndez\u2014 se har\u00e1n rifas al closing de cada evento y en todas las ciudades habr\u00e1 distribuci\u00f3n de folleter\u00eda common del destino proporcionada por el Ministerio de Turismo de Cuba y las ofertas concretas de agencias mayoristas con los paquetes tur\u00edsticos hasta cierre de temporada.<\/p>\n<p>&#13;<\/p>\n<p>Participar\u00e1 en estas jornadas de presentaci\u00f3n una amplia delegaci\u00f3n cubana y operadores mayoristas colombianos, prensa especializada, entre otros, precis\u00f3 el funcionario.<\/p>\n<\/p><\/div>\n\n<p><em> &#8221; Fuentes www.invasor.cu &#8221; <\/em><\/p>\n","protected":false},"excerpt":{"rendered":"<p>&#13; La embajada de Cuba, el Ministerio de Turismo de la isla y su oficina para Colombia, Per\u00fa, Brasil y Ecuador presentar\u00e1n en ciudades colombianas las novedades del destino #CubaUnica, confirm\u00f3 este martes Marianao Fern\u00e1ndez. &#13; El consejero de Turismo de Cuba para las cuatro naciones citadas, en declaraciones a Prensa Latina, explic\u00f3 que el [&hellip;]<\/p>\n","protected":false},"author":4,"featured_media":370921,"comment_status":"open","ping_status":"closed","sticky":false,"template":"","format":"standard","meta":{"om_disable_all_campaigns":false,"jnews-multi-image_gallery":[],"jnews_single_post":[],"jnews_primary_category":[],"jnews_social_meta":[],"footnotes":""},"categories":[40],"tags":[771,956,544],"class_list":["post-370920","post","type-post","status-publish","format-standard","has-post-thumbnail","hentry","category-industria","tag-colombia","tag-cuba","tag-turismo"],"_links":{"self":[{"href":"https:\/\/dimensionturistica.com\/es\/wp-json\/wp\/v2\/posts\/370920","targetHints":{"allow":["GET"]}}],"collection":[{"href":"https:\/\/dimensionturistica.com\/es\/wp-json\/wp\/v2\/posts"}],"about":[{"href":"https:\/\/dimensionturistica.com\/es\/wp-json\/wp\/v2\/types\/post"}],"author":[{"embeddable":true,"href":"https:\/\/dimensionturistica.com\/es\/wp-json\/wp\/v2\/users\/4"}],"replies":[{"embeddable":true,"href":"https:\/\/dimensionturistica.com\/es\/wp-json\/wp\/v2\/comments?post=370920"}],"version-history":[{"count":0,"href":"https:\/\/dimensionturistica.com\/es\/wp-json\/wp\/v2\/posts\/370920\/revisions"}],"wp:featuredmedia":[{"embeddable":true,"href":"https:\/\/dimensionturistica.com\/es\/wp-json\/wp\/v2\/media\/370921"}],"wp:attachment":[{"href":"https:\/\/dimensionturistica.com\/es\/wp-json\/wp\/v2\/media?parent=370920"}],"wp:term":[{"taxonomy":"category","embeddable":true,"href":"https:\/\/dimensionturistica.com\/es\/wp-json\/wp\/v2\/categories?post=370920"},{"taxonomy":"post_tag","embeddable":true,"href":"https:\/\/dimensionturistica.com\/es\/wp-json\/wp\/v2\/tags?post=370920"}],"curies":[{"name":"wp","href":"https:\/\/api.w.org\/{rel}","templated":true}]}}