{"id":370664,"date":"2022-08-15T23:15:37","date_gmt":"2022-08-15T23:15:37","guid":{"rendered":"https:\/\/dimensionturistica.com\/es\/?p=370664"},"modified":"2022-08-15T23:15:37","modified_gmt":"2022-08-15T23:15:37","slug":"chaves-suma-3-viajes-al-exterior-y-prepara-la-cuarta-salida","status":"publish","type":"post","link":"https:\/\/dimensionturistica.com\/es\/chaves-suma-3-viajes-al-exterior-y-prepara-la-cuarta-salida\/","title":{"rendered":"Chaves suma 3 viajes al exterior y prepara la cuarta salida"},"content":{"rendered":"<p> <br \/>\n<\/p>\n<div>\n<div class=\"gallery ng-cloak\">\n<uib-carousel ng-init=\"slides0=[{\" text=\"\" chaves=\"\" robles=\"\" presidente=\"\" de=\"\" la=\"\" rep=\"\" crh=\"\" interval=\"0\" no-wrap=\"false\"><br \/>\n<uib-slide ng-repeat=\"slide in slides0\" active=\"slide.active\" onclick=\"showModal(event)\" data-modal-hash=\"{{ ::slide.image }}\"><br \/>\n<img ng-if=\"slide.pos == 'hor'\" ng-src=\"https:\/\/www.crhoy.com\/nacionales\/chaves-suma-3-viajes-al-exterior-y-prepara-el-cuarto\/{{slide.image\" imgresponsive:=\"\" style=\"margin:auto;\"\/><br \/>\n<img ng-if=\"slide.pos == 'ver'\" ng-src=\"https:\/\/www.crhoy.com\/nacionales\/chaves-suma-3-viajes-al-exterior-y-prepara-el-cuarto\/{{slide.image\" imgresponsive:=\"\" style=\"margin:auto;\"\/><\/p>\n<p class=\"caption-text-slider simple\" ng-if=\"slides0.length &lt; 2 &amp;&amp; slide.text.length&gt;0\">{{slide.text | html}}<\/p>\n<p class=\"caption-text-slider \" ng-if=\"slides0.length &gt; 1 &amp;&amp; slides0.length &lt; 14\">{{slide.text | html}}<\/p>\n<p class=\"caption-text-slider doble-movil\" ng-if=\"slides0.length &gt; 13\">{{slide.text | html}}<\/p>\n<p><\/uib-slide><br \/>\n<a rel=\"nofollow noopener\" target=\"_blank\" ng-show=\"slides0.length &gt; 1\" class=\"flecha-galeria flecha-izq\"><span aria-hidden=\"true\" class=\"glyphicon glyphicon-chevron-left\"\/><\/a><br \/>\n<a rel=\"nofollow noopener\" target=\"_blank\" ng-show=\"slides0.length &gt; 1\" class=\"flecha-galeria flecha-der\"><span aria-hidden=\"true\" class=\"glyphicon glyphicon-chevron-right\"\/><\/a><br \/>\n<\/uib-carousel>\n<\/div>\n<p>(CRHoy.com).-El presidente, Rodrigo Chaves Robles, <strong>realiz\u00f3 3 giras internacionales en los primeros 100 d\u00edas de su administraci\u00f3n.<\/strong><\/p>\n<p>En estos poco m\u00e1s de 3 meses al frente del gobierno el mandatario realiz\u00f3 3 visitas de car\u00e1cter internacional.\u00a0Entre el 22 y 27 de mayo Chaves estuvo en <strong>Davos, Suiza, en donde particip\u00f3 de la Reuni\u00f3n del Foro Econ\u00f3mico Mundial<\/strong>. Posteriormente,\u00a0del 7 al 11 de junio el mandatario estuvo en<strong> Los \u00c1ngeles, Estados Unidos en el marco de la IX Cumbre de las Am\u00e9ricas.\u00a0<\/strong><\/p>\n<p>Finalmente, estuvo en <strong>Colombia<\/strong> entre el 6 y\u00a08 de agosto anterior con motivo al acto de<strong> toma de posesi\u00f3n del presidente de Colombia, Gustavo Preto Urrego.<\/strong><\/p>\n<h2>En preparativos para Nueva York<\/h2>\n<p>Para el mes de septiembre Chaves volver\u00e1\u00a0alistar sus maletas. <strong>El gobernante tiene previsto viajar a Nueva York, en Estados Unidos, para participar de la asamblea general de las Naciones Unidas (ONU).<\/strong><\/p>\n<p>De manera extraoficial el mandatario ir\u00eda a la Gran Manzana <strong>en compa\u00f1\u00eda del canciller, Arnoldo Andr\u00e9 Tinoco; la ministra de Educaci\u00f3n,\u00a0Anna Katharina M\u00fcller y el vicecanciller en Asuntos Multilaterales, Christian Guillermet<\/strong>, seg\u00fan consta en el acuerdo de viaje para los preparativos del viaje realizados en la Casa Amarilla para sus jerarcas.<\/p>\n<p>Seg\u00fan el documento, las actividades en Nueva York arrancar\u00e1n el\u00a019 de septiembre con una cumbre sobre la transformaci\u00f3n de la educaci\u00f3n. Entre el 20 y 26 de ese mes ser\u00e1 el debate internacional en la asamblea general de la ONU.<\/p>\n<p>De momento, se desconoce las fechas espec\u00edficas en las que el gobernante estar\u00e1 en la ciudad estadounidense.<\/p>\n<h2><strong>Viajes antes que Alvarado y Sol\u00eds<\/strong><\/h2>\n<p>El presidente Chaves Robles se le adelant\u00f3 a sus dos predecesores inmediatos en lo que al inicio de sus compromisos internacionales se refiere.\u00a0<strong>Chaves arranc\u00f3 su agenda de viajes al exterior antes que los expresidentes Carlos Alvarado Quesada (2018-2022) y Luis Guillermo Sol\u00eds Rivera (2014-2018).\u00a0<\/strong><\/p>\n<p>Seg\u00fan el archivo de\u00a0<em>CRHoy.com<\/em>\u00a0los expresidentes Alvarado y Sol\u00eds dejaron pasar su primer mes de gesti\u00f3n para hacer su\u00a0primer viaje al exterior.<\/p>\n<p><strong>En el caso de Alvarado, su primera salida fue a Washington D.C., capital de los Estados Unidos, entre el 12\u00a0 y 14 de junio de 2018<\/strong>, m\u00e1s de un mes despu\u00e9s de haber arrancado su administraci\u00f3n.<\/p>\n<p>En esos 2 primeros d\u00edas en la capital estadounidense, Alvarado sostuvo reuniones con representantes del Senado y de la C\u00e1mara de Representantes de la naci\u00f3n norteamericana. Tambi\u00e9n se reuni\u00f3 con autoridades del Banco Interamericano de Desarrollo (BID) y de la Organizaci\u00f3n de los Estados Americanos (OEA).<\/p>\n<p>Por su parte, Sol\u00eds esper\u00f3 hasta el 1 de\u00a0junio de 2014 para dejar el territorio nacional tras\u00a0arrancar su administraci\u00f3n.\u00a0<strong>Esa gira fue a El Salvador, para participar de la toma de posesi\u00f3n del entonces presidente, Salvador S\u00e1nchez.\u00a0<\/strong><\/p>\n<p>Pero ese no fue el \u00fanico viaje de Sol\u00eds ese mes.\u00a0<strong>Una semana despu\u00e9s de ese primer\u00a0vuelo, el entonces mandatario\u00a0se fue una semana a una gira de atracci\u00f3n de inversiones por las ciudades estadounidenses de San Francisco, Nueva York y Washington.<\/strong><\/p>\n<p>La que si se adelant\u00f3 a Chaves fue la expresidenta Laura Chinchilla Miranda (2010-2014).\u00a0<strong>La primera mujer presidenta de la Rep\u00fablica solo espero 1 semana para\u00a0hacer maletas e irse a su primera gira internacional.\u00a0<\/strong>El primer destino de Chinchilla fue Espa\u00f1a el 15 de mayo de 2010, es decir, 7 d\u00edas despu\u00e9s de su toma de posesi\u00f3n.<\/p>\n<p>La expresidenta acudi\u00f3 al viejo continente a sostener reuniones con las autoridades europeas en el marco de la firma del Acuerdo de Asociaci\u00f3n entre la Uni\u00f3n Europea, Am\u00e9rica Latina y el Caribe. El primer periplo de la expresidenta Chinchilla se extendi\u00f3 por 8 d\u00edas.<\/p>\n<\/div>\n<p><script async defer crossorigin=\"anonymous\" src=\"https:\/\/connect.facebook.net\/en_US\/sdk.js#xfbml=1&#038;version=v10.0&#038;appId=680376892387894&#038;autoLogAppEvents=1\" nonce=\"RpjDP7dL\"><\/script><br \/>\n<br \/><\/p>\n<p><em> &#8221; Fuentes www.crhoy.com &#8221; <\/em><\/p>\n","protected":false},"excerpt":{"rendered":"<p>{{slide.text | html}} {{slide.text | html}} {{slide.text | html}} (CRHoy.com).-El presidente, Rodrigo Chaves Robles, realiz\u00f3 3 giras internacionales en los primeros 100 d\u00edas de su administraci\u00f3n. En estos poco m\u00e1s de 3 meses al frente del gobierno el mandatario realiz\u00f3 3 visitas de car\u00e1cter internacional.\u00a0Entre el 22 y 27 de mayo Chaves estuvo en Davos, [&hellip;]<\/p>\n","protected":false},"author":4,"featured_media":370665,"comment_status":"open","ping_status":"closed","sticky":false,"template":"","format":"standard","meta":{"om_disable_all_campaigns":false,"jnews-multi-image_gallery":[],"jnews_single_post":[],"jnews_primary_category":[],"jnews_social_meta":[],"footnotes":""},"categories":[39],"tags":[1081,44695,44693,44694,3588,3587,1197,706,2144],"class_list":["post-370664","post","type-post","status-publish","format-standard","has-post-thumbnail","hentry","category-viajes","tag-costa-rica","tag-hackeo-ministerio-hacienda","tag-lo-que-pasa-cuando-pasa","tag-noticias-24-7","tag-noticias-internacionales","tag-noticias-nacionales","tag-periodico-digital","tag-ultima-hora","tag-ultimas-noticias"],"_links":{"self":[{"href":"https:\/\/dimensionturistica.com\/es\/wp-json\/wp\/v2\/posts\/370664","targetHints":{"allow":["GET"]}}],"collection":[{"href":"https:\/\/dimensionturistica.com\/es\/wp-json\/wp\/v2\/posts"}],"about":[{"href":"https:\/\/dimensionturistica.com\/es\/wp-json\/wp\/v2\/types\/post"}],"author":[{"embeddable":true,"href":"https:\/\/dimensionturistica.com\/es\/wp-json\/wp\/v2\/users\/4"}],"replies":[{"embeddable":true,"href":"https:\/\/dimensionturistica.com\/es\/wp-json\/wp\/v2\/comments?post=370664"}],"version-history":[{"count":0,"href":"https:\/\/dimensionturistica.com\/es\/wp-json\/wp\/v2\/posts\/370664\/revisions"}],"wp:featuredmedia":[{"embeddable":true,"href":"https:\/\/dimensionturistica.com\/es\/wp-json\/wp\/v2\/media\/370665"}],"wp:attachment":[{"href":"https:\/\/dimensionturistica.com\/es\/wp-json\/wp\/v2\/media?parent=370664"}],"wp:term":[{"taxonomy":"category","embeddable":true,"href":"https:\/\/dimensionturistica.com\/es\/wp-json\/wp\/v2\/categories?post=370664"},{"taxonomy":"post_tag","embeddable":true,"href":"https:\/\/dimensionturistica.com\/es\/wp-json\/wp\/v2\/tags?post=370664"}],"curies":[{"name":"wp","href":"https:\/\/api.w.org\/{rel}","templated":true}]}}