{"id":370577,"date":"2022-08-15T20:55:53","date_gmt":"2022-08-15T20:55:53","guid":{"rendered":"https:\/\/dimensionturistica.com\/es\/?p=370577"},"modified":"2022-08-15T20:55:53","modified_gmt":"2022-08-15T20:55:53","slug":"siete-rincones-para-visitar-en-oaxaca","status":"publish","type":"post","link":"https:\/\/dimensionturistica.com\/es\/siete-rincones-para-visitar-en-oaxaca\/","title":{"rendered":"Siete rincones para visitar en Oaxaca"},"content":{"rendered":"<p><img decoding=\"async\" class=\"size-medium wp-image-370601 alignright\" src=\"https:\/\/dimensionturistica.com\/es\/wp-content\/uploads\/2022\/08\/CLUB1-300x169.jpg\" alt=\"\" width=\"300\" height=\"169\" srcset=\"https:\/\/dimensionturistica.com\/es\/wp-content\/uploads\/2022\/08\/CLUB1-300x169.jpg 300w, https:\/\/dimensionturistica.com\/es\/wp-content\/uploads\/2022\/08\/CLUB1.jpg 450w\" sizes=\"(max-width: 300px) 100vw, 300px\" \/>El estado de Oaxaca es un para\u00edso cultural y gastron\u00f3mico, como muestra de ello en 1987 fue declarado el Centro Hist\u00f3rico de Oaxaca y la Ciudad Prehisp\u00e1nica de Monte Alb\u00e1n, como Patrimonio Cultural de la Humanidad por la UNESCO, y m\u00e1s tarde en 2010 las Cuevas Prehist\u00f3ricas de Yagul y Mitla en los Valles Centrales, consolid\u00e1ndose este estado como un referente cultural.<br \/>\nEn tu pr\u00f3ximo viaje a Oaxaca, no olvides recorrer sus sitios m\u00e1s emblem\u00e1ticos. Para ello, Club Premier, te comparte una gu\u00eda de los rincones que no debes dejar de conocer en tu pr\u00f3xima visita.<br \/>\nMercado 20 de noviembre: es un tesoro de la gastronom\u00eda mexicana y, por ende, uno de los sitios a los que debes hacer una parada obligada. Este lugar data de 1862 y cuenta con varias secciones, entre ellas el pasillo de<img decoding=\"async\" class=\"size-medium wp-image-370602 alignright\" src=\"https:\/\/dimensionturistica.com\/es\/wp-content\/uploads\/2022\/08\/CLUB2-300x169.jpg\" alt=\"\" width=\"300\" height=\"169\" srcset=\"https:\/\/dimensionturistica.com\/es\/wp-content\/uploads\/2022\/08\/CLUB2-300x169.jpg 300w, https:\/\/dimensionturistica.com\/es\/wp-content\/uploads\/2022\/08\/CLUB2.jpg 450w\" sizes=\"(max-width: 300px) 100vw, 300px\" \/> humo, un lugar que concentra las mejores carnes asadas de Oaxaca y que te enamorar\u00e1 desde el olfato. Dentro del mercado podr\u00e1s recorrer otros pasillos con preparaciones de platillos t\u00edpicos como las tlayudas, una variedad de moles y su tradicional pan de yema.<br \/>\nTierra del sol: restaurante ubicado en el centro de Oaxaca que es emblem\u00e1tico por sus platillos de tradici\u00f3n, los cuales resaltan sabores de la gastronom\u00eda mixteca, con una visi\u00f3n de promover la cocina sustentable. Su arquitectura es punto y aparte, una construcci\u00f3n hist\u00f3rica y muy tradicional, con una bella terraza y un sello caracter\u00edstico que se enaltece por los mosaicos y las vasijas de barro.<br \/>\nMazunte: una de las playas emblem\u00e1ticas de Oaxaca, valiosa para los turistas como un lugar de descanso y con una gran hospitalidad de la poblaci\u00f3n del lugar. Este sitio es ideal para reconectar con la naturaleza, santuario para la conservaci\u00f3n de especies en M\u00e9xico, como es el caso de la Tortuga Marina. Ideal para practicar yoga,<img decoding=\"async\" class=\"size-medium wp-image-370603 alignright\" src=\"https:\/\/dimensionturistica.com\/es\/wp-content\/uploads\/2022\/08\/CLUB3-300x225.jpg\" alt=\"\" width=\"300\" height=\"225\" srcset=\"https:\/\/dimensionturistica.com\/es\/wp-content\/uploads\/2022\/08\/CLUB3-300x225.jpg 300w, https:\/\/dimensionturistica.com\/es\/wp-content\/uploads\/2022\/08\/CLUB3.jpg 450w\" sizes=\"(max-width: 300px) 100vw, 300px\" \/> surf, paddle board, buceo y esn\u00f3rquel, y durante los meses de invierno se pueden apreciar avistamientos de ballenas.<br \/>\nMonte Alb\u00e1n: esta zona prehisp\u00e1nica es una de las m\u00e1s importantes en Mesoam\u00e9rica, en donde se desarroll\u00f3 la cultura zapoteca 500 A.C. Se caracterizaron por promover la agricultura del chile, frijol, calabaza, cacao, y por supuesto del ma\u00edz. Actualmente es una zona declarada patrimonio cultural de la humanidad y es visitada por turismo nacional e internacional. Este lugar es ideal para empaparse de cultura.<br \/>\nPluma Hidalgo: dentro de la sierra de Oaxaca se encuentra esta emblem\u00e1tica regi\u00f3n que destaca por su zona cafetalera. En esta zona se pueden hacer distintos recorridos para ver el proceso de siembra y recolecci\u00f3n, hasta llegar a la mesa. Algunas fincas encargadas de la producci\u00f3n y en las cuales se puede ver este proceso son: Providencia, Pac\u00edfico, Don Gabriel, La Caba\u00f1a, Tres Cruces, Independencia, entre otras.<br \/>\nJard\u00edn Etnobot\u00e1nico: el jard\u00edn se encuentra en el Centro Cultural de Santo Domingo, un antiguo convento<img decoding=\"async\" class=\"size-medium wp-image-370604 alignright\" src=\"https:\/\/dimensionturistica.com\/es\/wp-content\/uploads\/2022\/08\/CLUB4-300x200.jpg\" alt=\"\" width=\"300\" height=\"200\" srcset=\"https:\/\/dimensionturistica.com\/es\/wp-content\/uploads\/2022\/08\/CLUB4-300x200.jpg 300w, https:\/\/dimensionturistica.com\/es\/wp-content\/uploads\/2022\/08\/CLUB4.jpg 474w\" sizes=\"(max-width: 300px) 100vw, 300px\" \/> construido en el siglo XVI y XVII, el cual alberg\u00f3 a frailes Dominicos. Es un lugar para conocer cientos de especies de plantas originarias de Oaxaca, y donde queda claro la diversidad que tiene el estado, entre especies de zonas monta\u00f1osas con un clima h\u00famedo, hasta diferentes zonas \u00e1ridas.<br \/>\nLaguna Encantada de Tecomaxtlahuaca: su agua cristalina en <img decoding=\"async\" class=\"size-medium wp-image-370605 alignleft\" src=\"https:\/\/dimensionturistica.com\/es\/wp-content\/uploads\/2022\/08\/CLUB5-300x168.jpg\" alt=\"\" width=\"300\" height=\"168\" srcset=\"https:\/\/dimensionturistica.com\/es\/wp-content\/uploads\/2022\/08\/CLUB5-300x168.jpg 300w, https:\/\/dimensionturistica.com\/es\/wp-content\/uploads\/2022\/08\/CLUB5.jpg 474w\" sizes=\"(max-width: 300px) 100vw, 300px\" \/>tonalidad esmeralda te mantendr\u00e1 en un espacio de ensue\u00f1o, su profundidad de 50 metros no la hace apta para los nadadores, sin embargo, es un lugar donde podr\u00e1s acampar y para practicar senderismo; sin duda un lugar muy especial por su diversidad en flora y fauna.<br \/>\nSi quieres conocer m\u00e1s de Oaxaca y otros estados, consulta experiencias.clubpremier.com, el sitio ideal para conocer informaci\u00f3n de destinos y Experiencias \u00fanicas, al cual podr\u00e1s acceder al estar inscrito al Programa y acumular Puntos Premier en las distintas empresas afiliadas. Vive m\u00e1s aventuras y conoce lugares emblem\u00e1ticos, culturales y diversas actividades que esconde nuestro M\u00e9xico.<br \/>\n\u201cEncuentra lo mejor en cada Experiencia\u201d<\/p>\n","protected":false},"excerpt":{"rendered":"<p>El estado de Oaxaca es un para\u00edso cultural y gastron\u00f3mico, como muestra de ello en 1987 fue declarado el Centro Hist\u00f3rico de Oaxaca y la Ciudad Prehisp\u00e1nica de Monte Alb\u00e1n, como Patrimonio Cultural de la Humanidad por la UNESCO, y m\u00e1s tarde en 2010 las Cuevas Prehist\u00f3ricas de Yagul y Mitla en los Valles Centrales, [&hellip;]<\/p>\n","protected":false},"author":1,"featured_media":370606,"comment_status":"open","ping_status":"closed","sticky":false,"template":"","format":"standard","meta":{"om_disable_all_campaigns":false,"jnews-multi-image_gallery":[],"jnews_single_post":{"source_name":"","source_url":"","via_name":"","via_url":"","override_template":"0","override":[{"template":"1","single_blog_custom":"","parallax":"1","fullscreen":"1","layout":"right-sidebar","sidebar":"default-sidebar","second_sidebar":"default-sidebar","sticky_sidebar":"1","share_position":"top","share_float_style":"share-monocrhome","show_share_counter":"1","show_view_counter":"1","show_featured":"1","show_post_meta":"1","show_post_author":"1","show_post_author_image":"1","show_post_date":"1","post_date_format":"default","post_date_format_custom":"Y\/m\/d","show_post_category":"1","show_post_reading_time":"0","post_reading_time_wpm":"300","show_zoom_button":"0","zoom_button_out_step":"2","zoom_button_in_step":"3","show_post_tag":"1","show_prev_next_post":"1","show_popup_post":"1","number_popup_post":"1","show_author_box":"0","show_post_related":"0","show_inline_post_related":"0"}],"override_image_size":"0","image_override":[{"single_post_thumbnail_size":"crop-500","single_post_gallery_size":"crop-500"}],"trending_post":"0","trending_post_position":"meta","trending_post_label":"Trending","sponsored_post":"0","sponsored_post_label":"Sponsored by","sponsored_post_name":"","sponsored_post_url":"","sponsored_post_logo_enable":"0","sponsored_post_logo":"","sponsored_post_desc":"","disable_ad":"0"},"jnews_primary_category":{"id":""},"jnews_social_meta":{"fb_title":"","fb_description":"","fb_image":"","twitter_title":"","twitter_description":"","twitter_image":""},"footnotes":""},"categories":[39],"tags":[],"class_list":["post-370577","post","type-post","status-publish","format-standard","has-post-thumbnail","hentry","category-viajes"],"_links":{"self":[{"href":"https:\/\/dimensionturistica.com\/es\/wp-json\/wp\/v2\/posts\/370577","targetHints":{"allow":["GET"]}}],"collection":[{"href":"https:\/\/dimensionturistica.com\/es\/wp-json\/wp\/v2\/posts"}],"about":[{"href":"https:\/\/dimensionturistica.com\/es\/wp-json\/wp\/v2\/types\/post"}],"author":[{"embeddable":true,"href":"https:\/\/dimensionturistica.com\/es\/wp-json\/wp\/v2\/users\/1"}],"replies":[{"embeddable":true,"href":"https:\/\/dimensionturistica.com\/es\/wp-json\/wp\/v2\/comments?post=370577"}],"version-history":[{"count":0,"href":"https:\/\/dimensionturistica.com\/es\/wp-json\/wp\/v2\/posts\/370577\/revisions"}],"wp:featuredmedia":[{"embeddable":true,"href":"https:\/\/dimensionturistica.com\/es\/wp-json\/wp\/v2\/media\/370606"}],"wp:attachment":[{"href":"https:\/\/dimensionturistica.com\/es\/wp-json\/wp\/v2\/media?parent=370577"}],"wp:term":[{"taxonomy":"category","embeddable":true,"href":"https:\/\/dimensionturistica.com\/es\/wp-json\/wp\/v2\/categories?post=370577"},{"taxonomy":"post_tag","embeddable":true,"href":"https:\/\/dimensionturistica.com\/es\/wp-json\/wp\/v2\/tags?post=370577"}],"curies":[{"name":"wp","href":"https:\/\/api.w.org\/{rel}","templated":true}]}}