{"id":370348,"date":"2022-08-15T07:53:46","date_gmt":"2022-08-15T07:53:46","guid":{"rendered":"https:\/\/dimensionturistica.com\/es\/?p=370348"},"modified":"2022-08-15T07:53:46","modified_gmt":"2022-08-15T07:53:46","slug":"los-viajes-al-exterior-ralentizan-el-resurgir-de-las-agencias","status":"publish","type":"post","link":"https:\/\/dimensionturistica.com\/es\/los-viajes-al-exterior-ralentizan-el-resurgir-de-las-agencias\/","title":{"rendered":"Los viajes al exterior ralentizan el resurgir de las agencias"},"content":{"rendered":"<p> <br \/>\n<\/p>\n<div id=\"cph3Columnas_lblTextoNoticia\">\n<p>La recuperaci\u00f3n de la actividad de las agencias de viaje desde que estallara la pandemia no est\u00e1 siendo f\u00e1cil por ser un sector muy vol\u00e1til al que le puede afectar de manera inmediata cualquier circunstancia externa. Bien es cierto que la evoluci\u00f3n de las ventas este verano es superior a la de hace un a\u00f1o por la demanda de destinos nacionales, ya que todav\u00eda no se han alcanzado los niveles registrados en 2019 por la lenta reactivaci\u00f3n de los viajes al extranjero.<\/p>\n<p>La vicepresidenta de la Asociaci\u00f3n de Empresarios de Agencias de Viajes (Abeav), Gema Alonso, precisa que las restricciones permanecen en algunos destinos demandados como es el caso de Jap\u00f3n, donde no se puede entrar si no es con un recorrido organizado. A ello suma el \u00abmiedo\u00bb que persiste entre los ciudadanos, reticentes a desplazarse otros pa\u00edses por la excesiva distancias con sus lugares de origen. \u00abEgipto se ha vendido muy bien al ser seguro y no estar muy lejos de casa\u00bb, subraya.<\/p>\n<p>Las ventas al Caribe se mantiene \u00abactivas\u00bb en estos \u00faltimos a\u00f1os debido, principalmente, a los precios. En este sentido, Alonso asegura que el viaje puede resultar m\u00e1s barato que \u00abun resort de la costa nacional de cuatro estrellas\u00bb debido al alza generalizada de las tarifas de los alojamientos, que en junio ya se hab\u00edan incrementado en torno al 20%. Estas han seguido creciendo, seg\u00fan explica, porque \u00abson din\u00e1micas y suben en funci\u00f3n de la demanda existente\u00bb.<\/p>\n<p>Los burgaleses parecen haber optado por los destinos nacionales, con especial inter\u00e9s por C\u00e1diz o Huelva, aunque todas las costas \u00abest\u00e1n siendo muy demandas\u00bb. De hecho, la representante de la patronal de agencias independientes destaca la reactivaci\u00f3n de la Costa Brava, principalmente Salou y Cambrils, que contaban con escasas reservas en anteriores campa\u00f1as estivales.<\/p>\n<p>De cara a los meses de septiembre y octubre, que suelen ser fuertes para el colectivo, Alonso prefiere no realizar previsiones debido a la volatilizad del sector y la inflaci\u00f3n. \u00abSi contin\u00faan subiendo los precios, lo primero que suprimen los ciudadanos son los gastos en ocio\u00bb, remarca a la hora de explicar la incertidumbre que se vive en los negocios que, seg\u00fan sostiene, a\u00fan se encuentran entre un 15 y un 20% por debajo de los niveles de facturaci\u00f3n del ejercicio 2019. A modo de ejemplo, afirma que \u00abtodav\u00eda seguimos haciendo presupuestos que despu\u00e9s no se materializan\u00bb.<\/p>\n<p>Para alcanzarlos ser\u00e1 necesaria la recuperaci\u00f3n de los viajes internacionales porque \u00abno podemos vivir solo del turismo nacional\u00bb. Un objetivo que, a pesar de esa inquietud, el sector conf\u00eda en poder lograr durante este oto\u00f1o.<\/p>\n<\/div>\n<p><script>            (function (d, s, id) {\n                var js, fjs = d.getElementsByTagName(s)[0];\n                if (d.getElementById(id)) return;\n                js = d.createElement(s); js.id = id;\n                js.src = \"\/\/connect.facebook.net\/es_ES\/all.js#xfbml=1&appId=116151218426594\";\n                fjs.parentNode.insertBefore(js, fjs);\n            }(document, 'script', 'facebook-jssdk'));<\/script><br \/>\n<br \/><\/p>\n<p><em> &#8221; Fuentes www.diariodeburgos.es &#8221; <\/em><\/p>\n","protected":false},"excerpt":{"rendered":"<p>La recuperaci\u00f3n de la actividad de las agencias de viaje desde que estallara la pandemia no est\u00e1 siendo f\u00e1cil por ser un sector muy vol\u00e1til al que le puede afectar de manera inmediata cualquier circunstancia externa. Bien es cierto que la evoluci\u00f3n de las ventas este verano es superior a la de hace un a\u00f1o [&hellip;]<\/p>\n","protected":false},"author":4,"featured_media":370349,"comment_status":"open","ping_status":"closed","sticky":false,"template":"","format":"standard","meta":{"om_disable_all_campaigns":false,"jnews-multi-image_gallery":[],"jnews_single_post":[],"jnews_primary_category":[],"jnews_social_meta":[],"footnotes":""},"categories":[40],"tags":[5734,11518,7620,6740,2406,626,1620,2855,8997,545],"class_list":["post-370348","post","type-post","status-publish","format-standard","has-post-thumbnail","hentry","category-industria","tag-cadiz","tag-costa-brava","tag-egipto","tag-huelva","tag-japon","tag-pandemia","tag-precios","tag-restricciones","tag-salou","tag-viajes"],"_links":{"self":[{"href":"https:\/\/dimensionturistica.com\/es\/wp-json\/wp\/v2\/posts\/370348","targetHints":{"allow":["GET"]}}],"collection":[{"href":"https:\/\/dimensionturistica.com\/es\/wp-json\/wp\/v2\/posts"}],"about":[{"href":"https:\/\/dimensionturistica.com\/es\/wp-json\/wp\/v2\/types\/post"}],"author":[{"embeddable":true,"href":"https:\/\/dimensionturistica.com\/es\/wp-json\/wp\/v2\/users\/4"}],"replies":[{"embeddable":true,"href":"https:\/\/dimensionturistica.com\/es\/wp-json\/wp\/v2\/comments?post=370348"}],"version-history":[{"count":0,"href":"https:\/\/dimensionturistica.com\/es\/wp-json\/wp\/v2\/posts\/370348\/revisions"}],"wp:featuredmedia":[{"embeddable":true,"href":"https:\/\/dimensionturistica.com\/es\/wp-json\/wp\/v2\/media\/370349"}],"wp:attachment":[{"href":"https:\/\/dimensionturistica.com\/es\/wp-json\/wp\/v2\/media?parent=370348"}],"wp:term":[{"taxonomy":"category","embeddable":true,"href":"https:\/\/dimensionturistica.com\/es\/wp-json\/wp\/v2\/categories?post=370348"},{"taxonomy":"post_tag","embeddable":true,"href":"https:\/\/dimensionturistica.com\/es\/wp-json\/wp\/v2\/tags?post=370348"}],"curies":[{"name":"wp","href":"https:\/\/api.w.org\/{rel}","templated":true}]}}