{"id":370289,"date":"2022-08-15T04:10:08","date_gmt":"2022-08-15T04:10:08","guid":{"rendered":"https:\/\/dimensionturistica.com\/es\/?p=370289"},"modified":"2022-08-15T04:10:09","modified_gmt":"2022-08-15T04:10:09","slug":"galar-foods-exporta-peperoni-a-libano-y-chorizo-para-galletas-a-francia","status":"publish","type":"post","link":"https:\/\/dimensionturistica.com\/es\/galar-foods-exporta-peperoni-a-libano-y-chorizo-para-galletas-a-francia\/","title":{"rendered":"Galar Foods exporta peperoni a L\u00edbano y chorizo para galletas a Francia"},"content":{"rendered":"<p> <br \/>\n<\/p>\n<div id=\"post-112889\">\n<p><strong><a target=\"_blank\" href=\"https:\/\/navarracapital.es\/tag\/galar-foods\/\" rel=\"noopener\">Galar Foods<\/a> <\/strong>suma nuevos hitos en la exportaci\u00f3n de sus productos c\u00e1rnicos. En concreto, vendi\u00f3 recientemente su primera tonelada de peperoni a <strong>L\u00edbano<\/strong> despu\u00e9s de establecer un contacto con un cliente durante la \u00faltima edici\u00f3n de la feria <strong>Alimentaria<\/strong>, celebrada entre el 4 y el 7 de abril.<\/p>\n<p>As\u00ed lo hizo tras experimentar un \u201cbuen inicio de a\u00f1o\u201d en consonancia con los datos positivos las exportaciones espa\u00f1olas de mercanc\u00edas, que ascendieron en el primer trimestre de 2022 un 23,9 % respecto al mismo periodo del a\u00f1o anterior, seg\u00fan datos del <strong>Ministerio de Industria, Comercio y Turismo<\/strong>.<\/p>\n<p>\u201cDurante la jornada, est\u00e1bamos mostrando nuestros embutidos en el pabell\u00f3n de productos c\u00e1rnicos y nos abord\u00f3 un cliente, que buscaba nuevos proveedores alternativos de peperoni al italiano. En concreto, se interes\u00f3 por el car\u00e1cter familiar de nuestra empresa y le gust\u00f3 mucho el sabor del producto al probarlo. A finales de ese mismo mes, ya est\u00e1bamos enviando los primeros pal\u00e9s a L\u00edbano\u201d, explica<a target=\"_blank\" href=\"https:\/\/navarracapital.es\/tag\/ivan-romero\/\" rel=\"noopener\"> <strong>Iv\u00e1n Romero<\/strong><\/a>, director adjunto de la firma con sede en <strong>Tafalla<\/strong>, a<a target=\"_blank\" href=\"https:\/\/navarracapital.es\/\" rel=\"noopener\">\u00a0<strong>Navarra Capital<\/strong><\/a>.<\/p>\n<p>De esta forma, el nuevo cliente de Galar Meals en este pa\u00eds de Oriente Pr\u00f3ximo quiere dar a conocer este producto hecho en Navarra a negocios de hosteler\u00eda, especialmente pizzer\u00edas, as\u00ed como a industrias de platos preparados. \u201cLa pizza que m\u00e1s se vende en el mundo es la de peperoni y, por eso, enfocamos nuestro producto tambi\u00e9n a este tipo de canales. Estamos muy satisfechos\u201d, a\u00f1ade Romero.<\/p>\n<p>Aunque L\u00edbano no es un \u201cmercado prioritario\u201d para Galar Meals, ha supuesto para la empresa \u201cun avance\u201d de cara a la diversificaci\u00f3n de sus ventas al exterior, tal y como defendi\u00f3 el director adjunto de la firma en <a target=\"_blank\" href=\"https:\/\/navarracapital.es\/america-latina-un-mercado-alternativo-en-tiempos-de-conflicto\/\" rel=\"noopener\"><strong>la \u00faltima edici\u00f3n de Tudela Capital<\/strong><\/a>. \u201cEn la actualidad, vendemos el 70 % de nuestros productos a m\u00e1s de veinticinco pa\u00edses, sobre todo a Inglaterra y Latinoam\u00e9rica. Dada la incertidumbre provocada por las sucesivas crisis, es bueno saber que sumamos nuevos clientes a nuestra cartera de exportaci\u00f3n\u201d, celebr\u00f3. Precisamente por su trabajo en el \u00e1mbito internacional, la compa\u00f1\u00eda fue galardonada con el <a target=\"_blank\" href=\"https:\/\/navarracapital.es\/florette-conservas-pedro-luis-galar-foods-an-y-jose-salcedo-soria-primeros-premios-alimenta-navarra-2016\/\" rel=\"noopener\"><strong>Premio Alimenta Navarra a la Internacionalizaci\u00f3n en 2016<\/strong><\/a>.<\/p>\n<h3>GALLETAS DE CHORIZO<\/h3>\n<p>Al mismo tiempo, la empresa navarra participa en un proyecto desarrollado por una firma francesa para elaborar galletas de chorizo. En concreto, Galar Meals provee el embutido m\u00e1s adecuado para este producto. \u201cSe trata de una galleta que tiene chispas de chorizo en lugar de chocolate. Por el momento, exportamos para este cliente seis toneladas anuales de chorizo, con lo que se trata de una relaci\u00f3n consolidada y muy positiva\u201d, indica Romero.<\/p>\n<p>Fundada en 1968, Galar Meals es una empresa de car\u00e1cter acquainted que posee una planta industrial en Tafalla, donde \u201cel producto contempla una trazabilidad completa, desde las granjas hasta el producto final\u201d. De esta forma, elabora una amplia gama de embutidos, desde peque\u00f1os formatos adaptados al consumidor particular person hasta otros destinados para la hosteler\u00eda, mayoristas e industrias.<\/p>\n<p><a target=\"_blank\" href=\"https:\/\/navarracapital.es\/tag\/alimenta\" rel=\"noopener\"><b>Entra aqu\u00ed para leer m\u00e1s sobre el sector agroalimentario de Navarra.<\/b><\/a><\/p>\n<\/div>\n\n<p><em> \u2018 The preceding article may include information circulated by third parties \u2019 <\/em><\/p>\n<p><em> \u2018 Some details of this article were extracted from the following source navarracapital.es \u2019 <\/em><\/p>\n","protected":false},"excerpt":{"rendered":"<p>Galar Foods suma nuevos hitos en la exportaci\u00f3n de sus productos c\u00e1rnicos. En concreto, vendi\u00f3 recientemente su primera tonelada de peperoni a L\u00edbano despu\u00e9s de establecer un contacto con un cliente durante la \u00faltima edici\u00f3n de la feria Alimentaria, celebrada entre el 4 y el 7 de abril. As\u00ed lo hizo tras experimentar un \u201cbuen [&hellip;]<\/p>\n","protected":false},"author":2,"featured_media":370290,"comment_status":"open","ping_status":"closed","sticky":false,"template":"","format":"standard","meta":{"om_disable_all_campaigns":false,"jnews-multi-image_gallery":[],"jnews_single_post":[],"jnews_primary_category":[],"jnews_social_meta":[],"footnotes":""},"categories":[43],"tags":[],"class_list":["post-370289","post","type-post","status-publish","format-standard","has-post-thumbnail","hentry","category-gourmet"],"_links":{"self":[{"href":"https:\/\/dimensionturistica.com\/es\/wp-json\/wp\/v2\/posts\/370289","targetHints":{"allow":["GET"]}}],"collection":[{"href":"https:\/\/dimensionturistica.com\/es\/wp-json\/wp\/v2\/posts"}],"about":[{"href":"https:\/\/dimensionturistica.com\/es\/wp-json\/wp\/v2\/types\/post"}],"author":[{"embeddable":true,"href":"https:\/\/dimensionturistica.com\/es\/wp-json\/wp\/v2\/users\/2"}],"replies":[{"embeddable":true,"href":"https:\/\/dimensionturistica.com\/es\/wp-json\/wp\/v2\/comments?post=370289"}],"version-history":[{"count":0,"href":"https:\/\/dimensionturistica.com\/es\/wp-json\/wp\/v2\/posts\/370289\/revisions"}],"wp:featuredmedia":[{"embeddable":true,"href":"https:\/\/dimensionturistica.com\/es\/wp-json\/wp\/v2\/media\/370290"}],"wp:attachment":[{"href":"https:\/\/dimensionturistica.com\/es\/wp-json\/wp\/v2\/media?parent=370289"}],"wp:term":[{"taxonomy":"category","embeddable":true,"href":"https:\/\/dimensionturistica.com\/es\/wp-json\/wp\/v2\/categories?post=370289"},{"taxonomy":"post_tag","embeddable":true,"href":"https:\/\/dimensionturistica.com\/es\/wp-json\/wp\/v2\/tags?post=370289"}],"curies":[{"name":"wp","href":"https:\/\/api.w.org\/{rel}","templated":true}]}}