{"id":370107,"date":"2022-08-14T15:38:46","date_gmt":"2022-08-14T15:38:46","guid":{"rendered":"https:\/\/dimensionturistica.com\/es\/?p=370107"},"modified":"2022-08-14T15:38:46","modified_gmt":"2022-08-14T15:38:46","slug":"en-guadalajara-existen-lugares-para-autenticos-cinefilos","status":"publish","type":"post","link":"https:\/\/dimensionturistica.com\/es\/en-guadalajara-existen-lugares-para-autenticos-cinefilos\/","title":{"rendered":"En Guadalajara existen lugares para aut\u00e9nticos \u00abCin\u00e9filos\u00bb"},"content":{"rendered":"<p><img decoding=\"async\" class=\"size-medium wp-image-370108 alignright\" src=\"https:\/\/dimensionturistica.com\/es\/wp-content\/uploads\/2022\/08\/unnamed-4-300x155.jpg\" alt=\"\" width=\"300\" height=\"155\" srcset=\"https:\/\/dimensionturistica.com\/es\/wp-content\/uploads\/2022\/08\/unnamed-4-300x155.jpg 300w, https:\/\/dimensionturistica.com\/es\/wp-content\/uploads\/2022\/08\/unnamed-4-768x397.jpg 768w, https:\/\/dimensionturistica.com\/es\/wp-content\/uploads\/2022\/08\/unnamed-4-750x388.jpg 750w, https:\/\/dimensionturistica.com\/es\/wp-content\/uploads\/2022\/08\/unnamed-4.jpg 1001w\" sizes=\"(max-width: 300px) 100vw, 300px\" \/>Uno de los pasatiempos favoritos de los mexicanos es sin duda el asistir a una sala de cine para disfrutar de las mejores propuestas cinematogr\u00e1ficas del momento. En la Perla Tapat\u00eda, hay muchos lugares especiales que representan una alternativa de proyecci\u00f3n para producciones nacionales y carteleras alternativas a las de las grandes cadenas.<br \/>\nEn marco del D\u00eda Nacional del Cine Mexicano, la Oficina de Visitantes y Convenciones de Guadalajara te invita a conocer los recintos en la ciudad que ning\u00fan cin\u00e9filo se puede perder.<br \/>\nUbicada en el moderno complejo cultural Conjunto Santander de Artes Esc\u00e9nicas, la cineteca surgi\u00f3 como la<\/p>\n<figure id=\"attachment_370109\" aria-describedby=\"caption-attachment-370109\" style=\"width: 300px\" class=\"wp-caption alignright\"><img decoding=\"async\" class=\"size-medium wp-image-370109\" src=\"https:\/\/dimensionturistica.com\/es\/wp-content\/uploads\/2022\/08\/FICG-20195-300x200.jpg\" alt=\"\" width=\"300\" height=\"200\" srcset=\"https:\/\/dimensionturistica.com\/es\/wp-content\/uploads\/2022\/08\/FICG-20195-300x200.jpg 300w, https:\/\/dimensionturistica.com\/es\/wp-content\/uploads\/2022\/08\/FICG-20195-1024x683.jpg 1024w, https:\/\/dimensionturistica.com\/es\/wp-content\/uploads\/2022\/08\/FICG-20195-768x512.jpg 768w, https:\/\/dimensionturistica.com\/es\/wp-content\/uploads\/2022\/08\/FICG-20195-750x500.jpg 750w, https:\/\/dimensionturistica.com\/es\/wp-content\/uploads\/2022\/08\/FICG-20195-1140x760.jpg 1140w, https:\/\/dimensionturistica.com\/es\/wp-content\/uploads\/2022\/08\/FICG-20195.jpg 1200w\" sizes=\"(max-width: 300px) 100vw, 300px\" \/><figcaption id=\"caption-attachment-370109\" class=\"wp-caption-text\">Aspectos del FICG; en el marco de actividades del trig\u00e9simo cuarto Festival Internacional de Cine en Guadalajara. Guadalajara, Jalisco, Mexico. S\u00e1bado 09 de marzo de 2019. Foto: \u00a9 FICG \/ Ana Cristina Rodr\u00edguez Mart\u00ednez.<\/figcaption><\/figure>\n<p>gran sede del Festival Internacional de Cine de Guadalajara (FICG), la reuni\u00f3n cinematogr\u00e1fica m\u00e1s importante de Jalisco.<br \/>\nEsta cineteca se ha consolidado como uno de los lugares favoritos para los amantes del cine, pues cuenta con las salas m\u00e1s modernas de la ciudad en un espacio arquitect\u00f3nico incre\u00edble. Es importante resaltar que, adem\u00e1s de impulsar el cine nacional, como Cineteca, en este lugar se rescata, resguarda y conserva el patrimonio f\u00edlmico jalisciense.<br \/>\nA las afueras de la Cineteca, se encuentra un peque\u00f1o foro al aire libre donde se proyectan cl\u00e1sicos mexicanos y latinos en la Pantalla Bicentenario, considerada la m\u00e1s grande en su tipo en todo Latinoam\u00e9rica con 348 metros cuadrados de superficie y 140 grados de \u00e1ngulo de visi\u00f3n tanto vertical como horizontal.<br \/>\nSala Guillermo del Toro en el Museo Caba\u00f1as<br \/>\nConsiderado un s\u00edmbolo cultural de Guadalajara, el Instituto Cultural Caba\u00f1as fue reconocido en 1997 por la<img decoding=\"async\" class=\"size-medium wp-image-370113 alignright\" src=\"https:\/\/dimensionturistica.com\/es\/wp-content\/uploads\/2022\/08\/Cinema-Live-2-298x300.jpg\" alt=\"\" width=\"298\" height=\"300\" srcset=\"https:\/\/dimensionturistica.com\/es\/wp-content\/uploads\/2022\/08\/Cinema-Live-2-298x300.jpg 298w, https:\/\/dimensionturistica.com\/es\/wp-content\/uploads\/2022\/08\/Cinema-Live-2-150x150.jpg 150w, https:\/\/dimensionturistica.com\/es\/wp-content\/uploads\/2022\/08\/Cinema-Live-2-768x774.jpg 768w, https:\/\/dimensionturistica.com\/es\/wp-content\/uploads\/2022\/08\/Cinema-Live-2-75x75.jpg 75w, https:\/\/dimensionturistica.com\/es\/wp-content\/uploads\/2022\/08\/Cinema-Live-2-750x756.jpg 750w, https:\/\/dimensionturistica.com\/es\/wp-content\/uploads\/2022\/08\/Cinema-Live-2.jpg 865w\" sizes=\"(max-width: 298px) 100vw, 298px\" \/> UNESCO como Patrimonio Cultural de la Humanidad gracias a su belleza arquitect\u00f3nica y a su valor hist\u00f3rico y cultural.<br \/>\nAdem\u00e1s de resguardar en sus muros y techos las obras de Jos\u00e9 Clemente Orozco, y sus grandes exhibiciones, desde 1983 existe una sala dedicada al s\u00e9ptimo arte que form\u00f3 parte de las primeras ediciones de la Muestra de Cine Mexicano en Guadalajara (hoy FICG).<br \/>\nEn el 2007, dentro del marco del d\u00e9cimo aniversario de la declaratoria del Hospicio Caba\u00f1as como Patrimonio de la Humanidad, a la sala se le dio el nombre del cineasta tapat\u00edo Guillermo del Toro.<br \/>\nActualmente, el Museo Caba\u00f1as fomenta la cinematograf\u00eda como parte de su oferta cultural y cada mes renueva su programaci\u00f3n con ciclos y muestras que se relacionan con las exhibiciones del museo.<br \/>\nCineforo Universidad<br \/>\nHermano de la Cineteca FICG, este recinto se encuentra en la Universidad de Guadalajara. Se trata de un espacio cultural enfocado en la proyecci\u00f3n cinematogr\u00e1fica que, desde su inauguraci\u00f3n en 1988, ha brindado alternativas en la capital jalisciense para quienes gusten de cine de autor.<br \/>\nTiene una capacidad para 440 personas y su dise\u00f1o arquitect\u00f3nico que permite una visibilidad desde cualquier<img decoding=\"async\" class=\"size-medium wp-image-370114 alignright\" src=\"https:\/\/dimensionturistica.com\/es\/wp-content\/uploads\/2022\/08\/xxxxxxxxxxxxxxxxxxCineForo-de-la-Universidad-de-Guadalajara-9-300x199.jpg\" alt=\"\" width=\"300\" height=\"199\" srcset=\"https:\/\/dimensionturistica.com\/es\/wp-content\/uploads\/2022\/08\/xxxxxxxxxxxxxxxxxxCineForo-de-la-Universidad-de-Guadalajara-9-300x199.jpg 300w, https:\/\/dimensionturistica.com\/es\/wp-content\/uploads\/2022\/08\/xxxxxxxxxxxxxxxxxxCineForo-de-la-Universidad-de-Guadalajara-9.jpg 450w\" sizes=\"(max-width: 300px) 100vw, 300px\" \/> \u00e1ngulo. Actualmente, el Cineforo es sede del Festival Internacional de Cine de Guadalajara, uno de los eventos cinematogr\u00e1ficos m\u00e1s importantes de M\u00e9xico y tambi\u00e9n fue remodelado para formar parte de la Cineteca.<br \/>\nCinema Live GDL<br \/>\nPara cerrar este listado, tenemos a Cinema Live GDL, que se caracteriza por ofrecer proyecciones cinematogr\u00e1ficas al aire libre como en el Parque Metropolitano o en el Mirador Independencia, con la incre\u00edble Barranca de Huentit\u00e1n como marco esc\u00e9nico.<br \/>\nCon esta iniciativa, Cinema Live no s\u00f3lo busca retomar los espacios p\u00fablicos, sino tambi\u00e9n, llevar a estos lugares la experiencia del cine completa, desde la pantalla y los asientos, hasta las palomitas y botanas. Sin duda, estar rodeado de un \u00c1rea Natural Protegida mientras disfrutas del s\u00e9ptimo arte, es una experiencia que no debes dejar pasar.<\/p>\n","protected":false},"excerpt":{"rendered":"<p>Uno de los pasatiempos favoritos de los mexicanos es sin duda el asistir a una sala de cine para disfrutar de las mejores propuestas cinematogr\u00e1ficas del momento. En la Perla Tapat\u00eda, hay muchos lugares especiales que representan una alternativa de proyecci\u00f3n para producciones nacionales y carteleras alternativas a las de las grandes cadenas. En marco [&hellip;]<\/p>\n","protected":false},"author":1,"featured_media":370083,"comment_status":"open","ping_status":"closed","sticky":false,"template":"","format":"standard","meta":{"om_disable_all_campaigns":false,"jnews-multi-image_gallery":[],"jnews_single_post":{"source_name":"","source_url":"","via_name":"","via_url":"","override_template":"0","override":[{"template":"1","single_blog_custom":"","parallax":"1","fullscreen":"1","layout":"right-sidebar","sidebar":"default-sidebar","second_sidebar":"default-sidebar","sticky_sidebar":"1","share_position":"top","share_float_style":"share-monocrhome","show_share_counter":"1","show_view_counter":"1","show_featured":"1","show_post_meta":"1","show_post_author":"1","show_post_author_image":"1","show_post_date":"1","post_date_format":"default","post_date_format_custom":"Y\/m\/d","show_post_category":"1","show_post_reading_time":"0","post_reading_time_wpm":"300","show_zoom_button":"0","zoom_button_out_step":"2","zoom_button_in_step":"3","show_post_tag":"1","show_prev_next_post":"1","show_popup_post":"1","number_popup_post":"1","show_author_box":"0","show_post_related":"0","show_inline_post_related":"0"}],"override_image_size":"0","image_override":[{"single_post_thumbnail_size":"crop-500","single_post_gallery_size":"crop-500"}],"trending_post":"0","trending_post_position":"meta","trending_post_label":"Trending","sponsored_post":"0","sponsored_post_label":"Sponsored by","sponsored_post_name":"","sponsored_post_url":"","sponsored_post_logo_enable":"0","sponsored_post_logo":"","sponsored_post_desc":"","disable_ad":"0"},"jnews_primary_category":{"id":""},"jnews_social_meta":{"fb_title":"","fb_description":"","fb_image":"","twitter_title":"","twitter_description":"","twitter_image":""},"footnotes":""},"categories":[40],"tags":[],"class_list":["post-370107","post","type-post","status-publish","format-standard","has-post-thumbnail","hentry","category-industria"],"_links":{"self":[{"href":"https:\/\/dimensionturistica.com\/es\/wp-json\/wp\/v2\/posts\/370107","targetHints":{"allow":["GET"]}}],"collection":[{"href":"https:\/\/dimensionturistica.com\/es\/wp-json\/wp\/v2\/posts"}],"about":[{"href":"https:\/\/dimensionturistica.com\/es\/wp-json\/wp\/v2\/types\/post"}],"author":[{"embeddable":true,"href":"https:\/\/dimensionturistica.com\/es\/wp-json\/wp\/v2\/users\/1"}],"replies":[{"embeddable":true,"href":"https:\/\/dimensionturistica.com\/es\/wp-json\/wp\/v2\/comments?post=370107"}],"version-history":[{"count":0,"href":"https:\/\/dimensionturistica.com\/es\/wp-json\/wp\/v2\/posts\/370107\/revisions"}],"wp:featuredmedia":[{"embeddable":true,"href":"https:\/\/dimensionturistica.com\/es\/wp-json\/wp\/v2\/media\/370083"}],"wp:attachment":[{"href":"https:\/\/dimensionturistica.com\/es\/wp-json\/wp\/v2\/media?parent=370107"}],"wp:term":[{"taxonomy":"category","embeddable":true,"href":"https:\/\/dimensionturistica.com\/es\/wp-json\/wp\/v2\/categories?post=370107"},{"taxonomy":"post_tag","embeddable":true,"href":"https:\/\/dimensionturistica.com\/es\/wp-json\/wp\/v2\/tags?post=370107"}],"curies":[{"name":"wp","href":"https:\/\/api.w.org\/{rel}","templated":true}]}}