{"id":370094,"date":"2022-08-14T15:26:22","date_gmt":"2022-08-14T15:26:22","guid":{"rendered":"https:\/\/dimensionturistica.com\/es\/?p=370094"},"modified":"2022-08-14T15:26:22","modified_gmt":"2022-08-14T15:26:22","slug":"sectur-promueve-la-cultura-de-la-proteccion-civil-con-simulacro-de-evacuacion","status":"publish","type":"post","link":"https:\/\/dimensionturistica.com\/es\/sectur-promueve-la-cultura-de-la-proteccion-civil-con-simulacro-de-evacuacion\/","title":{"rendered":"Sectur promueve la cultura de la protecci\u00f3n civil con simulacro de evacuaci\u00f3n"},"content":{"rendered":"<p><img decoding=\"async\" class=\"size-medium wp-image-370095 alignright\" src=\"https:\/\/dimensionturistica.com\/es\/wp-content\/uploads\/2022\/08\/Simulacro-de-evacuacion-Sectur-10-300x200.jpeg\" alt=\"\" width=\"300\" height=\"200\" srcset=\"https:\/\/dimensionturistica.com\/es\/wp-content\/uploads\/2022\/08\/Simulacro-de-evacuacion-Sectur-10-300x200.jpeg 300w, https:\/\/dimensionturistica.com\/es\/wp-content\/uploads\/2022\/08\/Simulacro-de-evacuacion-Sectur-10-1024x683.jpeg 1024w, https:\/\/dimensionturistica.com\/es\/wp-content\/uploads\/2022\/08\/Simulacro-de-evacuacion-Sectur-10-768x512.jpeg 768w, https:\/\/dimensionturistica.com\/es\/wp-content\/uploads\/2022\/08\/Simulacro-de-evacuacion-Sectur-10-750x500.jpeg 750w, https:\/\/dimensionturistica.com\/es\/wp-content\/uploads\/2022\/08\/Simulacro-de-evacuacion-Sectur-10-1140x760.jpeg 1140w, https:\/\/dimensionturistica.com\/es\/wp-content\/uploads\/2022\/08\/Simulacro-de-evacuacion-Sectur-10.jpeg 1296w\" sizes=\"(max-width: 300px) 100vw, 300px\" \/>Con el prop\u00f3sito de fortalecer la responsabilidad civil de las y los trabajadores de la Secretar\u00eda de Turismo del Gobierno de M\u00e9xico (Sectur), se llev\u00f3 a cabo un simulacro en donde participaron directivos y personal de esta dependencia.<br \/>\nEl titular de Sectur, Miguel Torruco Marqu\u00e9s, destac\u00f3 que este tipo de ejercicios contribuyen y aportan, para generar una conciencia de la protecci\u00f3n civil, que es fundamental en la Ciudad de M\u00e9xico.<br \/>\nPara este simulacro de evacuaci\u00f3n, se represent\u00f3 una amenaza de bomba, por lo que se procedi\u00f3 al desalojo del edificio principal de Sectur, ubicado en la Avenida Presidente Masaryk, en la capital mexicana, conforme a los protocolos que indican las dependencias federales y locales especializadas en la materia.<br \/>\nEl equipo de brigadistas de Sectur, integrado por 38 colaboradores en este inmueble, trabaj\u00f3 en coordinaci\u00f3n con los elementos del Agrupamiento Fuerza de Tarea denominado \u201cGrupo Zorro\u201d de la Secretar\u00eda de Seguridad<img decoding=\"async\" class=\"size-medium wp-image-370098 alignright\" src=\"https:\/\/dimensionturistica.com\/es\/wp-content\/uploads\/2022\/08\/Simulacro-de-evacuacion-Sectur-5-300x200.jpeg\" alt=\"\" width=\"300\" height=\"200\" srcset=\"https:\/\/dimensionturistica.com\/es\/wp-content\/uploads\/2022\/08\/Simulacro-de-evacuacion-Sectur-5-300x200.jpeg 300w, https:\/\/dimensionturistica.com\/es\/wp-content\/uploads\/2022\/08\/Simulacro-de-evacuacion-Sectur-5-1024x683.jpeg 1024w, https:\/\/dimensionturistica.com\/es\/wp-content\/uploads\/2022\/08\/Simulacro-de-evacuacion-Sectur-5-768x512.jpeg 768w, https:\/\/dimensionturistica.com\/es\/wp-content\/uploads\/2022\/08\/Simulacro-de-evacuacion-Sectur-5-750x500.jpeg 750w, https:\/\/dimensionturistica.com\/es\/wp-content\/uploads\/2022\/08\/Simulacro-de-evacuacion-Sectur-5-1140x760.jpeg 1140w, https:\/\/dimensionturistica.com\/es\/wp-content\/uploads\/2022\/08\/Simulacro-de-evacuacion-Sectur-5.jpeg 1296w\" sizes=\"(max-width: 300px) 100vw, 300px\" \/> Ciudadana de la Ciudad de M\u00e9xico (SSC CDMX), encabezado por el suboficial Jos\u00e9 Roberto \u00c1lvarez Infante, m\u00e1s tres de personal.<br \/>\nAdem\u00e1s, participaron elementos del Heroico Cuerpo de la Base de Bomberos Insurgentes de la Direcci\u00f3n T\u00e9cnica Cuauht\u00e9moc Comandante Bombero Tercero Miguel \u00c1ngel Figueroa Flores; bombero Jos\u00e9 Antonio Pineda Cuevas; as\u00ed como elementos de la Polic\u00eda de Tr\u00e1nsito de la SSC CDMX, para resguardar la integridad y seguridad del personal evacuado. Se simul\u00f3 el reporte de un herido, quien recibi\u00f3 la atenci\u00f3n que requiriera en caso de un siniestro real.<br \/>\nDurante este simulacro, fueron evacuadas 245 personas en un tiempo de un minuto con 40 segundos, tiempo inferior al estimado que era de dos minutos 40 segundos; quienes atendieron en todo momento las indicaciones, y reportando un saldo blanco en este ejercicio, que fomenta la cultura de la protecci\u00f3n civil para<img decoding=\"async\" class=\"size-medium wp-image-370100 alignright\" src=\"https:\/\/dimensionturistica.com\/es\/wp-content\/uploads\/2022\/08\/Simulacro-de-evacuacion-Sectur-6-300x133.jpeg\" alt=\"\" width=\"300\" height=\"133\" srcset=\"https:\/\/dimensionturistica.com\/es\/wp-content\/uploads\/2022\/08\/Simulacro-de-evacuacion-Sectur-6-300x133.jpeg 300w, https:\/\/dimensionturistica.com\/es\/wp-content\/uploads\/2022\/08\/Simulacro-de-evacuacion-Sectur-6-1024x454.jpeg 1024w, https:\/\/dimensionturistica.com\/es\/wp-content\/uploads\/2022\/08\/Simulacro-de-evacuacion-Sectur-6-768x341.jpeg 768w, https:\/\/dimensionturistica.com\/es\/wp-content\/uploads\/2022\/08\/Simulacro-de-evacuacion-Sectur-6-750x333.jpeg 750w, https:\/\/dimensionturistica.com\/es\/wp-content\/uploads\/2022\/08\/Simulacro-de-evacuacion-Sectur-6-1140x506.jpeg 1140w, https:\/\/dimensionturistica.com\/es\/wp-content\/uploads\/2022\/08\/Simulacro-de-evacuacion-Sectur-6.jpeg 1280w\" sizes=\"(max-width: 300px) 100vw, 300px\" \/> actuar adecuadamente en caso de alguna emergencia.<br \/>\nAl finalizar el evento, el subsecretario de Turismo, Humberto Hern\u00e1ndez Haddad, acompa\u00f1ado del director general de Administraci\u00f3n de Sectur, Luis Felipe Cangas Hern\u00e1ndez, y presidente del \u00d3rgano de Gobierno del Sindicato Nacional de Trabajadores de Turismo (SNTT), Jos\u00e9 Carlos Navarro Valencia, agradeci\u00f3 el trabajo realizado por brigadistas, cuerpos de emergencia, as\u00ed como al personal de la dependencia, por su participaci\u00f3n y disciplina observada en este simulacro.<\/p>\n<p>&nbsp;<\/p>\n","protected":false},"excerpt":{"rendered":"<p>Con el prop\u00f3sito de fortalecer la responsabilidad civil de las y los trabajadores de la Secretar\u00eda de Turismo del Gobierno de M\u00e9xico (Sectur), se llev\u00f3 a cabo un simulacro en donde participaron directivos y personal de esta dependencia. El titular de Sectur, Miguel Torruco Marqu\u00e9s, destac\u00f3 que este tipo de ejercicios contribuyen y aportan, para [&hellip;]<\/p>\n","protected":false},"author":1,"featured_media":370096,"comment_status":"open","ping_status":"closed","sticky":false,"template":"","format":"standard","meta":{"om_disable_all_campaigns":false,"jnews-multi-image_gallery":[],"jnews_single_post":{"source_name":"","source_url":"","via_name":"","via_url":"","override_template":"0","override":[{"template":"1","single_blog_custom":"","parallax":"1","fullscreen":"1","layout":"right-sidebar","sidebar":"default-sidebar","second_sidebar":"default-sidebar","sticky_sidebar":"1","share_position":"top","share_float_style":"share-monocrhome","show_share_counter":"1","show_view_counter":"1","show_featured":"1","show_post_meta":"1","show_post_author":"1","show_post_author_image":"1","show_post_date":"1","post_date_format":"default","post_date_format_custom":"Y\/m\/d","show_post_category":"1","show_post_reading_time":"0","post_reading_time_wpm":"300","show_zoom_button":"0","zoom_button_out_step":"2","zoom_button_in_step":"3","show_post_tag":"1","show_prev_next_post":"1","show_popup_post":"1","number_popup_post":"1","show_author_box":"0","show_post_related":"0","show_inline_post_related":"0"}],"override_image_size":"0","image_override":[{"single_post_thumbnail_size":"crop-500","single_post_gallery_size":"crop-500"}],"trending_post":"0","trending_post_position":"meta","trending_post_label":"Trending","sponsored_post":"0","sponsored_post_label":"Sponsored by","sponsored_post_name":"","sponsored_post_url":"","sponsored_post_logo_enable":"0","sponsored_post_logo":"","sponsored_post_desc":"","disable_ad":"0"},"jnews_primary_category":{"id":""},"jnews_social_meta":{"fb_title":"","fb_description":"","fb_image":"","twitter_title":"","twitter_description":"","twitter_image":""},"footnotes":""},"categories":[39],"tags":[],"class_list":["post-370094","post","type-post","status-publish","format-standard","has-post-thumbnail","hentry","category-viajes"],"_links":{"self":[{"href":"https:\/\/dimensionturistica.com\/es\/wp-json\/wp\/v2\/posts\/370094","targetHints":{"allow":["GET"]}}],"collection":[{"href":"https:\/\/dimensionturistica.com\/es\/wp-json\/wp\/v2\/posts"}],"about":[{"href":"https:\/\/dimensionturistica.com\/es\/wp-json\/wp\/v2\/types\/post"}],"author":[{"embeddable":true,"href":"https:\/\/dimensionturistica.com\/es\/wp-json\/wp\/v2\/users\/1"}],"replies":[{"embeddable":true,"href":"https:\/\/dimensionturistica.com\/es\/wp-json\/wp\/v2\/comments?post=370094"}],"version-history":[{"count":0,"href":"https:\/\/dimensionturistica.com\/es\/wp-json\/wp\/v2\/posts\/370094\/revisions"}],"wp:featuredmedia":[{"embeddable":true,"href":"https:\/\/dimensionturistica.com\/es\/wp-json\/wp\/v2\/media\/370096"}],"wp:attachment":[{"href":"https:\/\/dimensionturistica.com\/es\/wp-json\/wp\/v2\/media?parent=370094"}],"wp:term":[{"taxonomy":"category","embeddable":true,"href":"https:\/\/dimensionturistica.com\/es\/wp-json\/wp\/v2\/categories?post=370094"},{"taxonomy":"post_tag","embeddable":true,"href":"https:\/\/dimensionturistica.com\/es\/wp-json\/wp\/v2\/tags?post=370094"}],"curies":[{"name":"wp","href":"https:\/\/api.w.org\/{rel}","templated":true}]}}