{"id":370085,"date":"2022-08-14T15:17:56","date_gmt":"2022-08-14T15:17:56","guid":{"rendered":"https:\/\/dimensionturistica.com\/es\/?p=370085"},"modified":"2022-08-14T15:17:56","modified_gmt":"2022-08-14T15:17:56","slug":"margules-celebra-30-anos-de-su-amplificador-estrella-con-el-lanzamiento-del-u-280-30-aniversario-edicion-limitada","status":"publish","type":"post","link":"https:\/\/dimensionturistica.com\/es\/margules-celebra-30-anos-de-su-amplificador-estrella-con-el-lanzamiento-del-u-280-30-aniversario-edicion-limitada\/","title":{"rendered":"Margules celebra 30 a\u00f1os de su amplificador estrella con el lanzamiento del U-280 30 Aniversario Edici\u00f3n Limitada"},"content":{"rendered":"<p>Una edici\u00f3n limitada del ic\u00f3nico amplificador U-280 estar\u00e1 disponible a la venta para celebrar la innovaci\u00f3n, tecnolog\u00eda y pasi\u00f3n de una marca con legado.<img decoding=\"async\" class=\"size-medium wp-image-370092 alignright\" src=\"https:\/\/dimensionturistica.com\/es\/wp-content\/uploads\/2022\/08\/XXXXth-300x200.jpg\" alt=\"\" width=\"300\" height=\"200\" srcset=\"https:\/\/dimensionturistica.com\/es\/wp-content\/uploads\/2022\/08\/XXXXth-300x200.jpg 300w, https:\/\/dimensionturistica.com\/es\/wp-content\/uploads\/2022\/08\/XXXXth.jpg 474w\" sizes=\"(max-width: 300px) 100vw, 300px\" \/><br \/>\nMargules Group, marca dedicada a la creaci\u00f3n de sistemas de audio de alta calidad bajo una filosof\u00eda de dise\u00f1o enfocada en generar experiencias sonoras conectando con las emociones humanas, presenta el amplificador U-280 30 aniversario edici\u00f3n limitada.<br \/>\nLas innovaciones tecnol\u00f3gicas hechas a este ic\u00f3nico amplificador se convierten en el pre\u00e1mbulo de los festejos por el 95 aniversario de MARGULES, que a trav\u00e9s de cuatro generaciones de ingenieros ha desafiado los l\u00edmites en materia de audio para transformarlo en momentos tangibles.<br \/>\nLa innovaci\u00f3n y el dise\u00f1o han marcado la trayectoria de Margules Group desde su fundaci\u00f3n en la segunda d\u00e9cada del siglo XX; una marca familiar que elabora a detalle productos de gran valor y con ANA\u00ae (Alineaci\u00f3n Neuro-Ac\u00fastica), como lo representa fielmente el U-280.<br \/>\nANA\u00ae es la filosof\u00eda de dise\u00f1o MARGULES, que incluye una serie de tecnolog\u00edas e implementaciones basadas en los sonidos inmediatos y cercanos, creando un v\u00ednculo entre ellos y el ser humano. Esto brinda un sonido realista con baja distorsi\u00f3n y una precisa reproducci\u00f3n arm\u00f3nica que el cerebro procesa como parte de nuestra realidad.<br \/>\nU-280, resultado de un legado<img decoding=\"async\" class=\"size-medium wp-image-370091 alignright\" src=\"https:\/\/dimensionturistica.com\/es\/wp-content\/uploads\/2022\/08\/XXXunnamed-1-300x195.jpg\" alt=\"\" width=\"300\" height=\"195\" srcset=\"https:\/\/dimensionturistica.com\/es\/wp-content\/uploads\/2022\/08\/XXXunnamed-1-300x195.jpg 300w, https:\/\/dimensionturistica.com\/es\/wp-content\/uploads\/2022\/08\/XXXunnamed-1.jpg 450w\" sizes=\"(max-width: 300px) 100vw, 300px\" \/><br \/>\nMARGULES surgi\u00f3 en 1927, cuando Jacobo Margules fund\u00f3 Emporio El\u00e9ctrico, el primer negocio familiar con el que comenz\u00f3 su legado. A trav\u00e9s de la ramificaci\u00f3n del negocio en Radio Surtidora S. A. y Tel-Rad, se comenzaron a fabricar gram\u00f3fonos, tocadiscos, altavoces y amplificadores.<br \/>\nFue en 1992 cuando MARGULES present\u00f3 al mundo el U-280, un innovador amplificador con dise\u00f1o y tecnolog\u00eda \u00fanicos que hoy en d\u00eda contin\u00faa cautivando a los audi\u00f3filos.<br \/>\nADN del U-280<br \/>\nUna de las caracter\u00edsticas que destacan en el amplificador U-280 es la calidad con la que el sonido es percibido por los receptores gracias a que tiene un sistema totalmente confiable que no requiere ajuste alguno y minimiza la distorsi\u00f3n.<br \/>\nEs ideal para aquellos que buscan experimentar sensaciones auditivas, es la fusi\u00f3n entre alta tecnolog\u00eda y los beneficios tonales que ofrecen los bulbos, y puede trabajar sin preamplificaci\u00f3n adicional gracias a sus atenuadores de entrada.<br \/>\nLas fuentes de alimentaci\u00f3n de las etapas de peque\u00f1a se\u00f1al son independientes y de tipo SHUNT que al no tener circuito de lazo de control, no inducen arm\u00f3nicos, manteniendo as\u00ed la integridad de la se\u00f1al de audio. Este tipo de fuente es virtualmente indestructible gracias a su circuito cuidadosamente dise\u00f1ado para proteger contra fallas a las bombillas.<br \/>\nAsimismo, evita el uso de retroalimentaci\u00f3n negativa, una pr\u00e1ctica com\u00fan que resulta en una p\u00e9rdida de detalle y riqueza de sonido.<img decoding=\"async\" class=\"size-medium wp-image-370090 alignright\" src=\"https:\/\/dimensionturistica.com\/es\/wp-content\/uploads\/2022\/08\/XXXunnamed-2-300x199.jpg\" alt=\"\" width=\"300\" height=\"199\" srcset=\"https:\/\/dimensionturistica.com\/es\/wp-content\/uploads\/2022\/08\/XXXunnamed-2-300x199.jpg 300w, https:\/\/dimensionturistica.com\/es\/wp-content\/uploads\/2022\/08\/XXXunnamed-2.jpg 450w\" sizes=\"(max-width: 300px) 100vw, 300px\" \/><br \/>\nMARGULES, sonorizaci\u00f3n limpia<br \/>\nMARGULES ha desarrollado sus productos a partir de un modelo que reduce al m\u00ednimo los desechos electr\u00f3nicos, reutiliz\u00e1ndolos y d\u00e1ndoles un ciclo de vida continuo.<br \/>\nLos equipos duran por generaciones, evitando as\u00ed la obsolescencia programada y el desecho del producto, con la capacidad de reutilizaci\u00f3n y actualizaci\u00f3n. Este modelo de producci\u00f3n evita la generaci\u00f3n de basura y desperdicios.<br \/>\nMargules Group continuar\u00e1 enfocado en su misi\u00f3n de desarrollar sistemas de audio con la tecnolog\u00eda m\u00e1s innovadora, uniendo los pilares de su experiencia, creatividad y compromiso.<br \/>\nMARGULES celebra 30 a\u00f1os de historia del U-280<\/p>\n","protected":false},"excerpt":{"rendered":"<p>Una edici\u00f3n limitada del ic\u00f3nico amplificador U-280 estar\u00e1 disponible a la venta para celebrar la innovaci\u00f3n, tecnolog\u00eda y pasi\u00f3n de una marca con legado. Margules Group, marca dedicada a la creaci\u00f3n de sistemas de audio de alta calidad bajo una filosof\u00eda de dise\u00f1o enfocada en generar experiencias sonoras conectando con las emociones humanas, presenta el [&hellip;]<\/p>\n","protected":false},"author":1,"featured_media":370089,"comment_status":"open","ping_status":"closed","sticky":false,"template":"","format":"standard","meta":{"om_disable_all_campaigns":false,"jnews-multi-image_gallery":[],"jnews_single_post":{"source_name":"","source_url":"","via_name":"","via_url":"","override_template":"0","override":[{"template":"1","single_blog_custom":"","parallax":"1","fullscreen":"1","layout":"right-sidebar","sidebar":"default-sidebar","second_sidebar":"default-sidebar","sticky_sidebar":"1","share_position":"top","share_float_style":"share-monocrhome","show_share_counter":"1","show_view_counter":"1","show_featured":"1","show_post_meta":"1","show_post_author":"1","show_post_author_image":"1","show_post_date":"1","post_date_format":"default","post_date_format_custom":"Y\/m\/d","show_post_category":"1","show_post_reading_time":"0","post_reading_time_wpm":"300","show_zoom_button":"0","zoom_button_out_step":"2","zoom_button_in_step":"3","show_post_tag":"1","show_prev_next_post":"1","show_popup_post":"1","number_popup_post":"1","show_author_box":"0","show_post_related":"0","show_inline_post_related":"0"}],"override_image_size":"0","image_override":[{"single_post_thumbnail_size":"crop-500","single_post_gallery_size":"crop-500"}],"trending_post":"0","trending_post_position":"meta","trending_post_label":"Trending","sponsored_post":"0","sponsored_post_label":"Sponsored by","sponsored_post_name":"","sponsored_post_url":"","sponsored_post_logo_enable":"0","sponsored_post_logo":"","sponsored_post_desc":"","disable_ad":"0"},"jnews_primary_category":{"id":""},"jnews_social_meta":{"fb_title":"","fb_description":"","fb_image":"","twitter_title":"","twitter_description":"","twitter_image":""},"footnotes":""},"categories":[40],"tags":[],"class_list":["post-370085","post","type-post","status-publish","format-standard","has-post-thumbnail","hentry","category-industria"],"_links":{"self":[{"href":"https:\/\/dimensionturistica.com\/es\/wp-json\/wp\/v2\/posts\/370085","targetHints":{"allow":["GET"]}}],"collection":[{"href":"https:\/\/dimensionturistica.com\/es\/wp-json\/wp\/v2\/posts"}],"about":[{"href":"https:\/\/dimensionturistica.com\/es\/wp-json\/wp\/v2\/types\/post"}],"author":[{"embeddable":true,"href":"https:\/\/dimensionturistica.com\/es\/wp-json\/wp\/v2\/users\/1"}],"replies":[{"embeddable":true,"href":"https:\/\/dimensionturistica.com\/es\/wp-json\/wp\/v2\/comments?post=370085"}],"version-history":[{"count":0,"href":"https:\/\/dimensionturistica.com\/es\/wp-json\/wp\/v2\/posts\/370085\/revisions"}],"wp:featuredmedia":[{"embeddable":true,"href":"https:\/\/dimensionturistica.com\/es\/wp-json\/wp\/v2\/media\/370089"}],"wp:attachment":[{"href":"https:\/\/dimensionturistica.com\/es\/wp-json\/wp\/v2\/media?parent=370085"}],"wp:term":[{"taxonomy":"category","embeddable":true,"href":"https:\/\/dimensionturistica.com\/es\/wp-json\/wp\/v2\/categories?post=370085"},{"taxonomy":"post_tag","embeddable":true,"href":"https:\/\/dimensionturistica.com\/es\/wp-json\/wp\/v2\/tags?post=370085"}],"curies":[{"name":"wp","href":"https:\/\/api.w.org\/{rel}","templated":true}]}}