{"id":370074,"date":"2022-08-14T15:01:58","date_gmt":"2022-08-14T15:01:58","guid":{"rendered":"https:\/\/dimensionturistica.com\/es\/?p=370074"},"modified":"2022-08-14T15:01:58","modified_gmt":"2022-08-14T15:01:58","slug":"aeromexico-incrementa-sus-vuelos-a-madrid-con-salidas-desde-guadalajara-jal-y-monterrey-nl","status":"publish","type":"post","link":"https:\/\/dimensionturistica.com\/es\/aeromexico-incrementa-sus-vuelos-a-madrid-con-salidas-desde-guadalajara-jal-y-monterrey-nl\/","title":{"rendered":"Aerom\u00e9xico incrementa sus vuelos a Madrid con salidas desde Guadalajara, Jal. y Monterrey, Nl."},"content":{"rendered":"<p><img decoding=\"async\" class=\"size-medium wp-image-370078 alignright\" src=\"https:\/\/dimensionturistica.com\/es\/wp-content\/uploads\/2022\/08\/MONTERREY-1-300x168.jpg\" alt=\"\" width=\"300\" height=\"168\" srcset=\"https:\/\/dimensionturistica.com\/es\/wp-content\/uploads\/2022\/08\/MONTERREY-1-300x168.jpg 300w, https:\/\/dimensionturistica.com\/es\/wp-content\/uploads\/2022\/08\/MONTERREY-1.jpg 474w\" sizes=\"(max-width: 300px) 100vw, 300px\" \/>Aerom\u00e9xico incrementar\u00e1 sus frecuencias en las rutas Monterrey \u2013 Madrid y Guadalajara \u2013 Madrid durante la temporada alta de invierno. Los vuelos semanales en ambas rutas aumentar\u00e1n de tres a cinco y ser\u00e1n efectivos desde el 12 de diciembre de 2022 y hasta el 15 de enero del 2023. La venta de boletos para estos vuelos adicionales iniciar\u00e1 a partir de este fin de semana.<br \/>\nDe esta manera, durante el invierno las rutas operar\u00e1n los d\u00edas:<br \/>\nGuadalajara \u2013 Madrid: lunes, martes*, mi\u00e9rcoles*, jueves y s\u00e1bados.<br \/>\nMonterrey \u2013 Madrid: lunes*, mi\u00e9rcoles, viernes, s\u00e1bado* y domingo.<br \/>\n* Frecuencias nuevas<br \/>\nCon las nuevas frecuencias, la oferta de Aerom\u00e9xico para conectar con Espa\u00f1a en la temporada invernal ser\u00e1 de m\u00e1s de 62 mil asientos a trav\u00e9s de m\u00e1s de 240 vuelos operando desde la Ciudad de M\u00e9xico, Guadalajara y Monterrey. Ello representa un incremento de oferta de 45% para responder a la demanda de sus clientes que desean conectar con el Viejo Continente en la pr\u00f3xima temporada alta.<br \/>\nLas rutas desde Guadalajara y Monterrey fueron inauguradas en diciembre de 2021 y se sumaron a la oferta existente desde la Ciudad de M\u00e9xico. Desde entonces, Aerom\u00e9xico ha transportado a m\u00e1s de 290 mil pasajeros entre nuestro pa\u00eds y la capital espa\u00f1ola, a trav\u00e9s de m\u00e1s de 2,600 despegues y aterrizajes.<br \/>\nLo anterior representa un recorrido de casi 12 millones de kil\u00f3metros entre ambas naciones, equivalente a 300 vueltas al mundo y utilizando sus aviones Boeing 787 Dreamliner, los m\u00e1s modernos, eficientes y amigables con el medio ambiente.<br \/>\nPasquale Speranza, Director Regional de Ventas Europa y Asia, afirm\u00f3: \u201cEste incremento de frecuencias, en una<img decoding=\"async\" class=\"size-medium wp-image-370083 alignright\" src=\"https:\/\/dimensionturistica.com\/es\/wp-content\/uploads\/2022\/08\/GUADALAJARA-300x191.jpg\" alt=\"\" width=\"300\" height=\"191\" srcset=\"https:\/\/dimensionturistica.com\/es\/wp-content\/uploads\/2022\/08\/GUADALAJARA-300x191.jpg 300w, https:\/\/dimensionturistica.com\/es\/wp-content\/uploads\/2022\/08\/GUADALAJARA.jpg 474w\" sizes=\"(max-width: 300px) 100vw, 300px\" \/> temporada tan importante como la invernal, representa mayores alternativas de vuelo para nuestros pasajeros\u201d, y agreg\u00f3, \u201ces un orgullo que podremos ofrecer el n\u00famero de frecuencias m\u00e1s alto entre Espa\u00f1a y M\u00e9xico, con 24 vuelos directos semanales, posicion\u00e1ndonos como la aerol\u00ednea con m\u00e1s opciones de viaje entre Europa y M\u00e9xico, con 47 cada semana\u201d.<br \/>\nAerom\u00e9xico reitera el compromiso con sus clientes para seguir manteniendo la mejor red de conectividad a los mejores destinos de M\u00e9xico y el mundo, ofreciendo servicios de la m\u00e1s alta calidad para su experiencia de viaje.<br \/>\nLa aerol\u00ednea agradece a los Grupos Aeroportuarios Centro Norte (OMA), del Pac\u00edfico (GAP), as\u00ed como a las autoridades de Nuevo Le\u00f3n, Jalisco y Espa\u00f1a, por el apoyo para concretar el incremento temporal de operaciones de Aerom\u00e9xico hacia y desde Madrid.<\/p>\n<p>&nbsp;<\/p>\n","protected":false},"excerpt":{"rendered":"<p>Aerom\u00e9xico incrementar\u00e1 sus frecuencias en las rutas Monterrey \u2013 Madrid y Guadalajara \u2013 Madrid durante la temporada alta de invierno. Los vuelos semanales en ambas rutas aumentar\u00e1n de tres a cinco y ser\u00e1n efectivos desde el 12 de diciembre de 2022 y hasta el 15 de enero del 2023. La venta de boletos para estos [&hellip;]<\/p>\n","protected":false},"author":1,"featured_media":370082,"comment_status":"open","ping_status":"closed","sticky":false,"template":"","format":"standard","meta":{"om_disable_all_campaigns":false,"jnews-multi-image_gallery":[],"jnews_single_post":{"source_name":"","source_url":"","via_name":"","via_url":"","override_template":"0","override":[{"template":"1","single_blog_custom":"","parallax":"1","fullscreen":"1","layout":"right-sidebar","sidebar":"default-sidebar","second_sidebar":"default-sidebar","sticky_sidebar":"1","share_position":"top","share_float_style":"share-monocrhome","show_share_counter":"1","show_view_counter":"1","show_featured":"1","show_post_meta":"1","show_post_author":"1","show_post_author_image":"1","show_post_date":"1","post_date_format":"default","post_date_format_custom":"Y\/m\/d","show_post_category":"1","show_post_reading_time":"0","post_reading_time_wpm":"300","show_zoom_button":"0","zoom_button_out_step":"2","zoom_button_in_step":"3","show_post_tag":"1","show_prev_next_post":"1","show_popup_post":"1","number_popup_post":"1","show_author_box":"0","show_post_related":"0","show_inline_post_related":"0"}],"override_image_size":"0","image_override":[{"single_post_thumbnail_size":"crop-500","single_post_gallery_size":"crop-500"}],"trending_post":"0","trending_post_position":"meta","trending_post_label":"Trending","sponsored_post":"0","sponsored_post_label":"Sponsored by","sponsored_post_name":"","sponsored_post_url":"","sponsored_post_logo_enable":"0","sponsored_post_logo":"","sponsored_post_desc":"","disable_ad":"0"},"jnews_primary_category":{"id":""},"jnews_social_meta":{"fb_title":"","fb_description":"","fb_image":"","twitter_title":"","twitter_description":"","twitter_image":""},"footnotes":""},"categories":[39],"tags":[],"class_list":["post-370074","post","type-post","status-publish","format-standard","has-post-thumbnail","hentry","category-viajes"],"_links":{"self":[{"href":"https:\/\/dimensionturistica.com\/es\/wp-json\/wp\/v2\/posts\/370074","targetHints":{"allow":["GET"]}}],"collection":[{"href":"https:\/\/dimensionturistica.com\/es\/wp-json\/wp\/v2\/posts"}],"about":[{"href":"https:\/\/dimensionturistica.com\/es\/wp-json\/wp\/v2\/types\/post"}],"author":[{"embeddable":true,"href":"https:\/\/dimensionturistica.com\/es\/wp-json\/wp\/v2\/users\/1"}],"replies":[{"embeddable":true,"href":"https:\/\/dimensionturistica.com\/es\/wp-json\/wp\/v2\/comments?post=370074"}],"version-history":[{"count":0,"href":"https:\/\/dimensionturistica.com\/es\/wp-json\/wp\/v2\/posts\/370074\/revisions"}],"wp:featuredmedia":[{"embeddable":true,"href":"https:\/\/dimensionturistica.com\/es\/wp-json\/wp\/v2\/media\/370082"}],"wp:attachment":[{"href":"https:\/\/dimensionturistica.com\/es\/wp-json\/wp\/v2\/media?parent=370074"}],"wp:term":[{"taxonomy":"category","embeddable":true,"href":"https:\/\/dimensionturistica.com\/es\/wp-json\/wp\/v2\/categories?post=370074"},{"taxonomy":"post_tag","embeddable":true,"href":"https:\/\/dimensionturistica.com\/es\/wp-json\/wp\/v2\/tags?post=370074"}],"curies":[{"name":"wp","href":"https:\/\/api.w.org\/{rel}","templated":true}]}}