{"id":370062,"date":"2022-08-14T14:37:05","date_gmt":"2022-08-14T14:37:05","guid":{"rendered":"https:\/\/dimensionturistica.com\/es\/?p=370062"},"modified":"2022-08-14T14:37:05","modified_gmt":"2022-08-14T14:37:05","slug":"sectur-comprometida-con-la-industria-de-reuniones-en-el-encuentro-mas-importante-del-sector","status":"publish","type":"post","link":"https:\/\/dimensionturistica.com\/es\/sectur-comprometida-con-la-industria-de-reuniones-en-el-encuentro-mas-importante-del-sector\/","title":{"rendered":"Sectur comprometida con la Industria de Reuniones en el encuentro m\u00e1s importante del sector"},"content":{"rendered":"<p><img decoding=\"async\" class=\"size-medium wp-image-370064 alignright\" src=\"https:\/\/dimensionturistica.com\/es\/wp-content\/uploads\/2022\/08\/XXVIII-Congreso-Nacional-de-la-Industria-de-Reuniones-2-300x225.jpg\" alt=\"\" width=\"300\" height=\"225\" srcset=\"https:\/\/dimensionturistica.com\/es\/wp-content\/uploads\/2022\/08\/XXVIII-Congreso-Nacional-de-la-Industria-de-Reuniones-2-300x225.jpg 300w, https:\/\/dimensionturistica.com\/es\/wp-content\/uploads\/2022\/08\/XXVIII-Congreso-Nacional-de-la-Industria-de-Reuniones-2.jpg 450w\" sizes=\"(max-width: 300px) 100vw, 300px\" \/>El subsecretario de Turismo, Humberto Hern\u00e1ndez Haddad, en representaci\u00f3n del secretario de Turismo del Gobierno de M\u00e9xico, Miguel Torruco Marqu\u00e9s, particip\u00f3 en la inauguraci\u00f3n de la XXVIII edici\u00f3n del Congreso Nacional de la Industria de Reuniones (CNIR), en Canc\u00fan, Quintana Roo.<br \/>\nAcompa\u00f1ado del presidente del Consejo Mexicano de la Industria de Reuniones (COMIR), Alejandro Ram\u00edrez Tabche, el subsecretario de Turismo indic\u00f3 que, tras m\u00e1s de dos a\u00f1os de pandemia, el turismo se vio afectado, y la industria de reuniones fue uno de los sectores que experiment\u00f3 las mayores p\u00e9rdidas; sin embargo, destac\u00f3 la importancia de recordar lo que ha hecho la Secretar\u00eda de Turismo (Sectur) para contrarrestar los efectos negativos de esta situaci\u00f3n adversa.<br \/>\n\u201cHoy son tiempos para trabajar de manera coordinada los tres \u00f3rdenes de gobierno y la iniciativa privada, teniendo una actitud optimista y propositiva, con el objetivo de seguir reactivando la industria de este importante segmento de mercado, que sin la menor duda es uno de los principales pilares de la actividad tur\u00edstica de nuestro pa\u00eds\u201d, coment\u00f3.<br \/>\nAnte autoridades, directivos y empresarios de este segmento, Hern\u00e1ndez Haddad indic\u00f3 que, si bien el turismo<img decoding=\"async\" class=\"size-medium wp-image-370065 alignright\" src=\"https:\/\/dimensionturistica.com\/es\/wp-content\/uploads\/2022\/08\/XXVIII-Congreso-Nacional-de-la-Industria-de-Reuniones-4-300x225.jpg\" alt=\"\" width=\"300\" height=\"225\" srcset=\"https:\/\/dimensionturistica.com\/es\/wp-content\/uploads\/2022\/08\/XXVIII-Congreso-Nacional-de-la-Industria-de-Reuniones-4-300x225.jpg 300w, https:\/\/dimensionturistica.com\/es\/wp-content\/uploads\/2022\/08\/XXVIII-Congreso-Nacional-de-la-Industria-de-Reuniones-4.jpg 450w\" sizes=\"(max-width: 300px) 100vw, 300px\" \/> de reuniones estuvo en pausa, nunca se detuvo, pues sus actores idearon nuevas formas de capacitaci\u00f3n y profesionalizaci\u00f3n adapt\u00e1ndose a las exigencias del mercado para cuando fuera el momento de reactivar las operaciones.<br \/>\nEn este sentido, reconoci\u00f3 la relevancia del CNIR, considerado el encuentro m\u00e1s importante de la industria de reuniones en el pa\u00eds, cuyo objetivo es contribuir en la profesionalizaci\u00f3n y competitividad de los distintos integrantes que componen la cadena de valor del sector en M\u00e9xico, adem\u00e1s de que vuelve a realizarse de manera presencial despu\u00e9s de dos ediciones en formato h\u00edbrido.<br \/>\nEl subsecretario de Turismo precis\u00f3 que Sectur contin\u00faa trabajando en conjunto con la Secretar\u00eda de Relaciones Exteriores (SRE) para seguir promoviendo a M\u00e9xico en el extranjero como un destino ideal para el segmento MICE (Meetings, Incentive, Congress &amp; Events).<br \/>\nSubray\u00f3 que para ello se ofrecieron las certificaciones Certified Meetings Specialist (CMS) y Certified in Congress Management (CCM) para los funcionarios de Embajadas y Consulados, esto gracias a las becas al<img decoding=\"async\" class=\"size-medium wp-image-370066 alignright\" src=\"https:\/\/dimensionturistica.com\/es\/wp-content\/uploads\/2022\/08\/XXVIII-Congreso-Nacional-de-la-Industria-de-Reuniones-6-300x225.jpg\" alt=\"\" width=\"300\" height=\"225\" srcset=\"https:\/\/dimensionturistica.com\/es\/wp-content\/uploads\/2022\/08\/XXVIII-Congreso-Nacional-de-la-Industria-de-Reuniones-6-300x225.jpg 300w, https:\/\/dimensionturistica.com\/es\/wp-content\/uploads\/2022\/08\/XXVIII-Congreso-Nacional-de-la-Industria-de-Reuniones-6.jpg 450w\" sizes=\"(max-width: 300px) 100vw, 300px\" \/> 100% otorgadas por el Meetings and Events Institute, logr\u00e1ndose certificar 47 funcionarios de 24 pa\u00edses en CMS en 2021, mientras que para el presente a\u00f1o se han certificado 15 funcionarios de 11 pa\u00edses con la CMS y el CCM, dando un total de 62 funcionarios en 35 pa\u00edses.<br \/>\nAgreg\u00f3 que uno de los objetivos de las certificaciones es promover y actualizar los conocimientos de los profesionistas involucrados en el turismo de reuniones.<br \/>\nAsimismo, el subsecretario coment\u00f3 que este a\u00f1o M\u00e9xico tiene la presidencia protempore de la Alianza del Pac\u00edfico, organismo que a trav\u00e9s del Grupo T\u00e9cnico de Agencias de Promoci\u00f3n realiza un trabajo conjunto de promoci\u00f3n de la Industria de Reuniones en Chile, Colombia y Per\u00fa pa\u00edses que, junto con M\u00e9xico, conforman esta alianza.<br \/>\nHern\u00e1ndez Hadad puntualiz\u00f3 que en el a\u00f1o 2021, Sectur se afili\u00f3 nuevamente a la International Congress and Convention Association (ICCA) para reportar los eventos internacionales realizados en nuestro pa\u00eds con la finalidad de figurar en el ranking mundial de esta importante asociaci\u00f3n internacional.<br \/>\nPor su parte, el presidente de COMIR, Alejandro Ram\u00edrez Tabche, declar\u00f3, \u201cEstamos viviendo una etapa en<img decoding=\"async\" class=\"size-medium wp-image-370067 alignright\" src=\"https:\/\/dimensionturistica.com\/es\/wp-content\/uploads\/2022\/08\/XXVIII-Congreso-Nacional-de-la-Industria-de-Reuniones-7-300x225.jpg\" alt=\"\" width=\"300\" height=\"225\" srcset=\"https:\/\/dimensionturistica.com\/es\/wp-content\/uploads\/2022\/08\/XXVIII-Congreso-Nacional-de-la-Industria-de-Reuniones-7-300x225.jpg 300w, https:\/\/dimensionturistica.com\/es\/wp-content\/uploads\/2022\/08\/XXVIII-Congreso-Nacional-de-la-Industria-de-Reuniones-7.jpg 450w\" sizes=\"(max-width: 300px) 100vw, 300px\" \/> donde contamos con nuevas generaciones, nuevas tendencias, donde el negocio cambi\u00f3, donde aprendimos a trabajar con menos personal y a adaptarnos a este nuevo mundo. Hagamos un trato: Jam\u00e1s olvidemos la prueba que esta pandemia nos puso. Pero con todo lo aprendido, hagamos que esta industria se fortalezca m\u00e1s que nunca. Avancemos y fomentemos la pasi\u00f3n por nuestro trabajo\u201d.<br \/>\nEn la inauguraci\u00f3n del XXVIII edici\u00f3n del CNIR, tambi\u00e9n estuvieron presentes, Jos\u00e9 Antonio Nieves, secretario de la Asociaci\u00f3n de Secretarios de Turismo (ASETUR), en representaci\u00f3n de su presidente Juan Carlos Rivera Castellanos; Andr\u00e9s Aguilar Becerril, subsecretario de Promoci\u00f3n de la Secretar\u00eda de Turismo de Quintana Roo; Julio Boj\u00f3rquez, presidente de AMPROFEC; Gerardo Malag\u00f3n, presidente de MPI; y Dar\u00edo Flota Ocampo, director general del Consejo de Promoci\u00f3n Tur\u00edstica de Quintana Roo (CPTQ).<\/p>\n","protected":false},"excerpt":{"rendered":"<p>El subsecretario de Turismo, Humberto Hern\u00e1ndez Haddad, en representaci\u00f3n del secretario de Turismo del Gobierno de M\u00e9xico, Miguel Torruco Marqu\u00e9s, particip\u00f3 en la inauguraci\u00f3n de la XXVIII edici\u00f3n del Congreso Nacional de la Industria de Reuniones (CNIR), en Canc\u00fan, Quintana Roo. Acompa\u00f1ado del presidente del Consejo Mexicano de la Industria de Reuniones (COMIR), Alejandro Ram\u00edrez [&hellip;]<\/p>\n","protected":false},"author":1,"featured_media":370063,"comment_status":"open","ping_status":"closed","sticky":false,"template":"","format":"standard","meta":{"om_disable_all_campaigns":false,"jnews-multi-image_gallery":[],"jnews_single_post":{"source_name":"","source_url":"","via_name":"","via_url":"","override_template":"0","override":[{"template":"1","single_blog_custom":"","parallax":"1","fullscreen":"1","layout":"right-sidebar","sidebar":"default-sidebar","second_sidebar":"default-sidebar","sticky_sidebar":"1","share_position":"top","share_float_style":"share-monocrhome","show_share_counter":"1","show_view_counter":"1","show_featured":"1","show_post_meta":"1","show_post_author":"1","show_post_author_image":"1","show_post_date":"1","post_date_format":"default","post_date_format_custom":"Y\/m\/d","show_post_category":"1","show_post_reading_time":"0","post_reading_time_wpm":"300","show_zoom_button":"0","zoom_button_out_step":"2","zoom_button_in_step":"3","show_post_tag":"1","show_prev_next_post":"1","show_popup_post":"1","number_popup_post":"1","show_author_box":"0","show_post_related":"0","show_inline_post_related":"0"}],"override_image_size":"0","image_override":[{"single_post_thumbnail_size":"crop-500","single_post_gallery_size":"crop-500"}],"trending_post":"0","trending_post_position":"meta","trending_post_label":"Trending","sponsored_post":"0","sponsored_post_label":"Sponsored by","sponsored_post_name":"","sponsored_post_url":"","sponsored_post_logo_enable":"0","sponsored_post_logo":"","sponsored_post_desc":"","disable_ad":"0"},"jnews_primary_category":{"id":""},"jnews_social_meta":{"fb_title":"","fb_description":"","fb_image":"","twitter_title":"","twitter_description":"","twitter_image":""},"footnotes":""},"categories":[40],"tags":[],"class_list":["post-370062","post","type-post","status-publish","format-standard","has-post-thumbnail","hentry","category-industria"],"_links":{"self":[{"href":"https:\/\/dimensionturistica.com\/es\/wp-json\/wp\/v2\/posts\/370062","targetHints":{"allow":["GET"]}}],"collection":[{"href":"https:\/\/dimensionturistica.com\/es\/wp-json\/wp\/v2\/posts"}],"about":[{"href":"https:\/\/dimensionturistica.com\/es\/wp-json\/wp\/v2\/types\/post"}],"author":[{"embeddable":true,"href":"https:\/\/dimensionturistica.com\/es\/wp-json\/wp\/v2\/users\/1"}],"replies":[{"embeddable":true,"href":"https:\/\/dimensionturistica.com\/es\/wp-json\/wp\/v2\/comments?post=370062"}],"version-history":[{"count":0,"href":"https:\/\/dimensionturistica.com\/es\/wp-json\/wp\/v2\/posts\/370062\/revisions"}],"wp:featuredmedia":[{"embeddable":true,"href":"https:\/\/dimensionturistica.com\/es\/wp-json\/wp\/v2\/media\/370063"}],"wp:attachment":[{"href":"https:\/\/dimensionturistica.com\/es\/wp-json\/wp\/v2\/media?parent=370062"}],"wp:term":[{"taxonomy":"category","embeddable":true,"href":"https:\/\/dimensionturistica.com\/es\/wp-json\/wp\/v2\/categories?post=370062"},{"taxonomy":"post_tag","embeddable":true,"href":"https:\/\/dimensionturistica.com\/es\/wp-json\/wp\/v2\/tags?post=370062"}],"curies":[{"name":"wp","href":"https:\/\/api.w.org\/{rel}","templated":true}]}}