{"id":370017,"date":"2022-08-14T12:15:52","date_gmt":"2022-08-14T12:15:52","guid":{"rendered":"https:\/\/dimensionturistica.com\/es\/?p=370017"},"modified":"2022-08-14T12:15:53","modified_gmt":"2022-08-14T12:15:53","slug":"viajes-al-saber-escambray","status":"publish","type":"post","link":"https:\/\/dimensionturistica.com\/es\/viajes-al-saber-escambray\/","title":{"rendered":"Viajes al saber \u2013 Escambray"},"content":{"rendered":"<p> <br \/>\n<\/p>\n<div id=\"article-summary\">\n<p>Las rutas culturales son la gran novedad que ha impulsado el Consejo Provincial de Patrimonio en Sancti Sp\u00edritus durante el verano<\/p>\n<\/p><\/div>\n<p>El recorrido por parte de la geograf\u00eda de la Sierra de las Damas permiti\u00f3 descubrir valores del patrimonio pure espirituano. (Foto: Fb)<\/p>\n<div>\n<section id=\"related_posts\">&#13;<br \/>\n&#13;<br \/>\n&#13;<br \/>\n<\/section>\n<p>Interpretar las m\u00faltiples feminidades desde el arte fue el motor impulsor de Martha Cu\u00e9llar y su equipo de trabajo en el Museo de Arte Colonial para este a\u00f1o gestar la ruta Minerva; un verdadero reto en tiempos tan complejos, no solo al acoger a los participantes en el inside de la casona de 100 puertas, sino por hacer suyos varios sitios con valores patrimoniales.<\/p>\n<p>\u201cNos propusimos sensibilizar tanto a los hombres y mujeres asistentes sobre la tem\u00e1tica de g\u00e9nero, sobre todo en este contexto, pr\u00f3ximo al Referendo del C\u00f3digo de las Familias. La belleza no es sin\u00f3nimo de c\u00e1nones y estereotipos. Tenemos que aprender a convivir desde el respeto\u201d, reconoci\u00f3 la directora de la instituci\u00f3n cultural.<\/p>\n<p>Bajo esos conceptos, durante una semana se dialog\u00f3 sobre literatura hecha por mujeres, piezas art\u00edsticas que representan el corpus femenino, el cuidado del pelo afro sin necesidad de lacearlo, historia de espirituanas con trascendencia en la cuarta villa, entre ellos la primera arquitecta que dirigi\u00f3 hombres y dej\u00f3 su huella en edificaciones como la sede del mercado industrial La Vizca\u00edna.<\/p>\n<figure class=\"wp-block-image size-large\"><img decoding=\"async\" loading=\"lazy\" width=\"800\" height=\"508\" src=\"http:\/\/www.escambray.cu\/wp-content\/uploads\/2022\/08\/Felix-Madrigal-Minerva-1.jpg\" alt=\"\" class=\"wp-image-279246\" srcset=\"http:\/\/www.escambray.cu\/wp-content\/uploads\/2022\/08\/Felix-Madrigal-Minerva-1.jpg 800w, http:\/\/www.escambray.cu\/wp-content\/uploads\/2022\/08\/Felix-Madrigal-Minerva-1-300x191.jpg 300w, http:\/\/www.escambray.cu\/wp-content\/uploads\/2022\/08\/Felix-Madrigal-Minerva-1-768x488.jpg 768w\" sizes=\"auto, (max-width: 800px) 100vw, 800px\"\/><figcaption>La ruta Minerva posibilit\u00f3 el di\u00e1logo con obras inspiradas en la mujer. (Foto: Fb)<\/figcaption><\/figure>\n<p>\u201cUtilizamos t\u00e9cnicas participativas; adem\u00e1s, invitamos en una de las jornadas a Patricia Broche, una cantante que ha crecido profesionalmente para orgullo nuestro y ya en la \u00faltima jornada salimos con la gu\u00eda del reconocido artista visual F\u00e9lix Madrigal por varios puntos de la ciudad para admirar creaciones que reverencian a la mujer\u201d.<\/p>\n<p>El heterog\u00e9neo grupo visit\u00f3 el Monumento a las Madres, erigido por iniciativa de la Asociaci\u00f3n Hijas de la Acacia, la escultura ubicada en Villa Rosalba y el mural del inside de la Villa Los Laureles, en tanto admiraron de cerca los nueve relieves contentivos de pasajes de la \u00e9pica del Palad\u00edn de las Tres Guerras, situados en el borde inferior del monumento de la Plaza de la Revoluci\u00f3n Mayor Normal Seraf\u00edn S\u00e1nchez, nacidos del talento de Thelvia Mar\u00edn, una espirituana que prestigia la cultura cubana.<\/p>\n<p>\u201cHemos tenido mucha satisfacci\u00f3n con esta propuesta de verano, no solo por la participaci\u00f3n, sino por los conocimientos\u201d, concluy\u00f3 Martha Cu\u00e9llar.<\/p>\n<p>Precisamente, este tipo de ruta cultural es la novedad que reserv\u00f3 para esta etapa estival el Centro Provincial de Patrimonio, de Sancti Sp\u00edritus. Igualmente, los 17 museos que se le subordinan asumieron, adem\u00e1s,\u00a0recorridos patrimoniales y concursos.<\/p>\n<p>\u201cLa diferencia entre la ruta y el recorrido es que en la primera incluimos otras opciones, que pueden ser visitas a un centro de la gastronom\u00eda, una instalaci\u00f3n de campismo, playa, \u00e1rea de protecci\u00f3n de\u00a0nuestra flora y fauna, instituci\u00f3n cultural\u2026\u201d, explica Anait G\u00f3mez, directora de Patrimonio.<\/p>\n<p>Tras cerrar el primer mes del verano un an\u00e1lisis cuantitativo de los participantes confirma que dicha opci\u00f3n tuvo aceptaci\u00f3n. Seg\u00fan las estad\u00edsticas, se realizaron cuatro en Sancti Sp\u00edritus y Yaguajay, y dos en Cabaigu\u00e1n y Trinidad.<\/p>\n<p>\u201cAunque no podemos hablar de estar satisfechos, s\u00ed nos ha complacido que entre los asistentes han predominado los j\u00f3venes. Por eso, hemos pensado que para despu\u00e9s de agosto, si las condiciones nos lo permiten, pudi\u00e9semos pensar en hacer dos mensual e involucrar a las organizaciones estudiantiles\u201d, a\u00f1adi\u00f3<\/p>\n<p>Dos de las de mayor impacto resultaron la que asumi\u00f3 como tema la vida y obra de Seraf\u00edn S\u00e1nchez, que incluy\u00f3 las visitas dirigidas al Museo de Jatibonico y su extensi\u00f3n en el poblado de Arroyo Blanco y finalmente un descanso en el campismo fashionable Poza Azul, y la otra, los valores de la flora y la fauna de Sierra de las Damas.<\/p>\n<p>\u201cArquitectura colonial, sitios naturales, ciudad patri\u00f3tica son algunos de los t\u00f3picos en la agenda del grupo de especialistas sobre el patrimonio espirituano que intentan seducir a las diferentes generaciones de espirituanos. Para este mes, mantenemos el resto de las rutas dise\u00f1adas. Los interesados deben acercarse a los museos municipales y en la ciudad del Yayabo a nuestras instituciones\u201d.<\/p>\n<p>Junto a las rutas y recorridos tambi\u00e9n se han robado el <em>present,<\/em> como en otros veranos, los diferentes concursos convocados por los museos. El de Arte Colonial ya ha anunciado el Pageant de la Mu\u00f1eca, donde se incentivan a ni\u00f1as y ni\u00f1os de diferentes edades a compartir sus experiencias con ese tipo de juguete. Igualmente, ocurre con el Modos, modas y tiempos, el cual suma a las familias para que compartan las historias de los objetos que resguardan en sus hogares y poseen valores hist\u00f3ricos o sentimentales.<\/p>\n<p>Para esta etapa estival, se ha dise\u00f1ado uno relacionado con relojes antiguos de mucho inter\u00e9s, ya que se tienen registros de que, en muchas casas, tanto en Trinidad como en Sancti Sp\u00edritus, existen colecciones de ese tipo de objeto.<\/p>\n<p><span style=\"clear:both;display:none;\"><img decoding=\"async\" src=\"http:\/\/www.escambray.cu\/wp-content\/plugins\/wp-spamfree\/img\/wpsf-img.php\" width=\"0\" height=\"0\" alt=\"\" style=\"border-style:none;width:0px;height:0px;display:none;\"\/><\/span><\/div>\n\n<p><em> &#8221; Fuentes www.escambray.cu &#8221; <\/em><\/p>\n","protected":false},"excerpt":{"rendered":"<p>Las rutas culturales son la gran novedad que ha impulsado el Consejo Provincial de Patrimonio en Sancti Sp\u00edritus durante el verano El recorrido por parte de la geograf\u00eda de la Sierra de las Damas permiti\u00f3 descubrir valores del patrimonio pure espirituano. (Foto: Fb) &#13; &#13; &#13; Interpretar las m\u00faltiples feminidades desde el arte fue el [&hellip;]<\/p>\n","protected":false},"author":4,"featured_media":370018,"comment_status":"open","ping_status":"closed","sticky":false,"template":"","format":"standard","meta":{"om_disable_all_campaigns":false,"jnews-multi-image_gallery":[],"jnews_single_post":[],"jnews_primary_category":[],"jnews_social_meta":[],"footnotes":""},"categories":[39],"tags":[2873],"class_list":["post-370017","post","type-post","status-publish","format-standard","has-post-thumbnail","hentry","category-viajes","tag-verano"],"_links":{"self":[{"href":"https:\/\/dimensionturistica.com\/es\/wp-json\/wp\/v2\/posts\/370017","targetHints":{"allow":["GET"]}}],"collection":[{"href":"https:\/\/dimensionturistica.com\/es\/wp-json\/wp\/v2\/posts"}],"about":[{"href":"https:\/\/dimensionturistica.com\/es\/wp-json\/wp\/v2\/types\/post"}],"author":[{"embeddable":true,"href":"https:\/\/dimensionturistica.com\/es\/wp-json\/wp\/v2\/users\/4"}],"replies":[{"embeddable":true,"href":"https:\/\/dimensionturistica.com\/es\/wp-json\/wp\/v2\/comments?post=370017"}],"version-history":[{"count":0,"href":"https:\/\/dimensionturistica.com\/es\/wp-json\/wp\/v2\/posts\/370017\/revisions"}],"wp:featuredmedia":[{"embeddable":true,"href":"https:\/\/dimensionturistica.com\/es\/wp-json\/wp\/v2\/media\/370018"}],"wp:attachment":[{"href":"https:\/\/dimensionturistica.com\/es\/wp-json\/wp\/v2\/media?parent=370017"}],"wp:term":[{"taxonomy":"category","embeddable":true,"href":"https:\/\/dimensionturistica.com\/es\/wp-json\/wp\/v2\/categories?post=370017"},{"taxonomy":"post_tag","embeddable":true,"href":"https:\/\/dimensionturistica.com\/es\/wp-json\/wp\/v2\/tags?post=370017"}],"curies":[{"name":"wp","href":"https:\/\/api.w.org\/{rel}","templated":true}]}}