{"id":369867,"date":"2022-08-13T23:51:59","date_gmt":"2022-08-13T23:51:59","guid":{"rendered":"https:\/\/dimensionturistica.com\/es\/?p=369867"},"modified":"2022-08-13T23:51:59","modified_gmt":"2022-08-13T23:51:59","slug":"leonor-espinosa-la-mejor-chef-mujer-del-mundo-exalto-la-gastronomia-de-cali-durante-el-festival-petronio-alvarez","status":"publish","type":"post","link":"https:\/\/dimensionturistica.com\/es\/leonor-espinosa-la-mejor-chef-mujer-del-mundo-exalto-la-gastronomia-de-cali-durante-el-festival-petronio-alvarez\/","title":{"rendered":"Leonor Espinosa, la \u2018mejor chef mujer del mundo\u2019, exalt\u00f3 la gastronom\u00eda de Cali durante el \u2018Festival Petronio \u00c1lvarez\u2019"},"content":{"rendered":"<p> <br \/>\n<\/p>\n<p>\n                Conversatorio \u2018Cocinas Vivas\u2019 del Petronio \u00c1lvarez con Yamileth Cort\u00e9s, Leonor Espinosa y Margarita Bernal.\n            <\/p>\n<div>\n<p>Leonor Espinosa, elegida como la <em>\u2018mejor chef mujer del mundo\u2019<\/em> por la organizaci\u00f3n <em>The World&#8217;s 50 Greatest Eating places<\/em>, estuvo presente en el <em>Pageant de M\u00fasica del Pac\u00edfico Petronio \u00c1lvarez <\/em>para compartir parte de su experiencia y saberes dentro del espacio de <em>\u2018Cocinas vivas\u2019<\/em>, en el <em>pabell\u00f3n gastron\u00f3mico<\/em>.<\/p>\n<p>Durante su estancia en la <em>Ciudadela del Petronio<\/em>, esta destacada cocinera de origen colombiano, se refiri\u00f3 a la importancia de preservar la gastronom\u00eda como patrimonio vivo, entendiendo que hace parte de la identidad de los pueblos, as\u00ed como la responsabilidad de los cocineros para protegerla.<\/p>\n<p>\u201cEl Pac\u00edfico es de Colombia para el mundo, es de todos los colombianos; aqu\u00ed hay mucha saz\u00f3n, este territorio vibra de alegr\u00eda, color, no solamente con la cocina sino con la m\u00fasica, las tradiciones orales. Creo que hay que venir, apoyar, no solamente el turista extranjero, sino que cada vez m\u00e1s haya participaci\u00f3n de los colombianos y se logre entender que la identidad del pa\u00eds est\u00e1 aqu\u00ed en el Petronio \u00c1lvarez\u201d, expres\u00f3 Leonor.<\/p>\n<p>Durante el conversatorio comparti\u00f3 escenario con la periodista gastron\u00f3mica y cocinera Margarita Bernal, quien tambi\u00e9n resalt\u00f3 lo importante de estos espacios, donde las mujeres portadoras y salvaguardas de los saberes culinarios de nuestra regi\u00f3n son protagonistas.<\/p>\n<p><em>(<\/em><em><strong>Lea tambi\u00e9n:<\/strong><\/em> <u><a target=\"_blank\" href=\"https:\/\/www.cali.gov.co\/turismo\/publicaciones\/170804\/de-pescado-seco-viche-y-marimba-disfrutan-los-turistas-en-el-petronio\/\" rel=\"noopener\"><em>De pescado seco, viche y marimba disfrutan los turistas en el Petronio<\/em><\/a><\/u><em>)<\/em><\/p>\n<p>Entre las consignas de la cocinera para los cale\u00f1os est\u00e1 la de exaltar toda la labor que se realiza por la cocina tradicional cale\u00f1a. Adem\u00e1s, alienta a seguir trabajando para apropiarse a\u00fan m\u00e1s de sus tradiciones, cuid\u00e1ndola, protegi\u00e9ndola y preserv\u00e1ndola como tesoros que contienen la historia, tradici\u00f3n, evoluci\u00f3n, expresiones y t\u00e9cnicas, entre muchas otras cosas, que son el pasado y presente de la ciudad y deben mostrarse ante el mundo.<\/p>\n<p>\u201cEs maravilloso, yo creo que se ha hecho un gran trabajo. Tuve la oportunidad de conocer todo el proceso que se ha realizado con la galer\u00eda Alameda y sus cocineras y todo ese resultado maravilloso que ha convertido este espacio en lo que es hoy. Definitivamente es un destino tur\u00edstico para la ciudad de Cali\u201d, a\u00f1adi\u00f3.<\/p>\n<p>La cocina es el v\u00ednculo m\u00e1s estrecho con la identidad y es necesaria para trabajar por la preservaci\u00f3n, conservaci\u00f3n y promoci\u00f3n del patrimonio comestible de la ciudad. Esa es una de las tareas m\u00e1s importantes de la institucionalidad.<\/p>\n<p>\u201cEste es un gran primer paso para que no solamente sea la galer\u00eda Alameda, sino todas las plazas de mercado de la ciudad y que resurja esa cocina popular, cocina callejera que puede darle la identidad a Cali\u201d, finaliz\u00f3 la chef.<\/p>\n<p>\u00a0<\/p>\n<p align=\"center\">&#13;<br \/>\n<video controls=\"\" width=\"90%\"><source src=\"https:\/\/www.cali.gov.co\/info\/principal\/media\/videos\/mp4247977.mp4\" type=\"video\/mp4\"\/><\/video>&#13;<br \/>\n<br \/>&#13;<br \/>\nLeonor Espinosa &#8211; Catalogada la \u2018mejor chef mujer del mundo\u2019<\/p>\n<ul class=\"rig columns-4 galeria\">\n<li class=\"galeria_item\">\n<\/li>\n<li class=\"galeria_item\">\n<\/li>\n<li class=\"galeria_item\">\n<\/li>\n<li class=\"galeria_item\">\n<\/li>\n<li class=\"galeria_item\">\n<\/li>\n<li class=\"galeria_item\">\n<\/li>\n<li class=\"galeria_item\">\n<\/li>\n<\/ul>\n<p><!--modal--><\/p>\n<p>\n<strong>Le puede interesar\u2026<\/strong><br \/>\n&#8211; <u><a target=\"_blank\" href=\"https:\/\/www.cali.gov.co\/turismo\/publicaciones\/170752\/el-petronio-espera-37-mil-turistas-nacionales-y-extranjeros\/\" rel=\"noopener\">El Petronio espera 37 mil turistas nacionales y extranjeros<\/a><\/u><\/p>\n<p>\u00a0<\/p>\n<p><strong>Sandra Garc\u00eda<\/strong><\/p>\n<p>&#13;<br \/>\n\u00a0<\/p>\n<\/p><\/div>\n<p>\n        N\u00famero de visitas a esta p\u00e1gina 35<br \/>\n                        <br \/>Fecha de publicaci\u00f3n 13\/08\/2022<br \/>\n                        <br \/>\u00daltima modificaci\u00f3n 13\/08\/2022\n            <\/p>\n\n<p><em> \u2018 The preceding article may include information circulated by third parties \u2019 <\/em><\/p>\n<p><em> \u2018 Some details of this article were extracted from the following source www.cali.gov.co \u2019 <\/em><\/p>\n","protected":false},"excerpt":{"rendered":"<p>Conversatorio \u2018Cocinas Vivas\u2019 del Petronio \u00c1lvarez con Yamileth Cort\u00e9s, Leonor Espinosa y Margarita Bernal. Leonor Espinosa, elegida como la \u2018mejor chef mujer del mundo\u2019 por la organizaci\u00f3n The World&#8217;s 50 Greatest Eating places, estuvo presente en el Pageant de M\u00fasica del Pac\u00edfico Petronio \u00c1lvarez para compartir parte de su experiencia y saberes dentro del espacio [&hellip;]<\/p>\n","protected":false},"author":2,"featured_media":369868,"comment_status":"open","ping_status":"closed","sticky":false,"template":"","format":"standard","meta":{"om_disable_all_campaigns":false,"jnews-multi-image_gallery":[],"jnews_single_post":[],"jnews_primary_category":[],"jnews_social_meta":[],"footnotes":""},"categories":[43],"tags":[],"class_list":["post-369867","post","type-post","status-publish","format-standard","has-post-thumbnail","hentry","category-gourmet"],"_links":{"self":[{"href":"https:\/\/dimensionturistica.com\/es\/wp-json\/wp\/v2\/posts\/369867","targetHints":{"allow":["GET"]}}],"collection":[{"href":"https:\/\/dimensionturistica.com\/es\/wp-json\/wp\/v2\/posts"}],"about":[{"href":"https:\/\/dimensionturistica.com\/es\/wp-json\/wp\/v2\/types\/post"}],"author":[{"embeddable":true,"href":"https:\/\/dimensionturistica.com\/es\/wp-json\/wp\/v2\/users\/2"}],"replies":[{"embeddable":true,"href":"https:\/\/dimensionturistica.com\/es\/wp-json\/wp\/v2\/comments?post=369867"}],"version-history":[{"count":0,"href":"https:\/\/dimensionturistica.com\/es\/wp-json\/wp\/v2\/posts\/369867\/revisions"}],"wp:featuredmedia":[{"embeddable":true,"href":"https:\/\/dimensionturistica.com\/es\/wp-json\/wp\/v2\/media\/369868"}],"wp:attachment":[{"href":"https:\/\/dimensionturistica.com\/es\/wp-json\/wp\/v2\/media?parent=369867"}],"wp:term":[{"taxonomy":"category","embeddable":true,"href":"https:\/\/dimensionturistica.com\/es\/wp-json\/wp\/v2\/categories?post=369867"},{"taxonomy":"post_tag","embeddable":true,"href":"https:\/\/dimensionturistica.com\/es\/wp-json\/wp\/v2\/tags?post=369867"}],"curies":[{"name":"wp","href":"https:\/\/api.w.org\/{rel}","templated":true}]}}