{"id":369744,"date":"2022-08-13T17:53:35","date_gmt":"2022-08-13T17:53:35","guid":{"rendered":"https:\/\/dimensionturistica.com\/es\/?p=369744"},"modified":"2022-08-13T17:53:35","modified_gmt":"2022-08-13T17:53:35","slug":"todo-listo-para-ibtm-americas-2022-espacio-que-congregara-a-la-industria-de-reuniones-para-recargar-energia-negocios-conexiones-e-inspiracion","status":"publish","type":"post","link":"https:\/\/dimensionturistica.com\/es\/todo-listo-para-ibtm-americas-2022-espacio-que-congregara-a-la-industria-de-reuniones-para-recargar-energia-negocios-conexiones-e-inspiracion\/","title":{"rendered":"Todo listo para IBTM Americas 2022, espacio que congregar\u00e1 a la Industria de Reuniones para recargar energ\u00eda, negocios, conexiones e inspiraci\u00f3n"},"content":{"rendered":"<p><img decoding=\"async\" class=\"size-full wp-image-369754 alignright\" src=\"https:\/\/dimensionturistica.com\/es\/wp-content\/uploads\/2022\/08\/BANAMEX1.jpg\" alt=\"\" width=\"300\" height=\"168\" \/>IBTM Am\u00e9ricas dio a conocer el programa de actividades del que ser\u00e1 part\u00edcipe la Industria de Reuniones durante los pr\u00f3ximos 24 y 25 de agosto en Centro Citibanamex de la Ciudad de M\u00e9xico.<br \/>\nEl martes 23 de agosto dar\u00e1 inicio, en el marco de IBTM Americas, el Meetings &amp; Events Transformation (MET), un foro de alto nivel para generar un espacio de acercamiento, discusi\u00f3n, entendimiento y colaboraci\u00f3n entre el sector p\u00fablico y privado, que se llevar\u00e1 a cabo en el Hotel Presidente Intercontinental.<br \/>\nDicho evento contin\u00faa el d\u00eda 24 de agosto en el Centro Citibanamex con el tema \u201cEl matrimonio perfecto: turismo de bodas y DMO\u00b4s. \u00bfC\u00f3mo obtener la mayor parte de este jugoso pastel?\u201d, en el cual estar\u00e1n presentes Bernardo Cueto, secretario de Turismo de Quintana Roo; Fernando Olivera, secretario de Turismo de Tamaulipas; Kitzia Morales, CEO de IADWP (International Association of Destination Wedding Professionals) y Tammy Reynoso, viceministra de Desarrollo y Fomento Tur\u00edstico del Ministerio de Turismo de Rep\u00fablica Dominicana.<br \/>\nTambi\u00e9n tendr\u00e1 lugar el foro Social &amp; Economic Transformation, donde se discutir\u00e1 c\u00f3mo lograr la transformaci\u00f3n econ\u00f3mica y social en alianza con PCMA (Professional Convention Management), organizaci\u00f3n que representa la gesti\u00f3n de eventos empresariales, conferencias y convenciones, con m\u00e1s de 8 mil 400<img decoding=\"async\" class=\"size-full wp-image-369755 alignright\" src=\"https:\/\/dimensionturistica.com\/es\/wp-content\/uploads\/2022\/08\/BANAMEX2.jpg\" alt=\"\" width=\"273\" height=\"185\" \/> miembros en 37 pa\u00edses; en \u00e9l intervendr\u00e1 Steven Paganelli, vicepresidente director para las Am\u00e9ricas de Tripadvisor. Las moderadoras ser\u00e1n Elizabeth Tovar, presidente de COCAL, y Celia Navarrete, expresidente de Amprofec (Asociaci\u00f3n Mexicana de Profesionales en Exposiciones, Ferias y Convenciones).<br \/>\nPara finalizar el panel, el tema \u201cPrioridades y alianza entre DMOs y Sector P\u00fablico: Balanceando Oportunidades\u201d, estar\u00e1 a cargo de Dar\u00edo Flota Ocampo, director general del Consejo de Promoci\u00f3n Tur\u00edstica de Quintana Roo y Board Member de Destinations International; Fernando Fondevilla, presidente &amp; CEO de Promtur Panam\u00e1; Alejandro Ram\u00edrez, presidente de COMIR y miembro de la junta IAPCO; Ana Mar\u00eda Viscasillas, miembro de la junta EIC &amp; PCMA y David Hidalgo, director de IBTM Americas.<br \/>\nAl mismo tiempo, se llevar\u00e1n a cabo otros foros, tales como el 2\u00b0 Encuentro Latinoamericano de DMC con la participaci\u00f3n de AMDEMAC (asociaci\u00f3n que integra, profesionaliza y promueve las DMC\u2019s); y Event Design Conference, donde se reunir\u00e1n especialistas como Sean Fitzgerald, Gay Games y M\u00f3nica S\u00e1nchez de Guadalajara; Will Curran, Founder &amp; Chief Event Einstein.<img decoding=\"async\" class=\"size-full wp-image-369756 alignright\" src=\"https:\/\/dimensionturistica.com\/es\/wp-content\/uploads\/2022\/08\/BANAMEX4.jpg\" alt=\"\" width=\"299\" height=\"168\" \/><br \/>\nTambi\u00e9n se lanzar\u00e1 el foro Sustainable Mindset Talks, en el que las y los asistentes tendr\u00e1n la oportunidad de conocer diferentes pr\u00e1cticas y creativas ideas para la organizaci\u00f3n de eventos con un m\u00ednimo impacto ambiental y apostando por sociedades m\u00e1s equitativas. Entre los participantes se encuentran el Mtro. Juan Jos\u00e9 \u00c1lvarez Brunel, secretario de Turismo del Estado de Guanajuato, y Christopher Brosse, influencer e investigador en Sostenibilidad.<br \/>\nSumado a esto, la primera edici\u00f3n del Meetings Labs by ICCA ser\u00e1 un programa educativo exclusivo para la comunidad de asociaciones que pondr\u00e1 de realce la evoluci\u00f3n de los eventos de asociaciones. Personalidades de la Industria de Reuniones como Gregg Talley, presidente y CEO de Talley Management Group, con m\u00e1s de 30 a\u00f1os de experiencia en gesti\u00f3n de asociaciones y eventos, y Virginia Arana, directora de Meetings de Yucat\u00e1n Meetings, ser\u00e1n parte de este encuentro.<br \/>\nEl mismo d\u00eda se realizar\u00e1 el Event Design Conference, donde conferencistas magistrales de Encore y Allenamenti, aliados estrat\u00e9gicos de IBTM Americas, compartir\u00e1n su experiencia con las y los asistentes acerca de c\u00f3mo planear eventos, la b\u00fasqueda de diferenciadores o conceptos que los hagan destacar, entre otros.<img decoding=\"async\" class=\"size-full wp-image-369763 alignright\" src=\"https:\/\/dimensionturistica.com\/es\/wp-content\/uploads\/2022\/08\/BANAMEX9.jpg\" alt=\"\" width=\"268\" height=\"188\" \/> Dicha conferencia dar\u00e1 inicio con Guillermo Perezbolde, fundador y director general de Mente Digital, quien dictar\u00e1 la ponencia \u201cEl metaverso, el siguiente paso en la organizaci\u00f3n de eventos\u201d. Luego, tocar\u00e1 el turno de Johnnie White, CEO y vicepresidente ejecutivo de ASA (American Society of Appraisers), con el tema \u201cRedise\u00f1ando la oferta de tu patrocinio para asistentes y patrocinadores\u201d.<br \/>\nPara la ceremonia de inauguraci\u00f3n, participar\u00e1 el Mtro. Humberto Hern\u00e1ndez Haddad por parte de la Secretar\u00eda de Turismo, as\u00ed como personalidades del sector y participantes de los foros, congresos y programas educativos. IBTM Americas cerrar\u00e1 su primer d\u00eda celebrando con un gran evento de bienvenida y networking entre compradores invitados, expositores y aliados.<br \/>\nAl d\u00eda siguiente, tendr\u00e1 lugar el Pharma Congress, con una edici\u00f3n especial enfocada a Digital Marketing Pharma 4.0, un programa exclusivo para la industria m\u00e9dica y farmac\u00e9utica, que proporcionar\u00e1 una visi\u00f3n de las \u00faltimas normativas de marketing y casos de \u00e9xitos de su aplicaci\u00f3n. Algunos de los panelistas que participar\u00e1n son el Dr. Manuel Lavariega, CEO de Pharmagek Home Healt, con \u201cPresentaci\u00f3n del Programa Digital Marketing Pharma 4.0\u201d, y el Dr. Daniel Castro MD, MSc, MBA, m\u00e9dico y CEO de Neurobusiness, con \u201cTendencias 2023 en Marketing Pharma\u201d.<br \/>\nPor otra parte, en el Romance Congress habr\u00e1 ponencias enfocadas en las \u00faltimas tendencias en bodas destino y la industria del romance; por ejemplo, \u201cDel servicio a la experiencia, una gran diferencia\u201d, a cargo de la Dra. Ana Agosto, propietaria de Ana Agosto Events LLC y The Wedding Planners Group, as\u00ed como \u201c25 Notas relevantes del Turismo de Romance\u201d, presentada por Elizabeth Petersen, propietaria de Specialty Cleaners, \u00d3scar Mej\u00eda, director de Mexican Event Planner Academy, Luc\u00eda Ram\u00edrez Lombana, CEO de Eventos E3, Cecilia<img decoding=\"async\" class=\"size-full wp-image-369764 alignleft\" src=\"https:\/\/dimensionturistica.com\/es\/wp-content\/uploads\/2022\/08\/BANAMEX11.jpg\" alt=\"\" width=\"275\" height=\"183\" \/> Blancarte, field-sales &amp; director de Marketing de ENCORE.<br \/>\nEn el segundo d\u00eda del Event Design Conference, tendr\u00e1 lugar por parte de MPI y Allenamenti Speakers Bureau la conferencia \u201cBueno, Bonito y Barato\u201d, a cargo de David G\u00f3mez, director de Bien Pensado, de Allenamenti Speakers Bureau. Tambi\u00e9n Mill\u00e1n Lude\u00f1a, protagonista en la pel\u00edcula documental From core to sun, presentar\u00e1 el tema \u201cEl lugar m\u00e1s extremo, tu mente\u201d, en tanto que Freddy Ravel, m\u00fasico e int\u00e9rprete, y conferencista nominado al Grammy Award, participar\u00e1 con \u201cEl ritmo del \u00e9xito\u201d.<br \/>\nPor su parte, el equipo de Encore, expertos en producci\u00f3n, tecnolog\u00eda y creatividad, ofrecer\u00e1 la conferencia magistral \u201cThe creative journey. Del cliente a la ejecuci\u00f3n\u201d, en la cual se hablar\u00e1 acerca de c\u00f3mo la manera en que se planean los eventos ha cambiado, pues ahora la conceptualizaci\u00f3n de estos debe ir m\u00e1s all\u00e1 y buscar un diferenciador que atrape a las audiencias. Una disrupci\u00f3n que har\u00e1 un evento \u00fanico que se destaque de los dem\u00e1s. Conoce m\u00e1s en la pl\u00e1tica\u2026<br \/>\nFinalmente, el Sport Congress abarcar\u00e1 una serie de conferencias dedicadas a organizadores de eventos interesados en el \u00e1mbito deportivo, cuyo invitado especial ser\u00e1 el medallista ol\u00edmpico Fernando Platas. Tambi\u00e9n se presentar\u00e1 el panel \u201cOperaci\u00f3n de eventos en el turismo deportivo\u201d, en el que participar\u00e1n la nadadora ol\u00edmpica Patricia Kohlmann Hackl; Israel Ayala Pi\u00f1a, gerente de Marketing y Comercializaci\u00f3n del equipo de beisbol Diablos Rojos; el Lic. Carlos Gonz\u00e1lez, presidente de la Federaci\u00f3n Mexicana de Tenis A.C.; y Rafael Moctezuma, presidente de Guerreros por M\u00e9xico.<br \/>\nPor su parte, David Hidalgo, director de IBTM Americas, coment\u00f3 que espera que las 450 empresas expositoras, los 600 Hosted Buyers y los 2,800 visitantes, aprovechen lo mejor posible el programa acad\u00e9mico y los espacios para las citas de negocios y networking. \u201cNuestro objetivo es que todos se lleven consigo el conocimiento y aprendizaje de las distintas \u00e1reas: producci\u00f3n de eventos y experiencias, desarrollo de skills para organizadores de eventos, marketing, tecnolog\u00eda, finanzas, etc., para que lo implementen en la gesti\u00f3n y organizaci\u00f3n de sus eventos y experiencias, que se inspiren y que siempre tengan en la mente un diferenciador que ofrecer, as\u00ed como cerrar mucho negocio para formar parte de la recuperaci\u00f3n de la industria\u201d, puntualiz\u00f3.<br \/>\nPor \u00faltimo, cabe mencionar que durante los dos d\u00edas de IBTM Americas tambi\u00e9n se realizar\u00e1n el CAMPUS MPI por MPI M\u00e9xico Chapter y el D\u00eda Educativo MBTA.<\/p>\n<p>&nbsp;<\/p>\n","protected":false},"excerpt":{"rendered":"<p>IBTM Am\u00e9ricas dio a conocer el programa de actividades del que ser\u00e1 part\u00edcipe la Industria de Reuniones durante los pr\u00f3ximos 24 y 25 de agosto en Centro Citibanamex de la Ciudad de M\u00e9xico. El martes 23 de agosto dar\u00e1 inicio, en el marco de IBTM Americas, el Meetings &amp; Events Transformation (MET), un foro de [&hellip;]<\/p>\n","protected":false},"author":1,"featured_media":369758,"comment_status":"open","ping_status":"closed","sticky":false,"template":"","format":"standard","meta":{"om_disable_all_campaigns":false,"jnews-multi-image_gallery":[],"jnews_single_post":{"source_name":"","source_url":"","via_name":"","via_url":"","override_template":"0","override":[{"template":"1","single_blog_custom":"","parallax":"1","fullscreen":"1","layout":"right-sidebar","sidebar":"default-sidebar","second_sidebar":"default-sidebar","sticky_sidebar":"1","share_position":"top","share_float_style":"share-monocrhome","show_share_counter":"1","show_view_counter":"1","show_featured":"1","show_post_meta":"1","show_post_author":"1","show_post_author_image":"1","show_post_date":"1","post_date_format":"default","post_date_format_custom":"Y\/m\/d","show_post_category":"1","show_post_reading_time":"0","post_reading_time_wpm":"300","show_zoom_button":"0","zoom_button_out_step":"2","zoom_button_in_step":"3","show_post_tag":"1","show_prev_next_post":"1","show_popup_post":"1","number_popup_post":"1","show_author_box":"0","show_post_related":"0","show_inline_post_related":"0"}],"override_image_size":"0","image_override":[{"single_post_thumbnail_size":"crop-500","single_post_gallery_size":"crop-500"}],"trending_post":"0","trending_post_position":"meta","trending_post_label":"Trending","sponsored_post":"0","sponsored_post_label":"Sponsored by","sponsored_post_name":"","sponsored_post_url":"","sponsored_post_logo_enable":"0","sponsored_post_logo":"","sponsored_post_desc":"","disable_ad":"0"},"jnews_primary_category":{"id":""},"jnews_social_meta":{"fb_title":"","fb_description":"","fb_image":"","twitter_title":"","twitter_description":"","twitter_image":""},"footnotes":""},"categories":[40],"tags":[],"class_list":["post-369744","post","type-post","status-publish","format-standard","has-post-thumbnail","hentry","category-industria"],"_links":{"self":[{"href":"https:\/\/dimensionturistica.com\/es\/wp-json\/wp\/v2\/posts\/369744","targetHints":{"allow":["GET"]}}],"collection":[{"href":"https:\/\/dimensionturistica.com\/es\/wp-json\/wp\/v2\/posts"}],"about":[{"href":"https:\/\/dimensionturistica.com\/es\/wp-json\/wp\/v2\/types\/post"}],"author":[{"embeddable":true,"href":"https:\/\/dimensionturistica.com\/es\/wp-json\/wp\/v2\/users\/1"}],"replies":[{"embeddable":true,"href":"https:\/\/dimensionturistica.com\/es\/wp-json\/wp\/v2\/comments?post=369744"}],"version-history":[{"count":0,"href":"https:\/\/dimensionturistica.com\/es\/wp-json\/wp\/v2\/posts\/369744\/revisions"}],"wp:featuredmedia":[{"embeddable":true,"href":"https:\/\/dimensionturistica.com\/es\/wp-json\/wp\/v2\/media\/369758"}],"wp:attachment":[{"href":"https:\/\/dimensionturistica.com\/es\/wp-json\/wp\/v2\/media?parent=369744"}],"wp:term":[{"taxonomy":"category","embeddable":true,"href":"https:\/\/dimensionturistica.com\/es\/wp-json\/wp\/v2\/categories?post=369744"},{"taxonomy":"post_tag","embeddable":true,"href":"https:\/\/dimensionturistica.com\/es\/wp-json\/wp\/v2\/tags?post=369744"}],"curies":[{"name":"wp","href":"https:\/\/api.w.org\/{rel}","templated":true}]}}