{"id":369685,"date":"2022-08-13T15:48:24","date_gmt":"2022-08-13T15:48:24","guid":{"rendered":"https:\/\/dimensionturistica.com\/es\/?p=369685"},"modified":"2022-08-13T15:48:24","modified_gmt":"2022-08-13T15:48:24","slug":"trabaja-fovissste-en-el-rediseno-de-creditos","status":"publish","type":"post","link":"https:\/\/dimensionturistica.com\/es\/trabaja-fovissste-en-el-rediseno-de-creditos\/","title":{"rendered":"Trabaja Fovissste en el redise\u00f1o de cr\u00e9ditos"},"content":{"rendered":"<figure id=\"attachment_369687\" aria-describedby=\"caption-attachment-369687\" style=\"width: 300px\" class=\"wp-caption alignright\"><img decoding=\"async\" class=\"size-medium wp-image-369687\" src=\"https:\/\/dimensionturistica.com\/es\/wp-content\/uploads\/2022\/08\/FOVI2-300x224.jpg\" alt=\"\" width=\"300\" height=\"224\" srcset=\"https:\/\/dimensionturistica.com\/es\/wp-content\/uploads\/2022\/08\/FOVI2-300x224.jpg 300w, https:\/\/dimensionturistica.com\/es\/wp-content\/uploads\/2022\/08\/FOVI2-1024x764.jpg 1024w, https:\/\/dimensionturistica.com\/es\/wp-content\/uploads\/2022\/08\/FOVI2-768x573.jpg 768w, https:\/\/dimensionturistica.com\/es\/wp-content\/uploads\/2022\/08\/FOVI2-1536x1146.jpg 1536w, https:\/\/dimensionturistica.com\/es\/wp-content\/uploads\/2022\/08\/FOVI2-2048x1528.jpg 2048w, https:\/\/dimensionturistica.com\/es\/wp-content\/uploads\/2022\/08\/FOVI2-750x560.jpg 750w, https:\/\/dimensionturistica.com\/es\/wp-content\/uploads\/2022\/08\/FOVI2-1140x850.jpg 1140w\" sizes=\"(max-width: 300px) 100vw, 300px\" \/><figcaption id=\"caption-attachment-369687\" class=\"wp-caption-text\">CONF. DE PRENSA VIVIENDA_DM (2)<\/figcaption><\/figure>\n<p>Con el respaldo del Instituto de Seguridad y Servicios Sociales de los Trabajadores del Estado (Issste), el Fondo de la Vivienda (Fovissste) brindar\u00e1 alternativas para otorgar vivienda de calidad y atender la realidad econ\u00f3mica de personas acreditadas que presentan adeudos.<br \/>\nEn este sentido, el director general del Issste, Pedro Zenteno Santaella, destac\u00f3 que adem\u00e1s del fortalecimiento y transformaci\u00f3n de los servicios de salud, hay un trabajo conjunto con Fovissste para implementar nuevas acciones con visi\u00f3n integral y soluciones a la medida en el programa de cr\u00e9ditos, liquidaci\u00f3n y escrituraci\u00f3n. \u201cQueremos una vivienda con mayor dimensi\u00f3n social, como un derecho, no como una mercanc\u00eda\u201d, puntualiz\u00f3 en la conferencia sobre el informe de avances de la Pol\u00edtica Nacional de Vivienda.<br \/>\nEl vocal ejecutivo del Fovissste, C\u00e9sar Buenrostro Moreno, enfatiz\u00f3 la importancia de mejorar los productos crediticios para poder realmente enfocarse a la realidad actual, la realidad del trabajador.<\/p>\n<figure id=\"attachment_369690\" aria-describedby=\"caption-attachment-369690\" style=\"width: 300px\" class=\"wp-caption alignright\"><img decoding=\"async\" class=\"size-medium wp-image-369690\" src=\"https:\/\/dimensionturistica.com\/es\/wp-content\/uploads\/2022\/08\/FOVI33-300x199.jpg\" alt=\"\" width=\"300\" height=\"199\" srcset=\"https:\/\/dimensionturistica.com\/es\/wp-content\/uploads\/2022\/08\/FOVI33-300x199.jpg 300w, https:\/\/dimensionturistica.com\/es\/wp-content\/uploads\/2022\/08\/FOVI33.jpg 450w\" sizes=\"(max-width: 300px) 100vw, 300px\" \/><figcaption id=\"caption-attachment-369690\" class=\"wp-caption-text\">CONF. DE PRENSA VIVIENDA_DM (3)<\/figcaption><\/figure>\n<p>&#8220;Si hay necesidad de hacer alguna quita, se estar\u00eda aplicando; en algunos casos extremos estar\u00edamos haciendo estudios socioecon\u00f3micos y estamos trabajando en un convenio con la Escuela de Trabajo Social de la UNAM para que ellos nos puedan apoyar.\u201d<br \/>\nBuenrostro Moreno detall\u00f3 que en el \u00faltimo trimestre del a\u00f1o se estar\u00e1 lanzando un programa piloto donde se otorgar\u00e1n cinco mil cr\u00e9ditos en pesos. Adem\u00e1s, a finales de agosto se planea iniciar el programa Soluci\u00f3n a la Medida, con el cual se dar\u00e1 una alternativa espec\u00edfica a cada persona, \u201clas soluciones deben de ser uno por uno, no puede haber una soluci\u00f3n general, debemos de ir trabajador por trabajador\u201d, indic\u00f3.<br \/>\nEn presencia del titular de la Secretar\u00eda de Desarrollo Agrario, Territorial y Urbano (Sedatu), Rom\u00e1n Meyer Falc\u00f3n, la subsecretaria de Ordenamiento Territorial y Agrario de la Sedatu, Edna Elena Vega Rangel, y del director general del Infonavit, Carlos Mart\u00ednez Vel\u00e1zquez, el vocal ejecutivo a\u00f1adi\u00f3 que se lleva a cabo el redise\u00f1o de los financiamientos y programas de reestructura y se fortalece la atenci\u00f3n integral a derechohabientes al llevar m\u00f3dulos de Fovissste a las dependencias gubernamentales.<br \/>\nAdem\u00e1s, mencion\u00f3 los avances con los conjuntos habitacionales que presentan problem\u00e1ticas importantes como Cantaluna, en Acapulco, Guerrero; Lomas del Desierto, en Rosarito, Baja California; Quintas del Desierto, en G\u00f3mez Palacio, Durango, y Tlalpan 550, en la Ciudad de M\u00e9xico.<br \/>\nFinalmente, el director del Issste destac\u00f3 que a ninguna persona acreditada se le retirar\u00e1 su vivienda, \u201ctenemos esa sensibilidad para entender caso por caso. La vivienda est\u00e1 garantizada y no la van a perder con el Fovissste\u201d.<br \/>\nPara m\u00e1s informaci\u00f3n, los derechohabientes pueden llamar al tel\u00e9fono 800 368 4783, ingresar a la p\u00e1gina gob.mx\/fovissste o seguir las redes sociales de Facebook: FovisssteMX, Twitter: @FOVISSSTEmx, Instagram: FovisssteMX y Youtube: FOVISSSTE.<\/p>\n","protected":false},"excerpt":{"rendered":"<p>Con el respaldo del Instituto de Seguridad y Servicios Sociales de los Trabajadores del Estado (Issste), el Fondo de la Vivienda (Fovissste) brindar\u00e1 alternativas para otorgar vivienda de calidad y atender la realidad econ\u00f3mica de personas acreditadas que presentan adeudos. En este sentido, el director general del Issste, Pedro Zenteno Santaella, destac\u00f3 que adem\u00e1s del [&hellip;]<\/p>\n","protected":false},"author":1,"featured_media":369692,"comment_status":"open","ping_status":"closed","sticky":false,"template":"","format":"standard","meta":{"om_disable_all_campaigns":false,"jnews-multi-image_gallery":[],"jnews_single_post":{"source_name":"","source_url":"","via_name":"","via_url":"","override_template":"0","override":[{"template":"1","single_blog_custom":"","parallax":"1","fullscreen":"1","layout":"right-sidebar","sidebar":"default-sidebar","second_sidebar":"default-sidebar","sticky_sidebar":"1","share_position":"top","share_float_style":"share-monocrhome","show_share_counter":"1","show_view_counter":"1","show_featured":"1","show_post_meta":"1","show_post_author":"1","show_post_author_image":"1","show_post_date":"1","post_date_format":"default","post_date_format_custom":"Y\/m\/d","show_post_category":"1","show_post_reading_time":"0","post_reading_time_wpm":"300","show_zoom_button":"0","zoom_button_out_step":"2","zoom_button_in_step":"3","show_post_tag":"1","show_prev_next_post":"1","show_popup_post":"1","number_popup_post":"1","show_author_box":"0","show_post_related":"0","show_inline_post_related":"0"}],"override_image_size":"0","image_override":[{"single_post_thumbnail_size":"crop-500","single_post_gallery_size":"crop-500"}],"trending_post":"0","trending_post_position":"meta","trending_post_label":"Trending","sponsored_post":"0","sponsored_post_label":"Sponsored by","sponsored_post_name":"","sponsored_post_url":"","sponsored_post_logo_enable":"0","sponsored_post_logo":"","sponsored_post_desc":"","disable_ad":"0"},"jnews_primary_category":{"id":""},"jnews_social_meta":{"fb_title":"","fb_description":"","fb_image":"","twitter_title":"","twitter_description":"","twitter_image":""},"footnotes":""},"categories":[40],"tags":[],"class_list":["post-369685","post","type-post","status-publish","format-standard","has-post-thumbnail","hentry","category-industria"],"_links":{"self":[{"href":"https:\/\/dimensionturistica.com\/es\/wp-json\/wp\/v2\/posts\/369685","targetHints":{"allow":["GET"]}}],"collection":[{"href":"https:\/\/dimensionturistica.com\/es\/wp-json\/wp\/v2\/posts"}],"about":[{"href":"https:\/\/dimensionturistica.com\/es\/wp-json\/wp\/v2\/types\/post"}],"author":[{"embeddable":true,"href":"https:\/\/dimensionturistica.com\/es\/wp-json\/wp\/v2\/users\/1"}],"replies":[{"embeddable":true,"href":"https:\/\/dimensionturistica.com\/es\/wp-json\/wp\/v2\/comments?post=369685"}],"version-history":[{"count":0,"href":"https:\/\/dimensionturistica.com\/es\/wp-json\/wp\/v2\/posts\/369685\/revisions"}],"wp:featuredmedia":[{"embeddable":true,"href":"https:\/\/dimensionturistica.com\/es\/wp-json\/wp\/v2\/media\/369692"}],"wp:attachment":[{"href":"https:\/\/dimensionturistica.com\/es\/wp-json\/wp\/v2\/media?parent=369685"}],"wp:term":[{"taxonomy":"category","embeddable":true,"href":"https:\/\/dimensionturistica.com\/es\/wp-json\/wp\/v2\/categories?post=369685"},{"taxonomy":"post_tag","embeddable":true,"href":"https:\/\/dimensionturistica.com\/es\/wp-json\/wp\/v2\/tags?post=369685"}],"curies":[{"name":"wp","href":"https:\/\/api.w.org\/{rel}","templated":true}]}}