{"id":369670,"date":"2022-08-13T15:11:25","date_gmt":"2022-08-13T15:11:25","guid":{"rendered":"https:\/\/dimensionturistica.com\/es\/?p=369670"},"modified":"2022-08-13T15:11:25","modified_gmt":"2022-08-13T15:11:25","slug":"aeromexico-anuncia-sus-vuelos-hacia-la-habana-cuba","status":"publish","type":"post","link":"https:\/\/dimensionturistica.com\/es\/aeromexico-anuncia-sus-vuelos-hacia-la-habana-cuba\/","title":{"rendered":"Aerom\u00e9xico anuncia sus vuelos hacia La Habana, Cuba"},"content":{"rendered":"<p>Aerom\u00e9xico reiniciar\u00e1 operaciones hacia La Habana, Cuba, desde la Ciudad de M\u00e9xico a partir del 30 de<img decoding=\"async\" class=\"size-medium wp-image-369671 alignright\" src=\"https:\/\/dimensionturistica.com\/es\/wp-content\/uploads\/2022\/08\/Giancarlo-Mulinelli-300x300.jpg\" alt=\"\" width=\"300\" height=\"300\" srcset=\"https:\/\/dimensionturistica.com\/es\/wp-content\/uploads\/2022\/08\/Giancarlo-Mulinelli-300x300.jpg 300w, https:\/\/dimensionturistica.com\/es\/wp-content\/uploads\/2022\/08\/Giancarlo-Mulinelli-150x150.jpg 150w, https:\/\/dimensionturistica.com\/es\/wp-content\/uploads\/2022\/08\/Giancarlo-Mulinelli-75x75.jpg 75w, https:\/\/dimensionturistica.com\/es\/wp-content\/uploads\/2022\/08\/Giancarlo-Mulinelli-350x350.jpg 350w, https:\/\/dimensionturistica.com\/es\/wp-content\/uploads\/2022\/08\/Giancarlo-Mulinelli.jpg 474w\" sizes=\"(max-width: 300px) 100vw, 300px\" \/> octubre, con siete frecuencias semanales, lo que equivale a una oferta de casi 10 mil asientos al mes, con el siguiente itinerario:<br \/>\nCiudad de M\u00e9xico- La Habana<br \/>\n08:40 hrs 13:30 hrs de lunes a domingo<br \/>\nLa Habana- Ciudad de M\u00e9xico<br \/>\n14:45 hrs 16:00 hrs de lunes a domingo<br \/>\n* Nota: El itinerario se ajustar\u00e1 con el cambio de horario en M\u00e9xico<br \/>\nLa venta de boletos para esta ruta estar\u00e1 disponible a partir de este fin de semana. De esta manera, Aerom\u00e9xico incrementar\u00e1 su presencia en la regi\u00f3n del Caribe, donde opera tambi\u00e9n la ruta hacia Santo Domingo y con esto alcanzar\u00e1 120 vuelos y m\u00e1s de 15,500 asientos mensuales.<br \/>\n<img decoding=\"async\" class=\"size-medium wp-image-369672 alignleft\" src=\"https:\/\/dimensionturistica.com\/es\/wp-content\/uploads\/2022\/08\/laahabana-300x201.jpg\" alt=\"\" width=\"300\" height=\"201\" srcset=\"https:\/\/dimensionturistica.com\/es\/wp-content\/uploads\/2022\/08\/laahabana-300x201.jpg 300w, https:\/\/dimensionturistica.com\/es\/wp-content\/uploads\/2022\/08\/laahabana.jpg 474w\" sizes=\"(max-width: 300px) 100vw, 300px\" \/>Giancarlo Mulinelli, Vicepresidente Senior de Ventas Globales, destac\u00f3: \u201cpara Aerom\u00e9xico es un orgullo reconectar a nuestros viajeros con la belleza, historia, cultura y riqueza gastron\u00f3mica de La Habana, despu\u00e9s de una pausa por la contingencia del COVID-19. Seguiremos impulsando las alianzas con la capital cubana para incrementar el flujo de visitantes a la isla\u201d.<br \/>\nAerom\u00e9xico comenz\u00f3 a operar en este destino en 2011. El Centro Hist\u00f3rico de La Habana Vieja fue reconocido en 1982 como Patrimonio de la Humanidad otorgado por la UNESCO, enalteciendo su valor universal, arquitectura y diversidad. Adem\u00e1s, la capital cubana fue declarada una de las siete Ciudades Maravilla del mundo en junio de 2016 debido, entre otros aspectos, a su legado hist\u00f3rico.<br \/>\nCon esta reapertura Aerom\u00e9xico reafirma el compromiso de seguir ampliando su red de conectividad, para unir a M\u00e9xico con los destinos m\u00e1s importantes del mundo. Durante agosto, la aerol\u00ednea alcanzar\u00e1 una operaci\u00f3n de casi 570 vuelos diarios a 90 rutas nacionales e internacionales.<\/p>\n","protected":false},"excerpt":{"rendered":"<p>Aerom\u00e9xico reiniciar\u00e1 operaciones hacia La Habana, Cuba, desde la Ciudad de M\u00e9xico a partir del 30 de octubre, con siete frecuencias semanales, lo que equivale a una oferta de casi 10 mil asientos al mes, con el siguiente itinerario: Ciudad de M\u00e9xico- La Habana 08:40 hrs 13:30 hrs de lunes a domingo La Habana- Ciudad [&hellip;]<\/p>\n","protected":false},"author":1,"featured_media":369673,"comment_status":"open","ping_status":"closed","sticky":false,"template":"","format":"standard","meta":{"om_disable_all_campaigns":false,"jnews-multi-image_gallery":[],"jnews_single_post":{"source_name":"","source_url":"","via_name":"","via_url":"","override_template":"0","override":[{"template":"1","single_blog_custom":"","parallax":"1","fullscreen":"1","layout":"right-sidebar","sidebar":"default-sidebar","second_sidebar":"default-sidebar","sticky_sidebar":"1","share_position":"top","share_float_style":"share-monocrhome","show_share_counter":"1","show_view_counter":"1","show_featured":"1","show_post_meta":"1","show_post_author":"1","show_post_author_image":"1","show_post_date":"1","post_date_format":"default","post_date_format_custom":"Y\/m\/d","show_post_category":"1","show_post_reading_time":"0","post_reading_time_wpm":"300","show_zoom_button":"0","zoom_button_out_step":"2","zoom_button_in_step":"3","show_post_tag":"1","show_prev_next_post":"1","show_popup_post":"1","number_popup_post":"1","show_author_box":"0","show_post_related":"0","show_inline_post_related":"0"}],"override_image_size":"0","image_override":[{"single_post_thumbnail_size":"crop-500","single_post_gallery_size":"crop-500"}],"trending_post":"0","trending_post_position":"meta","trending_post_label":"Trending","sponsored_post":"0","sponsored_post_label":"Sponsored by","sponsored_post_name":"","sponsored_post_url":"","sponsored_post_logo_enable":"0","sponsored_post_logo":"","sponsored_post_desc":"","disable_ad":"0"},"jnews_primary_category":{"id":""},"jnews_social_meta":{"fb_title":"","fb_description":"","fb_image":"","twitter_title":"","twitter_description":"","twitter_image":""},"footnotes":""},"categories":[39],"tags":[],"class_list":["post-369670","post","type-post","status-publish","format-standard","has-post-thumbnail","hentry","category-viajes"],"_links":{"self":[{"href":"https:\/\/dimensionturistica.com\/es\/wp-json\/wp\/v2\/posts\/369670","targetHints":{"allow":["GET"]}}],"collection":[{"href":"https:\/\/dimensionturistica.com\/es\/wp-json\/wp\/v2\/posts"}],"about":[{"href":"https:\/\/dimensionturistica.com\/es\/wp-json\/wp\/v2\/types\/post"}],"author":[{"embeddable":true,"href":"https:\/\/dimensionturistica.com\/es\/wp-json\/wp\/v2\/users\/1"}],"replies":[{"embeddable":true,"href":"https:\/\/dimensionturistica.com\/es\/wp-json\/wp\/v2\/comments?post=369670"}],"version-history":[{"count":0,"href":"https:\/\/dimensionturistica.com\/es\/wp-json\/wp\/v2\/posts\/369670\/revisions"}],"wp:featuredmedia":[{"embeddable":true,"href":"https:\/\/dimensionturistica.com\/es\/wp-json\/wp\/v2\/media\/369673"}],"wp:attachment":[{"href":"https:\/\/dimensionturistica.com\/es\/wp-json\/wp\/v2\/media?parent=369670"}],"wp:term":[{"taxonomy":"category","embeddable":true,"href":"https:\/\/dimensionturistica.com\/es\/wp-json\/wp\/v2\/categories?post=369670"},{"taxonomy":"post_tag","embeddable":true,"href":"https:\/\/dimensionturistica.com\/es\/wp-json\/wp\/v2\/tags?post=369670"}],"curies":[{"name":"wp","href":"https:\/\/api.w.org\/{rel}","templated":true}]}}