{"id":369395,"date":"2022-08-12T21:49:19","date_gmt":"2022-08-12T21:49:19","guid":{"rendered":"https:\/\/dimensionturistica.com\/es\/?p=369395"},"modified":"2022-08-12T21:49:19","modified_gmt":"2022-08-12T21:49:19","slug":"quintana-roo-presente-en-el-congreso-mundial-de-educacion","status":"publish","type":"post","link":"https:\/\/dimensionturistica.com\/es\/quintana-roo-presente-en-el-congreso-mundial-de-educacion\/","title":{"rendered":"Quintana Roo, presente en el Congreso Mundial de Educaci\u00f3n"},"content":{"rendered":"<p> <br \/>\n<\/p>\n<div>\n<p class=\"jsx-1380344623\">Canc\u00fan, QR. El Caribe mexicano participa del 21 al 23 de junio en el <strong>Congreso Mundial de Educaci\u00f3n<\/strong> (WEC, por su sigla en ingl\u00e9s), el evento m\u00e1s importante de la industria de reuniones organizado por la asociaci\u00f3n internacional m\u00e1s grande formada por profesionales de reuniones <strong>Assembly Professionals Worldwide<\/strong> (MPI), y que se lleva a cabo en <strong>San Francisco<\/strong>, California.<\/p>\n<p class=\"jsx-1380344623\">El congreso convoca a profesionales de la industria de reuniones, a compradores de eventos de todo el mundo y a destinos que buscan mantenerse a la vanguardia en los temas y tendencias relacionados a este sector.<\/p>\n<p class=\"jsx-1380344623\">\u201cEstar presentes en este evento nos permite tener de primera mano las actualizaciones en cuanto a realizaci\u00f3n de eventos, ya que debido a los \u00faltimos cambios en el mundo se han tenido que hacer ajustes e integrar m\u00e1s herramientas de tecnolog\u00eda\u201d, coment\u00f3 Dar\u00edo Flota Ocampo, director common del <strong>Consejo de Promoci\u00f3n Tur\u00edstica de Quintana Roo<\/strong> (CPTQ).<\/p>\n<p class=\"jsx-1380344623\">\u201cEs por esto que el Caribe mexicano como ejemplo de destino a nivel mundial, no solo en llegada de turistas, sino en la realizaci\u00f3n de eventos que comprenden reuniones, viajes de incentivo, bodas y congresos, debe contar con los instrumentos y conocimientos que este tipo de eventos brinda a trav\u00e9s de sus expositores y conferencias\u201d, a\u00f1adi\u00f3.<\/p>\n<p class=\"jsx-1380344623\">En este evento participan tambi\u00e9n oficinas de promoci\u00f3n tur\u00edstica de Puerto Rico, Los Angeles, Fort Lauderdale, Canad\u00e1, Arlington, Montreal, Toronto, Galveston, Tampa Bay, Houston, Sacramento, Colorado, Las Vegas, Louisville, Miami, New Orleans, Monterey (California), Colorado Springs y Los Cabos.<\/p>\n<p class=\"jsx-1380344623\">Flota Ocampo coment\u00f3 que este a\u00f1o se celebra el 50 aniversario de la asociaci\u00f3n MPI, que se ha convertido en la m\u00e1s grande e influyente del mundo dedicada a los profesionales de reuniones y eventos, y que actualmente preside el cap\u00edtulo MPI Caribe Mexicano, Roc\u00edo Gonz\u00e1lez Jonguitud, quien adem\u00e1s est\u00e1 a cargo del segmento de turismo de reuniones del CPTQ.<\/p>\n<p class=\"jsx-1380344623\">En entrevista previa, Flota Ocampo coment\u00f3 que el segmento de congresos y convenciones ha sido uno de los \u201cque m\u00e1s dif\u00edcil la pas\u00f3 durante la pandemia\u201d y en los que m\u00e1s ha trabajado para desarrollar nuevos modelos de operaci\u00f3n y protocolos.<\/p>\n<p class=\"jsx-1380344623\">Aunque no existe una cuantificaci\u00f3n de p\u00e9rdidas, es un hecho que los eventos se fueron posponiendo y cancelando al grado tal que apenas se est\u00e1 buscando una reactivaci\u00f3n pese a que otros sectores de la industria tur\u00edstica como el hotelero o los cruceros ya tienen varios meses operando, expuso el funcionario.<\/p>\n<p class=\"jsx-1380344623\">Indic\u00f3 que la industria de reuniones pas\u00f3 por varias etapas, en una primera se realiz\u00f3 un sondeo en donde se esperaba un repunte en la segunda mitad de 2021; sin embargo, \u201cse iban recorriendo las fechas, y cuando se esperaba una recuperaci\u00f3n, se fueron recorriendo m\u00e1s y apenas estamos viendo se\u00f1ales de recuperaci\u00f3n\u201d.<\/p>\n<p class=\"jsx-1380344623\"><a rel=\"nofollow noopener\" target=\"_blank\" href=\"https:\/\/www.eleconomista.com.mx\/empresas\/mailto:estados@eleconomista.mx\">estados@eleconomista.mx<\/a><\/p>\n<p class=\"jsx-1380344623\">kg<\/p>\n<\/div>\n<p><script>\n            !function(f,b,e,v,n,t,s)\n            {if(f.fbq)return;n=f.fbq=function(){n.callMethod?\n            n.callMethod.apply(n,arguments):n.queue.push(arguments)};\n            if(!f._fbq)f._fbq=n;n.push=n;n.loaded=!0;n.version='2.0';\n            n.queue=[];t=b.createElement(e);t.async=!0;\n            t.src=v;s=b.getElementsByTagName(e)[0];\n            s.parentNode.insertBefore(t,s)}(window,document,'script',\n            'https:\/\/connect.facebook.net\/es_MX\/fbevents.js');\n             fbq('init', '307764907300134'); \n            fbq('track', 'PageView');<\/script><script>\n            !function(f,b,e,v,n,t,s)\n            {if(f.fbq)return;n=f.fbq=function(){n.callMethod?\n            n.callMethod.apply(n,arguments):n.queue.push(arguments)};\n            if(!f._fbq)f._fbq=n;n.push=n;n.loaded=!0;n.version='2.0';\n            n.queue=[];t=b.createElement(e);t.async=!0;\n            t.src=v;s=b.getElementsByTagName(e)[0];\n            s.parentNode.insertBefore(t,s)}(window,document,'script',\n            'https:\/\/connect.facebook.net\/es_MX\/fbevents.js');\n             fbq('init', '809027795973656'); \n            fbq('track', 'PageView');<\/script><br \/>\n<br \/><\/p>\n<p><em> &#8221; Fuentes www.eleconomista.com.mx &#8221; <\/em><\/p>\n","protected":false},"excerpt":{"rendered":"<p>Canc\u00fan, QR. El Caribe mexicano participa del 21 al 23 de junio en el Congreso Mundial de Educaci\u00f3n (WEC, por su sigla en ingl\u00e9s), el evento m\u00e1s importante de la industria de reuniones organizado por la asociaci\u00f3n internacional m\u00e1s grande formada por profesionales de reuniones Assembly Professionals Worldwide (MPI), y que se lleva a cabo [&hellip;]<\/p>\n","protected":false},"author":4,"featured_media":0,"comment_status":"open","ping_status":"closed","sticky":false,"template":"","format":"standard","meta":{"om_disable_all_campaigns":false,"jnews-multi-image_gallery":[],"jnews_single_post":[],"jnews_primary_category":[],"jnews_social_meta":[],"footnotes":""},"categories":[40],"tags":[1064,544],"class_list":["post-369395","post","type-post","status-publish","format-standard","hentry","category-industria","tag-quintana-roo","tag-turismo"],"_links":{"self":[{"href":"https:\/\/dimensionturistica.com\/es\/wp-json\/wp\/v2\/posts\/369395","targetHints":{"allow":["GET"]}}],"collection":[{"href":"https:\/\/dimensionturistica.com\/es\/wp-json\/wp\/v2\/posts"}],"about":[{"href":"https:\/\/dimensionturistica.com\/es\/wp-json\/wp\/v2\/types\/post"}],"author":[{"embeddable":true,"href":"https:\/\/dimensionturistica.com\/es\/wp-json\/wp\/v2\/users\/4"}],"replies":[{"embeddable":true,"href":"https:\/\/dimensionturistica.com\/es\/wp-json\/wp\/v2\/comments?post=369395"}],"version-history":[{"count":0,"href":"https:\/\/dimensionturistica.com\/es\/wp-json\/wp\/v2\/posts\/369395\/revisions"}],"wp:attachment":[{"href":"https:\/\/dimensionturistica.com\/es\/wp-json\/wp\/v2\/media?parent=369395"}],"wp:term":[{"taxonomy":"category","embeddable":true,"href":"https:\/\/dimensionturistica.com\/es\/wp-json\/wp\/v2\/categories?post=369395"},{"taxonomy":"post_tag","embeddable":true,"href":"https:\/\/dimensionturistica.com\/es\/wp-json\/wp\/v2\/tags?post=369395"}],"curies":[{"name":"wp","href":"https:\/\/api.w.org\/{rel}","templated":true}]}}