{"id":369365,"date":"2022-08-12T21:05:41","date_gmt":"2022-08-12T21:05:41","guid":{"rendered":"https:\/\/dimensionturistica.com\/es\/?p=369365"},"modified":"2022-08-12T21:05:41","modified_gmt":"2022-08-12T21:05:41","slug":"inician-las-celebraciones-de-la-vendimia-en-el-cielo-valle-de-guadalupe","status":"publish","type":"post","link":"https:\/\/dimensionturistica.com\/es\/inician-las-celebraciones-de-la-vendimia-en-el-cielo-valle-de-guadalupe\/","title":{"rendered":"Inician las celebraciones de la Vendimia en El Cielo, Valle de Guadalupe"},"content":{"rendered":"<p>Llega agosto y con ello, la alegr\u00eda por la cosecha de la vid en Vin\u00edcola El Cielo, y as\u00ed celebrar la vendimia, en su definici\u00f3n m\u00e1s pura, el acto de hacer la recolecta, siendo el \u00faltimo resultado de la relaci\u00f3n entre la tierra, el hombre, su entorno y los sue\u00f1os que lo acompa\u00f1an, un motivo de gran celebraci\u00f3n para augurar as\u00ed una excelente temporada.<br \/>\nEn el marco de estas celebraciones, Vin\u00edcola El Cielo ha preparado actividades y experiencias \u00fanicas que dieron inicio el domingo 31 de julio, con una emotiva misa de inicio de vendimia en la Capilla de Nuestra Se\u00f1ora de los Milagros ubicada en El Cielo Resort, propiedad operada por Grupo Presidente.<br \/>\nDel 1\u00ba de agosto al 30 de septiembre se podr\u00e1 disfrutar Un d\u00eda en El Cielo, el recorrido m\u00e1s completo donde se podr\u00e1 vivir la experiencia de la cosecha de la uva, esta actividad incluye, desayuno, cetrer\u00eda, vendimia, recorrido<img decoding=\"async\" class=\"size-medium wp-image-369371 alignright\" src=\"https:\/\/dimensionturistica.com\/es\/wp-content\/uploads\/2022\/08\/377074603-Platillo-1-768x512-1-300x200.jpg\" alt=\"\" width=\"300\" height=\"200\" srcset=\"https:\/\/dimensionturistica.com\/es\/wp-content\/uploads\/2022\/08\/377074603-Platillo-1-768x512-1-300x200.jpg 300w, https:\/\/dimensionturistica.com\/es\/wp-content\/uploads\/2022\/08\/377074603-Platillo-1-768x512-1-750x500.jpg 750w, https:\/\/dimensionturistica.com\/es\/wp-content\/uploads\/2022\/08\/377074603-Platillo-1-768x512-1.jpg 768w\" sizes=\"(max-width: 300px) 100vw, 300px\" \/> por los vi\u00f1edos y comida maridaje; si se desea solamente tener la Experiencia Vendimia, esta, es ideal para poder practicar la cosecha de la uva e incluye, degustaci\u00f3n, la tradicional pisa de uva y comida maridaje. Las actividades se realizan en grupos reducidos o en familia. El staff de El Cielo est\u00e1 listo para atender a sus peticiones y reservaciones.<br \/>\nAs\u00edmismo, los festivales arrancan con uno de los restaurantes insignia de Grupo Presidente, Alfredo di Roma, bajo la direcci\u00f3n del Chef Mauro Checchio, que estar\u00e1 presente en el Valle de Guadalupe del viernes 19 de agosto al viernes 2 de septiembre en el restaurante Latitud 32 con los platillos m\u00e1s emblem\u00e1ticos y tradicionales que lo han convertido en un verdadero \u00edcono de la gastronom\u00eda italiana en la Ciudad de M\u00e9xico.<br \/>\nTambi\u00e9n, imperdible, es la cena maridaje de 4 tiempos con observaci\u00f3n astron\u00f3mica con telescopios profesionales denominada \u201cBajo el Cielo con aromas de la Toscana\u201d a cargo del Chef Mauro Chiecchio y Alejandro Daboub Chef Ejecutivo de la Vin\u00edcola, el viernes 26 de agosto y jueves 1 de septiembre a las 18:30 horas en Pasaje de la Terraza Equinox, amenizada por saxof\u00f3n en vivo y la espectacular vista hacia los vi\u00f1edos.<img decoding=\"async\" class=\"size-medium wp-image-369373 alignright\" src=\"https:\/\/dimensionturistica.com\/es\/wp-content\/uploads\/2022\/08\/El-Cielo-Hotel-y-Vinedo-300x200.jpeg\" alt=\"\" width=\"300\" height=\"200\" srcset=\"https:\/\/dimensionturistica.com\/es\/wp-content\/uploads\/2022\/08\/El-Cielo-Hotel-y-Vinedo-300x200.jpeg 300w, https:\/\/dimensionturistica.com\/es\/wp-content\/uploads\/2022\/08\/El-Cielo-Hotel-y-Vinedo-1024x682.jpeg 1024w, https:\/\/dimensionturistica.com\/es\/wp-content\/uploads\/2022\/08\/El-Cielo-Hotel-y-Vinedo-768x512.jpeg 768w, https:\/\/dimensionturistica.com\/es\/wp-content\/uploads\/2022\/08\/El-Cielo-Hotel-y-Vinedo-1536x1024.jpeg 1536w, https:\/\/dimensionturistica.com\/es\/wp-content\/uploads\/2022\/08\/El-Cielo-Hotel-y-Vinedo-750x500.jpeg 750w, https:\/\/dimensionturistica.com\/es\/wp-content\/uploads\/2022\/08\/El-Cielo-Hotel-y-Vinedo-1140x760.jpeg 1140w, https:\/\/dimensionturistica.com\/es\/wp-content\/uploads\/2022\/08\/El-Cielo-Hotel-y-Vinedo.jpeg 1688w\" sizes=\"(max-width: 300px) 100vw, 300px\" \/><br \/>\nOtra muestra culinaria que no debe perderse es \u201cLas Mil y una Noches\u201d una experiencia gastron\u00f3mica marroqu\u00ed m\u00e1gica, a cargo del chef Alejandro Daboub acompa\u00f1ado por el Chef invitado Moumen Nouri del restaurante Kous Kous, durante los d\u00edas, mi\u00e9rcoles 10 y 17 y martes 23 y 30 de agosto a partir de las 18:00 horas. Esta experiencia se llevar\u00e1 a cabo en el Jard\u00edn del Restaurante Latitud 32 dentro de la Vin\u00edcola y se amenizar\u00e1 con m\u00fasica \u00e1rabe y el popular belly dance.<br \/>\n\u201cEl Cielo en la Noche\u201d es un recorrido astro enol\u00f3gico. El 19 de agosto entre las 20:00 y las 23:00 horas, en el jard\u00edn de la Vin\u00edcola habr\u00e1 una parrillada y fogata en donde adem\u00e1s podr\u00e1n observar los astros con telescopios especializados. Habr\u00e1 degustaci\u00f3n de vinos de la l\u00ednea constelaciones y un ambiente de fiesta en medio de las fiestas de la vendimia en el Valle de Guadalupe.<br \/>\nEl 25 de agosto a las 19:00 horas, recibir\u00e1n en casa a la reconocida Chef Ana Martorell para ofrecer una elegante Cena a Cuatro Manos. Ser\u00e1n 7 tiempos con su correspondiente maridaje hecho por la Sommelier<img decoding=\"async\" class=\"size-medium wp-image-369374 alignright\" src=\"https:\/\/dimensionturistica.com\/es\/wp-content\/uploads\/2022\/08\/el-cielo-hotel-2-300x164.jpg\" alt=\"\" width=\"300\" height=\"164\" srcset=\"https:\/\/dimensionturistica.com\/es\/wp-content\/uploads\/2022\/08\/el-cielo-hotel-2-300x164.jpg 300w, https:\/\/dimensionturistica.com\/es\/wp-content\/uploads\/2022\/08\/el-cielo-hotel-2-768x419.jpg 768w, https:\/\/dimensionturistica.com\/es\/wp-content\/uploads\/2022\/08\/el-cielo-hotel-2-750x409.jpg 750w, https:\/\/dimensionturistica.com\/es\/wp-content\/uploads\/2022\/08\/el-cielo-hotel-2.jpg 1024w\" sizes=\"(max-width: 300px) 100vw, 300px\" \/> Georgina Estrada, Embajadora Nacional de El Cielo y del Champagne Piper-Heidsieck; se amenizar\u00e1 con m\u00fasica en vivo. El escenario ser\u00e1n los reservorios y los vi\u00f1edos pues los invitados ser\u00e1n recibidos en el Atrio de la Capilla Nuestra Se\u00f1ora de los Milagros en el coraz\u00f3n de El Cielo Resort. Vive las fiestas de la Vendimia 2022 en El Cielo Valle de Guadalupe.<br \/>\nReservaciones y hospedaje 646 151 6515, www.vinoselcielo.com.mx<\/p>\n<p>Festivales gastron\u00f3micos:<br \/>\nAlfredo di Roma<br \/>\nBajo El Cielo con Aromas de la Toscana<br \/>\nLas Mil y una Noches una experiencia gastron\u00f3mica marroqu\u00ed m\u00e1gica y<br \/>\nCena maridaje a cuatro manos<\/p>\n","protected":false},"excerpt":{"rendered":"<p>Llega agosto y con ello, la alegr\u00eda por la cosecha de la vid en Vin\u00edcola El Cielo, y as\u00ed celebrar la vendimia, en su definici\u00f3n m\u00e1s pura, el acto de hacer la recolecta, siendo el \u00faltimo resultado de la relaci\u00f3n entre la tierra, el hombre, su entorno y los sue\u00f1os que lo acompa\u00f1an, un motivo [&hellip;]<\/p>\n","protected":false},"author":1,"featured_media":369372,"comment_status":"open","ping_status":"closed","sticky":false,"template":"","format":"standard","meta":{"om_disable_all_campaigns":false,"jnews-multi-image_gallery":[],"jnews_single_post":{"source_name":"","source_url":"","via_name":"","via_url":"","override_template":"0","override":[{"template":"1","single_blog_custom":"","parallax":"1","fullscreen":"1","layout":"right-sidebar","sidebar":"default-sidebar","second_sidebar":"default-sidebar","sticky_sidebar":"1","share_position":"top","share_float_style":"share-monocrhome","show_share_counter":"1","show_view_counter":"1","show_featured":"1","show_post_meta":"1","show_post_author":"1","show_post_author_image":"1","show_post_date":"1","post_date_format":"default","post_date_format_custom":"Y\/m\/d","show_post_category":"1","show_post_reading_time":"0","post_reading_time_wpm":"300","show_zoom_button":"0","zoom_button_out_step":"2","zoom_button_in_step":"3","show_post_tag":"1","show_prev_next_post":"1","show_popup_post":"1","number_popup_post":"1","show_author_box":"0","show_post_related":"0","show_inline_post_related":"0"}],"override_image_size":"0","image_override":[{"single_post_thumbnail_size":"crop-500","single_post_gallery_size":"crop-500"}],"trending_post":"0","trending_post_position":"meta","trending_post_label":"Trending","sponsored_post":"0","sponsored_post_label":"Sponsored by","sponsored_post_name":"","sponsored_post_url":"","sponsored_post_logo_enable":"0","sponsored_post_logo":"","sponsored_post_desc":"","disable_ad":"0"},"jnews_primary_category":{"id":""},"jnews_social_meta":{"fb_title":"","fb_description":"","fb_image":"","twitter_title":"","twitter_description":"","twitter_image":""},"footnotes":""},"categories":[43],"tags":[],"class_list":["post-369365","post","type-post","status-publish","format-standard","has-post-thumbnail","hentry","category-gourmet"],"_links":{"self":[{"href":"https:\/\/dimensionturistica.com\/es\/wp-json\/wp\/v2\/posts\/369365","targetHints":{"allow":["GET"]}}],"collection":[{"href":"https:\/\/dimensionturistica.com\/es\/wp-json\/wp\/v2\/posts"}],"about":[{"href":"https:\/\/dimensionturistica.com\/es\/wp-json\/wp\/v2\/types\/post"}],"author":[{"embeddable":true,"href":"https:\/\/dimensionturistica.com\/es\/wp-json\/wp\/v2\/users\/1"}],"replies":[{"embeddable":true,"href":"https:\/\/dimensionturistica.com\/es\/wp-json\/wp\/v2\/comments?post=369365"}],"version-history":[{"count":0,"href":"https:\/\/dimensionturistica.com\/es\/wp-json\/wp\/v2\/posts\/369365\/revisions"}],"wp:featuredmedia":[{"embeddable":true,"href":"https:\/\/dimensionturistica.com\/es\/wp-json\/wp\/v2\/media\/369372"}],"wp:attachment":[{"href":"https:\/\/dimensionturistica.com\/es\/wp-json\/wp\/v2\/media?parent=369365"}],"wp:term":[{"taxonomy":"category","embeddable":true,"href":"https:\/\/dimensionturistica.com\/es\/wp-json\/wp\/v2\/categories?post=369365"},{"taxonomy":"post_tag","embeddable":true,"href":"https:\/\/dimensionturistica.com\/es\/wp-json\/wp\/v2\/tags?post=369365"}],"curies":[{"name":"wp","href":"https:\/\/api.w.org\/{rel}","templated":true}]}}