{"id":369072,"date":"2022-08-12T08:30:06","date_gmt":"2022-08-12T08:30:06","guid":{"rendered":"https:\/\/dimensionturistica.com\/es\/?p=369072"},"modified":"2022-08-12T08:30:06","modified_gmt":"2022-08-12T08:30:06","slug":"no-da-tregua-la-viruela-del-mono-en-la-isla-agencias","status":"publish","type":"post","link":"https:\/\/dimensionturistica.com\/es\/no-da-tregua-la-viruela-del-mono-en-la-isla-agencias\/","title":{"rendered":"No da tregua la viruela del mono en la Isla | Agencias"},"content":{"rendered":"<p> <br \/>\n<\/p>\n<div id=\"article-body\" itemprop=\"articleBody\">\n                                <meta itemprop=\"isAccessibleForFree\" content=\"true\"\/><\/p>\n<p>La tendencia al aumento del contagio con la viruela s\u00edmica o del mono \u2014\u2018monkeypox\u2019, en ingl\u00e9s\u2014 que se registra en Estados Unidos, se ha comenzado a evidenciar en Puerto Rico con 45 casos confirmados y 15 sospechosos, inform\u00f3 la doctora Melissa Marz\u00e1n, principal oficial de Epidemiolog\u00eda en el Departamento de Salud. \u00a0<\/p>\n<p>En declaraciones a <strong>EL VOCERO<\/strong>, Marz\u00e1n detall\u00f3 que de los 45 casos confirmados, 44 son hombres y hay una mujer. Especific\u00f3 que la edad promedio de estos pacientes es de 40 a\u00f1os. Agreg\u00f3 que el contagiado m\u00e1s joven tiene 19 a\u00f1os, mientras que el de mayor edad corresponde a una persona de 61 a\u00f1os. \u00a0<\/p>\n<p>La funcionaria indic\u00f3 que el 40% de los casos tiene historial de viaje, y el restante 60% corresponde a personas que no han viajado recientemente fuera del Pa\u00eds. Puntualiz\u00f3 que las cifras evidencian que hay un alto nivel de transmisi\u00f3n comunitaria de esta rara enfermedad, que se contagia de animales a humanos y de persona a persona. \u00a0<\/p>\n<p>La regi\u00f3n con m\u00e1s casos es la metropolitana, por lo que la meta de Salud es \u201cidentificar todos los casos y en segundo lugar la vacunaci\u00f3n de las personas expuestas\u201d, se\u00f1al\u00f3 Marz\u00e1n.<\/p>\n<div class=\"inline-asset inline-article  subscriber-hide tnt-inline-asset tnt-inline-relcontent tnt-inline-article tnt-inline-relation-child tnt-inline-presentation-short-summary tnt-inline-alignment-default tnt-inline-width-default\">\n<article id=\"card-summary-9aacddb4-1978-11ed-b789-9f774fc030d7\" class=\"tnt-asset-type-article clearfix card summary has-image  letterbox-style-default  tnt-section-actualidad tnt-sub-section-salud\">\n<div class=\"card-container\">\n<div class=\"card-image \">\n<div class=\"media-preview-9aacddb4-1978-11ed-b789-9f774fc030d7 media-preview article-asset \" data-aspect=\"\">\n<figure class=\"photo layout-horizontal letterbox-style-default\">\n<div class=\"image\">\n<p>                    <a rel=\"nofollow noopener\" target=\"_blank\" href=\"https:\/\/www.elvocero.com\/actualidad\/salud\/aumentan-a-45-los-casos-confirmados-de-la-viruela-del-mono-en-puerto-rico\/article_9aacddb4-1978-11ed-b789-9f774fc030d7.html\" class=\"tnt-asset-link\" aria-label=\"Aumentan a 45 los casos confirmados de la viruela del mono en Puerto Rico\"><\/p>\n<p>                &#13;<br \/>\n                        <img loading=\"lazy\" decoding=\"async\" src=\"data:image\/png;base64,iVBORw0KGgoAAAANSUhEUgAAAAQAAAADCAQAAAAe\/WZNAAAAEElEQVR42mM8U88ABowYDABAxQPltt5zqAAAAABJRU5ErkJggg==\" alt=\"Aumentan a 45 los casos confirmados de la viruela del mono en Puerto Rico\" class=\"img-responsive lazyload full default\" width=\"1763\" height=\"1175\" data-sizes=\"auto\" data-srcset=\"https:\/\/bloximages.newyork1.vip.townnews.com\/elvocero.com\/content\/tncms\/assets\/v3\/editorial\/d\/b5\/db575d1e-8a01-11ec-8224-db6124754fe9\/620451779ad77.image.jpg?resize=150%2C100 150w, https:\/\/bloximages.newyork1.vip.townnews.com\/elvocero.com\/content\/tncms\/assets\/v3\/editorial\/d\/b5\/db575d1e-8a01-11ec-8224-db6124754fe9\/620451779ad77.image.jpg?resize=200%2C133 200w, https:\/\/bloximages.newyork1.vip.townnews.com\/elvocero.com\/content\/tncms\/assets\/v3\/editorial\/d\/b5\/db575d1e-8a01-11ec-8224-db6124754fe9\/620451779ad77.image.jpg?resize=225%2C150 225w, https:\/\/bloximages.newyork1.vip.townnews.com\/elvocero.com\/content\/tncms\/assets\/v3\/editorial\/d\/b5\/db575d1e-8a01-11ec-8224-db6124754fe9\/620451779ad77.image.jpg?resize=300%2C200 300w, https:\/\/bloximages.newyork1.vip.townnews.com\/elvocero.com\/content\/tncms\/assets\/v3\/editorial\/d\/b5\/db575d1e-8a01-11ec-8224-db6124754fe9\/620451779ad77.image.jpg?resize=400%2C267 400w, https:\/\/bloximages.newyork1.vip.townnews.com\/elvocero.com\/content\/tncms\/assets\/v3\/editorial\/d\/b5\/db575d1e-8a01-11ec-8224-db6124754fe9\/620451779ad77.image.jpg?resize=540%2C360 540w, https:\/\/bloximages.newyork1.vip.townnews.com\/elvocero.com\/content\/tncms\/assets\/v3\/editorial\/d\/b5\/db575d1e-8a01-11ec-8224-db6124754fe9\/620451779ad77.image.jpg?resize=640%2C427 640w, https:\/\/bloximages.newyork1.vip.townnews.com\/elvocero.com\/content\/tncms\/assets\/v3\/editorial\/d\/b5\/db575d1e-8a01-11ec-8224-db6124754fe9\/620451779ad77.image.jpg?resize=750%2C500 750w, https:\/\/bloximages.newyork1.vip.townnews.com\/elvocero.com\/content\/tncms\/assets\/v3\/editorial\/d\/b5\/db575d1e-8a01-11ec-8224-db6124754fe9\/620451779ad77.image.jpg?resize=990%2C660 990w, https:\/\/bloximages.newyork1.vip.townnews.com\/elvocero.com\/content\/tncms\/assets\/v3\/editorial\/d\/b5\/db575d1e-8a01-11ec-8224-db6124754fe9\/620451779ad77.image.jpg?resize=1035%2C690 1035w, https:\/\/bloximages.newyork1.vip.townnews.com\/elvocero.com\/content\/tncms\/assets\/v3\/editorial\/d\/b5\/db575d1e-8a01-11ec-8224-db6124754fe9\/620451779ad77.image.jpg?resize=1200%2C800 1200w, https:\/\/bloximages.newyork1.vip.townnews.com\/elvocero.com\/content\/tncms\/assets\/v3\/editorial\/d\/b5\/db575d1e-8a01-11ec-8224-db6124754fe9\/620451779ad77.image.jpg?resize=1333%2C888 1333w, https:\/\/bloximages.newyork1.vip.townnews.com\/elvocero.com\/content\/tncms\/assets\/v3\/editorial\/d\/b5\/db575d1e-8a01-11ec-8224-db6124754fe9\/620451779ad77.image.jpg?resize=1476%2C984 1476w, https:\/\/bloximages.newyork1.vip.townnews.com\/elvocero.com\/content\/tncms\/assets\/v3\/editorial\/d\/b5\/db575d1e-8a01-11ec-8224-db6124754fe9\/620451779ad77.image.jpg?resize=1763%2C1175 2008w\"\/><br \/>\n                <\/a><\/p><\/div>\n<\/figure>\n<\/div><\/div><\/div>\n<\/article>\n<\/div>\n<p>Indic\u00f3 que el pasado martes el gobierno federal emiti\u00f3 nuevas gu\u00edas para la vacunaci\u00f3n y adelant\u00f3 que \u201chabr\u00e1 cambios\u201d, pero no especific\u00f3 cu\u00e1les. \u00a0<\/p>\n<p>\u201cYa es una emergencia de salud p\u00fablica seg\u00fan el gobierno federal, por lo que se est\u00e1n extendiendo las estrategias de vacunaci\u00f3n, en Estados Unidos y los territorios. Todos somos susceptibles. El modo principal de contagio es piel con piel con personas con las lesiones en la piel\u201d, explic\u00f3 Marz\u00e1n, quien hizo un llamado a la ciudadan\u00eda a tomar medidas de prevenci\u00f3n. \u00a0<\/p>\n<p>La epidemi\u00f3loga aconsej\u00f3 que \u201csi tiene sospechas de tener el virus, a\u00edslese y no comparta utensilios de comer, ni la ropa de cama. El uso de mascarilla y lavado de mano tambi\u00e9n es relevante para evitar la viruela s\u00edmica\u201d.<\/p>\n<p><strong>Recomendaciones<\/strong><\/p>\n<p>Los Centros para el Management y la Prevenci\u00f3n de Enfermedades de Estados Unidos (CDC, por sus siglas en ingl\u00e9s) publicaron el viernes pasado las recomendaciones para limitar la exposici\u00f3n a la viruela del mono relacionadas a la actividad sexual y las reuniones sociales. La entidad federal especific\u00f3 que son cambios temporales para desacelerar la propagaci\u00f3n del virus. \u00a0<\/p>\n<p>Seg\u00fan se inform\u00f3, se recomienda adoptar el intercambio de la informaci\u00f3n de contacto con toda pareja para \u2014si fuese necesario\u2014 poder hacer seguimiento sobre la salud sexual, y hablar con la pareja sobre los s\u00edntomas del virus.<\/p>\n<p>Tambi\u00e9n se enfatiza en que si est\u00e1 contagiado, la mejor forma de protegerse es evitando las relaciones sexuales de cualquier tipo y no besar ni tocarse el cuerpo el uno al otro mientras est\u00e1 enfermo. \u00a0<\/p>\n<p>\u201cLos espacios cerrados, como habitaciones posteriores, saunas, clubes o fiestas sexuales privadas y p\u00fablicas donde hay contacto \u00edntimo y, a menudo, contacto sexual an\u00f3nimo con m\u00faltiples personas, presentan una mayor probabilidad de propagaci\u00f3n de la viruela s\u00edmica\u201d, informan los CDC en el documento publicado. \u00a0<\/p>\n<p><strong>Limitada cantidad de vacunas<\/strong><\/p>\n<p>Los CDC enfatizan en que la vacunaci\u00f3n es una herramienta importante para prevenir la propagaci\u00f3n de la viruela s\u00edmica o del mono. \u00a0<\/p>\n<p>Tambi\u00e9n informaron que debido a que \u201cen la actualidad hay un suministro limitado de vacunas, considere cambiar temporalmente algunos comportamientos que podr\u00edan aumentar el riesgo de exponerse\u201d.<\/p>\n<p>La entidad a\u00f1ade que reducir o evitar los comportamientos que aumentan el riesgo de exponerse a la viruela s\u00edmica es elementary durante el periodo entre la primera y la segunda dosis de la vacuna.<\/p>\n<p>\u201cSu protecci\u00f3n estar\u00e1 al nivel m\u00e1s alto cuando hayan pasado dos semanas despu\u00e9s de la segunda dosis de la vacuna\u201d, establecen. \u00a0<\/p>\n<p>En Puerto Rico, el primer caso de viruela del mono se registr\u00f3 el pasado 29 de junio.<\/p>\n<p>De acuerdo con los CDC, el complete de 10,392 casos confirmados del virus Orthopox\/Viruela del Mono ha sido reportado en Estados Unidos. Adem\u00e1s, se han reportado 31,800 casos en 89 pa\u00edses, con un saldo de 12 muertes, seg\u00fan los datos publicados por la entidad federal. \u00a0<\/p>\n<p><strong>Incrementar disponibilidad\u00a0<\/strong><\/p>\n<p>El pasado martes, la Administraci\u00f3n Federal de Alimentos y Medicamentos (FDA, por sus siglas en ingl\u00e9s) emiti\u00f3 una Autorizaci\u00f3n de Uso de Emergencia (EUA) que permite reducir la dosis de la vacuna que se administra a las personas que se considera est\u00e1n en mayor riesgo de contraer la viruela s\u00edmica, incrementando as\u00ed la disponibilidad. \u00a0<\/p>\n<p>Adem\u00e1s, la Organizaci\u00f3n Panamericana de Salud (OPS) aprob\u00f3 una resoluci\u00f3n que propone lograr acceso equitativo a la vacuna y anunci\u00f3 que est\u00e1 en conversaciones con la farmac\u00e9utica Bavarian Nordic \u2014compa\u00f1\u00eda que produce la vacuna Jynneos\u2014 para ayudar a que haya una mayor distribuci\u00f3n.<\/p>\n<p>\u201cHay que facilitar una respuesta coordinada\u201d, establece la OPS.\u00a0\u00a0<\/p>\n<div id=\"tncms-region-article_bottom_content\" class=\"tncms-region hidden-print\">\n<div id=\"tncms-block-1281565\" class=\"tncms-block\">\n<div class=\"visible-xs visible-sm\">\n<p style=\"font-style:italic\">Recibe m\u00e1s informaci\u00f3n sobre esta y otras noticias. Pulsa aqu\u00ed si eres usuario de <a rel=\"nofollow noopener\" target=\"_blank\" href=\"https:\/\/play.google.com\/store\/apps\/details?id=hr.apps.n207032405&amp;hl=en&amp;gl=US\">Android<\/a> o de <a rel=\"nofollow noopener\" target=\"_blank\" href=\"https:\/\/apps.apple.com\/us\/app\/el-vocero-de-puerto-rico\/id569268626\">iPhone<\/a>.<\/p>\n<\/div>\n<\/div>\n<\/div><\/div>\n<p><script>\n!function(f,b,e,v,n,t,s)\n{if(f.fbq)return;n=f.fbq=function(){n.callMethod?\nn.callMethod.apply(n,arguments):n.queue.push(arguments)};\nif(!f._fbq)f._fbq=n;n.push=n;n.loaded=!0;n.version='2.0';\nn.queue=[];t=b.createElement(e);t.async=!0;\nt.src=v;s=b.getElementsByTagName(e)[0];\ns.parentNode.insertBefore(t,s)}(window, document,'script',\n'https:\/\/connect.facebook.net\/en_US\/fbevents.js');\nfbq('init', '1815340891988198');\nfbq('track', 'PageView');\n<\/script><br \/>\n<br \/><\/p>\n<p><em> &#8221; Fuentes www.elvocero.com &#8221; <\/em><\/p>\n","protected":false},"excerpt":{"rendered":"<p>La tendencia al aumento del contagio con la viruela s\u00edmica o del mono \u2014\u2018monkeypox\u2019, en ingl\u00e9s\u2014 que se registra en Estados Unidos, se ha comenzado a evidenciar en Puerto Rico con 45 casos confirmados y 15 sospechosos, inform\u00f3 la doctora Melissa Marz\u00e1n, principal oficial de Epidemiolog\u00eda en el Departamento de Salud. \u00a0 En declaraciones a [&hellip;]<\/p>\n","protected":false},"author":4,"featured_media":369073,"comment_status":"open","ping_status":"closed","sticky":false,"template":"","format":"standard","meta":{"om_disable_all_campaigns":false,"jnews-multi-image_gallery":[],"jnews_single_post":[],"jnews_primary_category":[],"jnews_social_meta":[],"footnotes":""},"categories":[40],"tags":[1161],"class_list":["post-369072","post","type-post","status-publish","format-standard","has-post-thumbnail","hentry","category-industria","tag-agencias"],"_links":{"self":[{"href":"https:\/\/dimensionturistica.com\/es\/wp-json\/wp\/v2\/posts\/369072","targetHints":{"allow":["GET"]}}],"collection":[{"href":"https:\/\/dimensionturistica.com\/es\/wp-json\/wp\/v2\/posts"}],"about":[{"href":"https:\/\/dimensionturistica.com\/es\/wp-json\/wp\/v2\/types\/post"}],"author":[{"embeddable":true,"href":"https:\/\/dimensionturistica.com\/es\/wp-json\/wp\/v2\/users\/4"}],"replies":[{"embeddable":true,"href":"https:\/\/dimensionturistica.com\/es\/wp-json\/wp\/v2\/comments?post=369072"}],"version-history":[{"count":0,"href":"https:\/\/dimensionturistica.com\/es\/wp-json\/wp\/v2\/posts\/369072\/revisions"}],"wp:featuredmedia":[{"embeddable":true,"href":"https:\/\/dimensionturistica.com\/es\/wp-json\/wp\/v2\/media\/369073"}],"wp:attachment":[{"href":"https:\/\/dimensionturistica.com\/es\/wp-json\/wp\/v2\/media?parent=369072"}],"wp:term":[{"taxonomy":"category","embeddable":true,"href":"https:\/\/dimensionturistica.com\/es\/wp-json\/wp\/v2\/categories?post=369072"},{"taxonomy":"post_tag","embeddable":true,"href":"https:\/\/dimensionturistica.com\/es\/wp-json\/wp\/v2\/tags?post=369072"}],"curies":[{"name":"wp","href":"https:\/\/api.w.org\/{rel}","templated":true}]}}