{"id":368983,"date":"2022-08-12T03:58:44","date_gmt":"2022-08-12T03:58:44","guid":{"rendered":"https:\/\/dimensionturistica.com\/es\/?p=368983"},"modified":"2022-08-12T03:58:44","modified_gmt":"2022-08-12T03:58:44","slug":"el-alcalde-dice-que-esta-en-austeridad-pero-no-reducira-sus-viajes-ya-que-es-promocion-para-mazatlan","status":"publish","type":"post","link":"https:\/\/dimensionturistica.com\/es\/el-alcalde-dice-que-esta-en-austeridad-pero-no-reducira-sus-viajes-ya-que-es-promocion-para-mazatlan\/","title":{"rendered":"El Alcalde dice que est\u00e1 en austeridad, pero no reducir\u00e1 sus viajes, ya que es \u2018promoci\u00f3n para Mazatl\u00e1n\u2019"},"content":{"rendered":"<p> <br \/>\n<\/p>\n<div mlnid=\"idcon=2457064;order=6.0\">\n<p>El Alcalde Luis Guillermo Ben\u00edtez Torres se\u00f1al\u00f3 que en el Ayuntamiento de Mazatl\u00e1n est\u00e1 entrando en un proceso de austeridad, pero que no reducir\u00e1 sus viajes dado que eso no es un gasto, sino una inversi\u00f3n.<\/p>\n<p>El edil explic\u00f3 que gracias a sus distintos viajes ha logrado atraer visitantes para Mazatl\u00e1n, y que todos han rendido frutos en la misi\u00f3n de traer turismo al puerto.<\/p>\n<p><b>&#8212; \u00bfVa a reducir los viajes a otras ciudades?<\/b><\/p>\n<p>\u201cEso no tiene nada qu\u00e9 ver con la austeridad, tiene que ver con promoci\u00f3n, los viajes son una inversi\u00f3n, no es un gasto\u201d.<\/p>\n<p><b>&#8212; \u00bfCon recursos municipales tambi\u00e9n?<\/b><\/p>\n<p>\u201cEs una inversi\u00f3n, si no c\u00f3mo tendr\u00edamos turistas, si no saliera a tocar puertas \u00bfA poco creen que llegan solos? No, disc\u00falpame\u201d .<\/p>\n<p>En este 2022 \u201cEl Qu\u00edmico\u201d ha salido continuamente de viaje, entre los que destacan sus visitas al Tianguis Tur\u00edstico, viaje a M\u00e9rida, y a ciudades del extranjero como Florida, del cual no ha cerrado por el momento ning\u00fan trato que pudiera beneficiar a Mazatl\u00e1n.<\/p>\n<p>Ben\u00edtez Torres dijo que no se han cuidado al 100 por ciento los recursos de la Comuna, pero descart\u00f3 que se est\u00e9n presentando excesos.<\/p>\n<p>\u201cYa les hab\u00edamos dicho que estamos en austeridad porque a veces se gasta cuando no es el dinero de uno y no se cuidan las cosas, y esa es una instrucci\u00f3n m\u00eda, que tenemos que ajustarnos para que las cosas est\u00e9n bien\u201d.<\/p>\n<p><b>&#8212; \u00bfSe han reportado excesos Alcalde?<\/b><\/p>\n<p>\u201cM\u00e1s que excesos, no se cuidan algunas cosas, como es dinero de la ciudad, pues ya saben\u201d.<\/p>\n<p><b>&#8212; \u00bfEl Carnaval va a ser austero? <\/b><\/p>\n<p>\u201cAhorita todav\u00eda no es tiempo para ver c\u00f3mo va a ser el Carnaval, lo que s\u00ed les aseguro es que va a seguir siendo el mejor Carnaval de M\u00e9xico\u201d.<\/p>\n<\/p><\/div>\n\n<p><em> &#8221; Fuentes www.noroeste.com.mx &#8221; <\/em><\/p>\n","protected":false},"excerpt":{"rendered":"<p>El Alcalde Luis Guillermo Ben\u00edtez Torres se\u00f1al\u00f3 que en el Ayuntamiento de Mazatl\u00e1n est\u00e1 entrando en un proceso de austeridad, pero que no reducir\u00e1 sus viajes dado que eso no es un gasto, sino una inversi\u00f3n. El edil explic\u00f3 que gracias a sus distintos viajes ha logrado atraer visitantes para Mazatl\u00e1n, y que todos han [&hellip;]<\/p>\n","protected":false},"author":4,"featured_media":368984,"comment_status":"open","ping_status":"closed","sticky":false,"template":"","format":"standard","meta":{"om_disable_all_campaigns":false,"jnews-multi-image_gallery":[],"jnews_single_post":[],"jnews_primary_category":[],"jnews_social_meta":[],"footnotes":""},"categories":[39],"tags":[18734],"class_list":["post-368983","post","type-post","status-publish","format-standard","has-post-thumbnail","hentry","category-viajes","tag-antonio-olazabal"],"_links":{"self":[{"href":"https:\/\/dimensionturistica.com\/es\/wp-json\/wp\/v2\/posts\/368983","targetHints":{"allow":["GET"]}}],"collection":[{"href":"https:\/\/dimensionturistica.com\/es\/wp-json\/wp\/v2\/posts"}],"about":[{"href":"https:\/\/dimensionturistica.com\/es\/wp-json\/wp\/v2\/types\/post"}],"author":[{"embeddable":true,"href":"https:\/\/dimensionturistica.com\/es\/wp-json\/wp\/v2\/users\/4"}],"replies":[{"embeddable":true,"href":"https:\/\/dimensionturistica.com\/es\/wp-json\/wp\/v2\/comments?post=368983"}],"version-history":[{"count":0,"href":"https:\/\/dimensionturistica.com\/es\/wp-json\/wp\/v2\/posts\/368983\/revisions"}],"wp:featuredmedia":[{"embeddable":true,"href":"https:\/\/dimensionturistica.com\/es\/wp-json\/wp\/v2\/media\/368984"}],"wp:attachment":[{"href":"https:\/\/dimensionturistica.com\/es\/wp-json\/wp\/v2\/media?parent=368983"}],"wp:term":[{"taxonomy":"category","embeddable":true,"href":"https:\/\/dimensionturistica.com\/es\/wp-json\/wp\/v2\/categories?post=368983"},{"taxonomy":"post_tag","embeddable":true,"href":"https:\/\/dimensionturistica.com\/es\/wp-json\/wp\/v2\/tags?post=368983"}],"curies":[{"name":"wp","href":"https:\/\/api.w.org\/{rel}","templated":true}]}}