{"id":368972,"date":"2022-08-12T02:49:30","date_gmt":"2022-08-12T02:49:30","guid":{"rendered":"https:\/\/dimensionturistica.com\/es\/?p=368972"},"modified":"2022-08-12T02:49:30","modified_gmt":"2022-08-12T02:49:30","slug":"vicky-foods-dulcesol-supera-los-400-millones-y-ralentiza-inversiones-por-el-alza-de-costes","status":"publish","type":"post","link":"https:\/\/dimensionturistica.com\/es\/vicky-foods-dulcesol-supera-los-400-millones-y-ralentiza-inversiones-por-el-alza-de-costes\/","title":{"rendered":"Vicky Foods (Dulcesol) supera los 400 millones y ralentiza inversiones por el alza de costes"},"content":{"rendered":"<p> <br \/>\n<\/p>\n<div>\n<p>El grupo de alimentaci\u00f3n <b>Vicky Meals, fabricante de la marca Dulcesol, cerr\u00f3 el ejercicio 2021 con una facturaci\u00f3n de 405 millones de euros, un 7,7% m\u00e1s<\/b>, <a target=\"_blank\" href=\"https:\/\/www.eleconomista.es\/empresas-finanzas\/noticias\/11588533\/01\/22\/Vocky-Foods-Dulcesol-aumenta-su-negocio-de-pan-un-31-hasta-127-millones.html\" rel=\"noopener\">un crecimiento basado sobre todo en sus l\u00edneas de pan<\/a>.\u00a0 Pese a ello, la escalada de costes en las materias primas y en la energ\u00eda est\u00e1 teniendo un fuerte impacto en su actividad y <b>la empresa acquainted valenciana ha ralentizado sus inversiones previstas<\/b> por la incertidumbre, los problemas de suministro y el alza de los precios.<\/p>\n<p>En concreto, <b>Vicky Meals <a target=\"_blank\" href=\"https:\/\/www.eleconomista.es\/distribucion\/noticias\/11117195\/03\/21\/Vicky-Foods-fabricante-de-Dulcesol-crece-un-65-y-preve-invertir-75-millones.html\" rel=\"noopener\">ten\u00eda previsto invertir 75 millones de euros entre 2021 y 2022<\/a>. Una cifra que ahora sit\u00faa en unos 50 millones de euro<\/b>s, tras destinar 19,5 millones a nuevos equipos, infraestructuras e I+D el a\u00f1o pasado. Seg\u00fan explic\u00f3 su consejero delegado, Rafael Juan, <b>el impacto de la pandemia<\/b>, por un lado, <b>y el incremento de todos los costes<\/b> en los \u00faltimos meses llev\u00f3 a la compa\u00f1\u00eda a frenar sus inversiones y revisar si sus planes de crecimiento internacional eran sostenibles, ante el alza tambi\u00e9n de los costes log\u00edsticos.<\/p>\n<p>Adem\u00e1s sus nuevas inversiones tambi\u00e9n se han visto retrasadas por los problemas de suministro de materiales, como en el caso de su f\u00e1brica en construcci\u00f3n en Francia. <b>&#8220;Todo esto ha supuesto un decalaje de al menos 6 meses en nuestro planes de inversi\u00f3n&#8221;, reconoci\u00f3 Juan<\/b>, que pese a ello destac\u00f3 que la compa\u00f1\u00eda mantiene todos sus proyectos. <b><a target=\"_blank\" href=\"https:\/\/www.eleconomista.es\/valenciana\/noticias\/11146790\/04\/21\/Dulcesol-Vicky-Foods-invierte-45-millones-en-una-factoria-en-Francia.html\" rel=\"noopener\">En el caso de la planta francesa que estaba previsto que operase a finales de 2022, sus estimaciones ahora se sit\u00faan en 2024<\/a><\/b>.<\/p>\n<h2>Alternativas al girasol de Ucrania<\/h2>\n<p>El fabricante de panader\u00eda, boller\u00eda y alimentaci\u00f3n tambi\u00e9n ha sufrido duramente <b>el impacto de los problemas de suministro de materias primas b\u00e1sicas como el aceite de girasol y el trigo por la disaster de la guerra de Ucrania<\/b>. Una situaci\u00f3n que aunque a\u00fan no se ha normalizado, espera que lo haga en breve con la sustituci\u00f3n de proveedores y <b>el empleo de alternativas como aceite de soja y de nabina (colza)<\/b>. <b>&#8220;En productos b\u00e1sicos las materias primas suponen el 70% del coste total&#8221;<\/b>, se\u00f1al\u00f3 Juan, que puso como ejemplo l<b>os casos de las bolsas de magdalenas y de pan que han llegado a aumentar m\u00e1s de un 100% los costes por esta situaci\u00f3n<\/b>. Unos incrementos que la empresa est\u00e1 repercutiendo a sus precios.<\/p>\n<p>Pese al impacto en los m\u00e1rgenes, que el responsable de Vicky Meals no desvel\u00f3, el grupo valenciano espera seguir aumentando sus ventas este a\u00f1o, al centrarse en &#8220;productos b\u00e1sicos de alimentaci\u00f3n&#8221; y porque en momentos de menor demanda &#8220;el consumo se concentra en el hogar&#8221;.<\/p>\n<h2>Internacional y Argelia<\/h2>\n<p>El grupo valenciano quiere seguir creciendo gracias a<b> la internacionalizaci\u00f3n, que supuso el 22% de sus ventas el a\u00f1o pasado<\/b>, y la diversificaci\u00f3n. <a target=\"_blank\" rel=\"nofollow noopener\" href=\"https:\/\/www.eleconomista.es\/retail\/noticias\/11748976\/05\/22\/Vicky Foods posee una planta en Argelia, uno de sus principales mercados externos\">Vicky Foods posee una planta en Argelia, uno de sus principales mercados externos<\/a>, donde <b>asegura que no ha notado efectos por el giro espa\u00f1ol en la pol\u00edtica sobre el S\u00e1hara que ha criticado el Gobierno argelino<\/b>. Juan record\u00f3 que son dos pa\u00edses con importantes relaciones comerciales y espera que las relaciones vuelvan a la normalidad.<\/p>\n<p>En cuanto a la diversificaci\u00f3n, adem\u00e1s de <b>su l\u00ednea de productos sanos de la marca BePlus que incluye bebidas y de la l\u00ednea de congelados, Horno Hermanos Juan<\/b>, el grupo planea aumentar su referencias de congelados y ya ha alcanzado 50 referencias en helados. &#8220;Lanzaremos nuevos referencias m\u00e1s all\u00e1 de los dulces&#8221;, se\u00f1al\u00f3 su CEO, que <b>tambi\u00e9n plantea crecer en el canal horeca<\/b>.<\/p>\n<div class=\"Article__socialShareContent text-center d-flex justify-content-center align-items-center\">\n<span class=\"d-none\">comentarios<\/span><a target=\"_blank\" href=\"#1648118541665_forum\" onclick=\"jQuery('#not_11748976 .articleZone_Footer').show();window.dataLayer.push({'event': 'event', 'eventoCategoria': 'noticia','eventoAccion': 'boton-flotante-comentarios','eventoEtiqueta': 'Ir a comentar'});\" rel=\"noopener\"><svg xmlns=\"http:\/\/www.w3.org\/2000\/svg\" height=\"34px\" viewbox=\"0 0 24 24\" width=\"34px\" fill=\"currentColor\" style=\"vertical-align: middle;\"><path d=\"M0 0h24v24H0z\" fill=\"none\"\/><path d=\"M21 6h-2v9H6v2c0 .55.45 1 1 1h11l4 4V7c0-.55-.45-1-1-1zm-4 6V3c0-.55-.45-1-1-1H3c-.55 0-1 .45-1 1v14l4-4h10c.55 0 1-.45 1-1z\"\/><\/svg><span class=\"badge badge-danger\">0<\/span><\/a><span class=\"d-none\">WhatsApp<\/span><a target=\"_blank\" href=\"https:\/\/api.whatsapp.com\/send?text=https:\/\/www.eleconomista.es\/retail\/noticias\/11748976\/05\/22\/Vicky-Foods-Dulcesol-supera-los-400-millones-y-ralentiza-inversiones-por-el-alza-de-costes.html?utm_source%3Dwhatsapp%26utm_medium%3Dshare_button&amp;id=1648118629957_whatsapp\" data-action=\"share\/whatsapp\/share\" rel=\"noopener\"><img decoding=\"async\" style=\"vertical-align:middle;\" onclick=\"window.dataLayer.push({'event': 'event', 'eventoCategoria': 'noticia','eventoAccion': 'boton-flotante-whatsapp','eventoEtiqueta': 'Compartir en Whatsapp'});\" src=\"https:\/\/s03.s3c.es\/imag3\/iconos\/svg\/whatsAppGreen.svg\" width=\"33px\" height=\"33px\" alt=\"WhatsApp\"\/><\/a><span class=\"d-none\">Fb<\/span><a target=\"_blank\" onclick=\"return abrirFacebook();\" href=\"#1648118806784_facebook\" rel=\"noopener\"><img decoding=\"async\" style=\"vertical-align:middle;\" onclick=\"window.dataLayer.push({'event': 'event', 'eventoCategoria': 'noticia','eventoAccion': 'boton-flotante-facebook','eventoEtiqueta': 'Compartir en Facebook'});\" src=\"https:\/\/s03.s3c.es\/imag3\/iconos\/svg\/facebookBlue.svg\" width=\"22px\" height=\"34.05px\" alt=\"Facebook\"\/><\/a><span class=\"d-none\">Twitter<\/span><a target=\"_blank\" href=\"https:\/\/twitter.com\/share?text=Vicky+Foods+%28Dulcesol%29+supera+los+400+millones+y+ralentiza+inversiones+por+el+alza+de+costes&amp;url=https:\/\/www.eleconomista.es\/retail\/noticias\/11748976\/05\/22\/Vicky-Foods-Dulcesol-supera-los-400-millones-y-ralentiza-inversiones-por-el-alza-de-costes.html&amp;via=elEconomistaes&amp;id=1648118839245_twitter\" rel=\"noopener\"><img decoding=\"async\" style=\"vertical-align:middle;\" onclick=\"window.dataLayer.push({'event': 'event', 'eventoCategoria': 'noticia','eventoAccion': 'boton-flotante-twitter','eventoEtiqueta': 'Compartir en Twitter'});\" src=\"https:\/\/s03.s3c.es\/imag3\/iconos\/svg\/twitterBlue.svg\" width=\"33px\" height=\"33px\" alt=\"Twitter\"\/><\/a><span class=\"d-none\">Linkedin<\/span><a target=\"_blank\" onclick=\"return abrirLinkedin();\" href=\"#1648118858235_linkedin\" rel=\"noopener\"><img decoding=\"async\" style=\"vertical-align:middle;\" onclick=\"window.dataLayer.push({'event': 'event', 'eventoCategoria': 'noticia','eventoAccion': 'boton-flotante-linkedin','eventoEtiqueta': 'Compartir en Linkedin'});\" src=\"https:\/\/s03.s3c.es\/imag3\/iconos\/svg\/linkedinBlue.svg\" width=\"33px\" height=\"33px\" alt=\"linkedin\"\/><\/a>\n<\/div>\n<\/div>\n<p><script async src=\"\/\/platform.twitter.com\/widgets.js\" charset=\"utf-8\"><\/script><script>\n  !function(f,b,e,v,n,t,s)\n  {if(f.fbq)return;n=f.fbq=function(){n.callMethod?\n  n.callMethod.apply(n,arguments):n.queue.push(arguments)};\n  if(!f._fbq)f._fbq=n;n.push=n;n.loaded=!0;n.version='2.0';\n  n.queue=[];t=b.createElement(e);t.async=!0;\n  t.src=v;s=b.getElementsByTagName(e)[0];\n  s.parentNode.insertBefore(t,s)}(window, document,'script',\n  'https:\/\/connect.facebook.net\/en_US\/fbevents.js');\n  fbq('init', '113015305983050');\n  fbq('track', 'PageView');\n<\/script><br \/>\n<br \/><\/p>\n<p><em> \u2018 The preceding article may include information circulated by third parties \u2019 <\/em><\/p>\n<p><em> \u2018 Some details of this article were extracted from the following source www.eleconomista.es \u2019 <\/em><\/p>\n","protected":false},"excerpt":{"rendered":"<p>El grupo de alimentaci\u00f3n Vicky Meals, fabricante de la marca Dulcesol, cerr\u00f3 el ejercicio 2021 con una facturaci\u00f3n de 405 millones de euros, un 7,7% m\u00e1s, un crecimiento basado sobre todo en sus l\u00edneas de pan.\u00a0 Pese a ello, la escalada de costes en las materias primas y en la energ\u00eda est\u00e1 teniendo un fuerte [&hellip;]<\/p>\n","protected":false},"author":2,"featured_media":368973,"comment_status":"open","ping_status":"closed","sticky":false,"template":"","format":"standard","meta":{"om_disable_all_campaigns":false,"jnews-multi-image_gallery":[],"jnews_single_post":[],"jnews_primary_category":[],"jnews_social_meta":[],"footnotes":""},"categories":[43],"tags":[],"class_list":["post-368972","post","type-post","status-publish","format-standard","has-post-thumbnail","hentry","category-gourmet"],"_links":{"self":[{"href":"https:\/\/dimensionturistica.com\/es\/wp-json\/wp\/v2\/posts\/368972","targetHints":{"allow":["GET"]}}],"collection":[{"href":"https:\/\/dimensionturistica.com\/es\/wp-json\/wp\/v2\/posts"}],"about":[{"href":"https:\/\/dimensionturistica.com\/es\/wp-json\/wp\/v2\/types\/post"}],"author":[{"embeddable":true,"href":"https:\/\/dimensionturistica.com\/es\/wp-json\/wp\/v2\/users\/2"}],"replies":[{"embeddable":true,"href":"https:\/\/dimensionturistica.com\/es\/wp-json\/wp\/v2\/comments?post=368972"}],"version-history":[{"count":0,"href":"https:\/\/dimensionturistica.com\/es\/wp-json\/wp\/v2\/posts\/368972\/revisions"}],"wp:featuredmedia":[{"embeddable":true,"href":"https:\/\/dimensionturistica.com\/es\/wp-json\/wp\/v2\/media\/368973"}],"wp:attachment":[{"href":"https:\/\/dimensionturistica.com\/es\/wp-json\/wp\/v2\/media?parent=368972"}],"wp:term":[{"taxonomy":"category","embeddable":true,"href":"https:\/\/dimensionturistica.com\/es\/wp-json\/wp\/v2\/categories?post=368972"},{"taxonomy":"post_tag","embeddable":true,"href":"https:\/\/dimensionturistica.com\/es\/wp-json\/wp\/v2\/tags?post=368972"}],"curies":[{"name":"wp","href":"https:\/\/api.w.org\/{rel}","templated":true}]}}