{"id":368773,"date":"2022-08-11T19:41:52","date_gmt":"2022-08-11T19:41:52","guid":{"rendered":"https:\/\/dimensionturistica.com\/es\/?p=368773"},"modified":"2022-08-11T19:41:52","modified_gmt":"2022-08-11T19:41:52","slug":"presenta-baja-california-sus-buenos-resultados-de-su-exhibicion-turistica-por-san-diego-california","status":"publish","type":"post","link":"https:\/\/dimensionturistica.com\/es\/presenta-baja-california-sus-buenos-resultados-de-su-exhibicion-turistica-por-san-diego-california\/","title":{"rendered":"Presenta Baja California sus buenos resultados de su exhibici\u00f3n tur\u00edstica por San Diego, California"},"content":{"rendered":"<p><img decoding=\"async\" class=\"size-medium wp-image-368779 alignright\" src=\"https:\/\/dimensionturistica.com\/es\/wp-content\/uploads\/2022\/08\/Casa-Mexico-5-300x200.jpeg\" alt=\"\" width=\"300\" height=\"200\" srcset=\"https:\/\/dimensionturistica.com\/es\/wp-content\/uploads\/2022\/08\/Casa-Mexico-5-300x200.jpeg 300w, https:\/\/dimensionturistica.com\/es\/wp-content\/uploads\/2022\/08\/Casa-Mexico-5-1024x682.jpeg 1024w, https:\/\/dimensionturistica.com\/es\/wp-content\/uploads\/2022\/08\/Casa-Mexico-5-768x512.jpeg 768w, https:\/\/dimensionturistica.com\/es\/wp-content\/uploads\/2022\/08\/Casa-Mexico-5-1536x1023.jpeg 1536w, https:\/\/dimensionturistica.com\/es\/wp-content\/uploads\/2022\/08\/Casa-Mexico-5-750x500.jpeg 750w, https:\/\/dimensionturistica.com\/es\/wp-content\/uploads\/2022\/08\/Casa-Mexico-5-1140x760.jpeg 1140w, https:\/\/dimensionturistica.com\/es\/wp-content\/uploads\/2022\/08\/Casa-Mexico-5.jpeg 1600w\" sizes=\"(max-width: 300px) 100vw, 300px\" \/>\u00a0Por primera vez, el Consulado General de M\u00e9xico en San Diego present\u00f3 Casa M\u00e9xico, celebraci\u00f3n de la cultura y tradici\u00f3n de M\u00e9xico, dedicada a los estados de Baja California y Yucat\u00e1n; en el marco de la Comic Con, uno de los encuentros de entretenimiento, cultura pop, c\u00f3mics, cine, televisi\u00f3n, etc., m\u00e1s relevantes del planeta.<br \/>\nDel 21 al 24 de julio Seaport Village, Bah\u00eda de San Diego concentr\u00f3 Casa M\u00e9xico, un espacio para vivir de cerca algunos de los iconos mexicanos como la lucha libre, representado con piezas creadas por el ilustrador Jos\u00e9 Trinidad Camacho Orozco, mejor conocido como Trino, as\u00ed como de conferencias, m\u00fasica en vivo, degustaci\u00f3n gastron\u00f3mica y oferta tur\u00edstica de Yucat\u00e1n y Baja California, dos destinos que trabajan de la mano para difundir la riqueza de las pen\u00ednsulas de M\u00e9xico.<br \/>\nCon el eslogan &#8220;De Pen\u00ednsula a Pen\u00ednsula\u201d, ambas entidades colaboran a partir de un hermanamiento creado entre la Secretar\u00eda de Turismo del Estado de Baja California y la Secretar\u00eda de Turismo del Estado de Yucat\u00e1n<img decoding=\"async\" class=\"size-medium wp-image-368780 alignright\" src=\"https:\/\/dimensionturistica.com\/es\/wp-content\/uploads\/2022\/08\/Casa-Mexico-3-300x200.jpeg\" alt=\"\" width=\"300\" height=\"200\" srcset=\"https:\/\/dimensionturistica.com\/es\/wp-content\/uploads\/2022\/08\/Casa-Mexico-3-300x200.jpeg 300w, https:\/\/dimensionturistica.com\/es\/wp-content\/uploads\/2022\/08\/Casa-Mexico-3-1024x682.jpeg 1024w, https:\/\/dimensionturistica.com\/es\/wp-content\/uploads\/2022\/08\/Casa-Mexico-3-768x512.jpeg 768w, https:\/\/dimensionturistica.com\/es\/wp-content\/uploads\/2022\/08\/Casa-Mexico-3-1536x1023.jpeg 1536w, https:\/\/dimensionturistica.com\/es\/wp-content\/uploads\/2022\/08\/Casa-Mexico-3-750x500.jpeg 750w, https:\/\/dimensionturistica.com\/es\/wp-content\/uploads\/2022\/08\/Casa-Mexico-3-1140x760.jpeg 1140w, https:\/\/dimensionturistica.com\/es\/wp-content\/uploads\/2022\/08\/Casa-Mexico-3.jpeg 1600w\" sizes=\"(max-width: 300px) 100vw, 300px\" \/> con el fin de fortalecer el turismo entre ambos puntos geogr\u00e1ficos, que en esta ocasi\u00f3n trasladaron hasta San Diego una probada de las riquezas m\u00e1s representativas de cada estado.<br \/>\nYa que las actividades se llevaron a cabo durante los festejos de la convenci\u00f3n internacional de C\u00f3mics de San Diego, reuni\u00f3 a participantes de 30 pa\u00edses que pudieron tener un acercamiento a la cultura bajacaliforniana y yucateca; de esta forma se estim\u00f3 que las activaciones recibieron a mil quinientos visitantes nacionales y extranjeros.<br \/>\nLa exhibici\u00f3n de cuatro d\u00edas cont\u00f3 con muestra gastron\u00f3mica, presentaciones musicales en vivo de g\u00e9neros tradicionales y contempor\u00e1neos de mariachi, orquesta OMEGA, Dance Zone, cantantes de la \u00d3pera de San Diego y Pepe Mogt del Colectivo Nortec, entre muchos otros; y presentaci\u00f3n de danza de Ballet Calabaceado de Baja California, Ballet Folcl\u00f3rico Esplendor de Baja California interpretando &#8220;Estampas regionales<img decoding=\"async\" class=\"size-medium wp-image-368781 alignright\" src=\"https:\/\/dimensionturistica.com\/es\/wp-content\/uploads\/2022\/08\/Casa-Mexico-1-300x200.jpg\" alt=\"\" width=\"300\" height=\"200\" srcset=\"https:\/\/dimensionturistica.com\/es\/wp-content\/uploads\/2022\/08\/Casa-Mexico-1-300x200.jpg 300w, https:\/\/dimensionturistica.com\/es\/wp-content\/uploads\/2022\/08\/Casa-Mexico-1.jpg 320w\" sizes=\"(max-width: 300px) 100vw, 300px\" \/> mexicanas&#8221; y Lux Boreal, promotora de las bellas artes con el concepto &#8220;Pa&#8217; bailar Tijuana.<br \/>\nMientras que el arte de bajacaliforniano condenso un poco de su campa\u00f1a de difusi\u00f3n \u201cWelcome To Baja California\u201d, una invitaci\u00f3n para acercarse a para\u00edsos de naturaleza, cocina, wellness, turismo m\u00e9dico de calidad extraordinaria; as\u00ed como \u201cH\u00e9roes\u201d, un concepto de personajes animados que resaltan elementos como la langosta y su receta \u00fanica en Puerto Nuevo Rosarito; el tibur\u00f3n ballena, y la posibilidad de hacer nado y avistamientos en San Quint\u00edn; el taco, una b\u00e1sico de la gastronom\u00eda mexicana con opci\u00f3n t\u00edpica de la frontera de asada o de pescado estilo Ensenada; Valle de los Gigantes, un para\u00edso de cardones end\u00e9micos de m\u00e1s de 15 metros de altura; la cerveza artesanal y su movimiento con m\u00e1s de 100 proyectos de malta de alto auge en Tijuana, Ensenada y Mexicali; y vino producido en los valles agr\u00edcolas de la regi\u00f3n.<br \/>\nAdem\u00e1s, la colecci\u00f3n de lucha libre tambi\u00e9n cont\u00f3 con la participaci\u00f3n del Consejo Mundial de Lucha Libre CMLL y present\u00f3 materiales originales del Museo de la Lucha Libre MULLME, una exhibici\u00f3n \u00fanica que cuenta con m\u00e1s 6 mil objetos como juguetes, m\u00e1scaras, cinturones, historietas, pel\u00edculas, videos, ring de lucha, ubicado originalmente en la Ciudad de Tijuana, en la zona centro.<\/p>\n<p>&nbsp;<\/p>\n","protected":false},"excerpt":{"rendered":"<p>\u00a0Por primera vez, el Consulado General de M\u00e9xico en San Diego present\u00f3 Casa M\u00e9xico, celebraci\u00f3n de la cultura y tradici\u00f3n de M\u00e9xico, dedicada a los estados de Baja California y Yucat\u00e1n; en el marco de la Comic Con, uno de los encuentros de entretenimiento, cultura pop, c\u00f3mics, cine, televisi\u00f3n, etc., m\u00e1s relevantes del planeta. Del [&hellip;]<\/p>\n","protected":false},"author":1,"featured_media":368782,"comment_status":"open","ping_status":"closed","sticky":false,"template":"","format":"standard","meta":{"om_disable_all_campaigns":false,"jnews-multi-image_gallery":[],"jnews_single_post":{"source_name":"","source_url":"","via_name":"","via_url":"","override_template":"0","override":[{"template":"1","single_blog_custom":"","parallax":"1","fullscreen":"1","layout":"right-sidebar","sidebar":"default-sidebar","second_sidebar":"default-sidebar","sticky_sidebar":"1","share_position":"top","share_float_style":"share-monocrhome","show_share_counter":"1","show_view_counter":"1","show_featured":"1","show_post_meta":"1","show_post_author":"1","show_post_author_image":"1","show_post_date":"1","post_date_format":"default","post_date_format_custom":"Y\/m\/d","show_post_category":"1","show_post_reading_time":"0","post_reading_time_wpm":"300","show_zoom_button":"0","zoom_button_out_step":"2","zoom_button_in_step":"3","show_post_tag":"1","show_prev_next_post":"1","show_popup_post":"1","number_popup_post":"1","show_author_box":"0","show_post_related":"0","show_inline_post_related":"0"}],"override_image_size":"0","image_override":[{"single_post_thumbnail_size":"crop-500","single_post_gallery_size":"crop-500"}],"trending_post":"0","trending_post_position":"meta","trending_post_label":"Trending","sponsored_post":"0","sponsored_post_label":"Sponsored by","sponsored_post_name":"","sponsored_post_url":"","sponsored_post_logo_enable":"0","sponsored_post_logo":"","sponsored_post_desc":"","disable_ad":"0"},"jnews_primary_category":{"id":""},"jnews_social_meta":{"fb_title":"","fb_description":"","fb_image":"","twitter_title":"","twitter_description":"","twitter_image":""},"footnotes":""},"categories":[39],"tags":[],"class_list":["post-368773","post","type-post","status-publish","format-standard","has-post-thumbnail","hentry","category-viajes"],"_links":{"self":[{"href":"https:\/\/dimensionturistica.com\/es\/wp-json\/wp\/v2\/posts\/368773","targetHints":{"allow":["GET"]}}],"collection":[{"href":"https:\/\/dimensionturistica.com\/es\/wp-json\/wp\/v2\/posts"}],"about":[{"href":"https:\/\/dimensionturistica.com\/es\/wp-json\/wp\/v2\/types\/post"}],"author":[{"embeddable":true,"href":"https:\/\/dimensionturistica.com\/es\/wp-json\/wp\/v2\/users\/1"}],"replies":[{"embeddable":true,"href":"https:\/\/dimensionturistica.com\/es\/wp-json\/wp\/v2\/comments?post=368773"}],"version-history":[{"count":0,"href":"https:\/\/dimensionturistica.com\/es\/wp-json\/wp\/v2\/posts\/368773\/revisions"}],"wp:featuredmedia":[{"embeddable":true,"href":"https:\/\/dimensionturistica.com\/es\/wp-json\/wp\/v2\/media\/368782"}],"wp:attachment":[{"href":"https:\/\/dimensionturistica.com\/es\/wp-json\/wp\/v2\/media?parent=368773"}],"wp:term":[{"taxonomy":"category","embeddable":true,"href":"https:\/\/dimensionturistica.com\/es\/wp-json\/wp\/v2\/categories?post=368773"},{"taxonomy":"post_tag","embeddable":true,"href":"https:\/\/dimensionturistica.com\/es\/wp-json\/wp\/v2\/tags?post=368773"}],"curies":[{"name":"wp","href":"https:\/\/api.w.org\/{rel}","templated":true}]}}