{"id":368708,"date":"2022-08-11T16:22:05","date_gmt":"2022-08-11T16:22:05","guid":{"rendered":"https:\/\/dimensionturistica.com\/es\/?p=368708"},"modified":"2022-08-11T16:22:05","modified_gmt":"2022-08-11T16:22:05","slug":"porcon-un-viaje-de-ensueno-a-la-emblematica-granja-en-cajamarca-viajes-turismo-vida-campestre-historias-ec-somos","status":"publish","type":"post","link":"https:\/\/dimensionturistica.com\/es\/porcon-un-viaje-de-ensueno-a-la-emblematica-granja-en-cajamarca-viajes-turismo-vida-campestre-historias-ec-somos\/","title":{"rendered":"Porc\u00f3n: un viaje de ensue\u00f1o a la emblem\u00e1tica granja en Cajamarca | viajes | turismo | vida campestre | historias ec | SOMOS"},"content":{"rendered":"<p> <br \/>\n<\/p>\n<div>\n<p><strong>\u00bfD\u00f3nde dormir?\u00a0<\/strong><\/p>\n<p>Puede pasar la noche dentro de la zona, en la Posada Granja Porc\u00f3n, La Caba\u00f1a R\u00fastica, La Casa Hist\u00f3rica, La Casa Forestal o La Casa Antigua.<\/p>\n<p><strong>\u00a0\u00bfCu\u00e1nto cuesta?\u00a0<\/strong><\/p>\n<p>Las agencias de turismo ofrecen paquetes (traslado, entrada y gu\u00eda) a S\/ 30 por persona. Sin embargo, el precio de la entrada si visita la granja por su cuenta es de S\/ 7.\u00a0<\/p>\n<p><strong>M\u00e1s informaci\u00f3n:\u00a0<\/strong><\/p>\n<p>De porc\u00f3n y otros destinos en IG: @destinoperunet.<\/p>\n<\/div>\n\n<p><em> &#8221; Fuentes elcomercio.pe &#8221; <\/em><\/p>\n","protected":false},"excerpt":{"rendered":"<p>\u00bfD\u00f3nde dormir?\u00a0 Puede pasar la noche dentro de la zona, en la Posada Granja Porc\u00f3n, La Caba\u00f1a R\u00fastica, La Casa Hist\u00f3rica, La Casa Forestal o La Casa Antigua. \u00a0\u00bfCu\u00e1nto cuesta?\u00a0 Las agencias de turismo ofrecen paquetes (traslado, entrada y gu\u00eda) a S\/ 30 por persona. Sin embargo, el precio de la entrada si visita la [&hellip;]<\/p>\n","protected":false},"author":4,"featured_media":368709,"comment_status":"open","ping_status":"closed","sticky":false,"template":"","format":"standard","meta":{"om_disable_all_campaigns":false,"jnews-multi-image_gallery":[],"jnews_single_post":[],"jnews_primary_category":[],"jnews_social_meta":[],"footnotes":""},"categories":[39],"tags":[4868,51256,544],"class_list":["post-368708","post","type-post","status-publish","format-standard","has-post-thumbnail","hentry","category-viajes","tag-cajamarca","tag-porcon","tag-turismo"],"_links":{"self":[{"href":"https:\/\/dimensionturistica.com\/es\/wp-json\/wp\/v2\/posts\/368708","targetHints":{"allow":["GET"]}}],"collection":[{"href":"https:\/\/dimensionturistica.com\/es\/wp-json\/wp\/v2\/posts"}],"about":[{"href":"https:\/\/dimensionturistica.com\/es\/wp-json\/wp\/v2\/types\/post"}],"author":[{"embeddable":true,"href":"https:\/\/dimensionturistica.com\/es\/wp-json\/wp\/v2\/users\/4"}],"replies":[{"embeddable":true,"href":"https:\/\/dimensionturistica.com\/es\/wp-json\/wp\/v2\/comments?post=368708"}],"version-history":[{"count":0,"href":"https:\/\/dimensionturistica.com\/es\/wp-json\/wp\/v2\/posts\/368708\/revisions"}],"wp:featuredmedia":[{"embeddable":true,"href":"https:\/\/dimensionturistica.com\/es\/wp-json\/wp\/v2\/media\/368709"}],"wp:attachment":[{"href":"https:\/\/dimensionturistica.com\/es\/wp-json\/wp\/v2\/media?parent=368708"}],"wp:term":[{"taxonomy":"category","embeddable":true,"href":"https:\/\/dimensionturistica.com\/es\/wp-json\/wp\/v2\/categories?post=368708"},{"taxonomy":"post_tag","embeddable":true,"href":"https:\/\/dimensionturistica.com\/es\/wp-json\/wp\/v2\/tags?post=368708"}],"curies":[{"name":"wp","href":"https:\/\/api.w.org\/{rel}","templated":true}]}}