{"id":368501,"date":"2022-08-11T08:56:28","date_gmt":"2022-08-11T08:56:28","guid":{"rendered":"https:\/\/dimensionturistica.com\/es\/?p=368501"},"modified":"2022-08-11T08:56:28","modified_gmt":"2022-08-11T08:56:28","slug":"viaje-a-vuurtoreneiland-la-isla-restaurante-sostenible-de-amsterdam","status":"publish","type":"post","link":"https:\/\/dimensionturistica.com\/es\/viaje-a-vuurtoreneiland-la-isla-restaurante-sostenible-de-amsterdam\/","title":{"rendered":"Viaje a Vuurtoreneiland, la isla-restaurante sostenible de \u00c1msterdam"},"content":{"rendered":"<p> <br \/>\n<\/p>\n<div id=\"article-sumary\">\n<div class=\"article-txt ad-mobile-top\">\n<p>Frente al peque\u00f1o pueblo de <strong>Durgerdam<\/strong>, perteneciente a <a rel=\"nofollow noopener\" target=\"_blank\" href=\"https:\/\/viajes.nationalgeographic.com.es\/gastronomia\/restaurantes-moda-amsterdam_14247\">\u00c1msterdam<\/a> y tan solo a siete kil\u00f3metros de su centro, se halla una peque\u00f1a isla que alberga el <strong>\u00fanico faro en pie<\/strong> de la capital y un restaurante<strong> <\/strong>que supone toda una experiencia en un <strong>paraje pure protegido<\/strong>. <a rel=\"nofollow noopener\" target=\"_blank\" href=\"https:\/\/vuurtoreneiland.nl\/\">Vuurtoreneiland <\/a>se encuentra en el lago IJsselmeer, dentro de las <strong>L\u00edneas de agua de defensa holandesas reconocidas como Patrimonio de la Humanidad<\/strong>, y ahora comparte nombre con el restaurante, que ocupa dos <strong>ubicaciones diferentes en invierno y en verano.<\/strong><\/p>\n<p>Para acceder a la isla es obligatorio reservar en el native. El hist\u00f3rico <strong>barco IJveer XIII<\/strong> se encarga de recoger a los comensales en el embarcadero frente al Lodge Lloyd y navegar durante una hora hasta Vuurtoreneiland, donde vivir\u00e1n una de las <strong>experiencias culinarias m\u00e1s exclusivas y aut\u00e9nticas de la capital.<\/strong><\/p>\n<\/div>\n<\/div>\n\n<p><em> &#8221; Fuentes viajes.nationalgeographic.com.es &#8221; <\/em><\/p>\n","protected":false},"excerpt":{"rendered":"<p>Frente al peque\u00f1o pueblo de Durgerdam, perteneciente a \u00c1msterdam y tan solo a siete kil\u00f3metros de su centro, se halla una peque\u00f1a isla que alberga el \u00fanico faro en pie de la capital y un restaurante que supone toda una experiencia en un paraje pure protegido. Vuurtoreneiland se encuentra en el lago IJsselmeer, dentro de [&hellip;]<\/p>\n","protected":false},"author":4,"featured_media":368502,"comment_status":"open","ping_status":"closed","sticky":false,"template":"","format":"standard","meta":{"om_disable_all_campaigns":false,"jnews-multi-image_gallery":[],"jnews_single_post":[],"jnews_primary_category":[],"jnews_social_meta":[],"footnotes":""},"categories":[39],"tags":[47258,47257],"class_list":["post-368501","post","type-post","status-publish","format-standard","has-post-thumbnail","hentry","category-viajes","tag-cargado-desde-el-fichero-de-recursos","tag-keywords-por-defecto"],"_links":{"self":[{"href":"https:\/\/dimensionturistica.com\/es\/wp-json\/wp\/v2\/posts\/368501","targetHints":{"allow":["GET"]}}],"collection":[{"href":"https:\/\/dimensionturistica.com\/es\/wp-json\/wp\/v2\/posts"}],"about":[{"href":"https:\/\/dimensionturistica.com\/es\/wp-json\/wp\/v2\/types\/post"}],"author":[{"embeddable":true,"href":"https:\/\/dimensionturistica.com\/es\/wp-json\/wp\/v2\/users\/4"}],"replies":[{"embeddable":true,"href":"https:\/\/dimensionturistica.com\/es\/wp-json\/wp\/v2\/comments?post=368501"}],"version-history":[{"count":0,"href":"https:\/\/dimensionturistica.com\/es\/wp-json\/wp\/v2\/posts\/368501\/revisions"}],"wp:featuredmedia":[{"embeddable":true,"href":"https:\/\/dimensionturistica.com\/es\/wp-json\/wp\/v2\/media\/368502"}],"wp:attachment":[{"href":"https:\/\/dimensionturistica.com\/es\/wp-json\/wp\/v2\/media?parent=368501"}],"wp:term":[{"taxonomy":"category","embeddable":true,"href":"https:\/\/dimensionturistica.com\/es\/wp-json\/wp\/v2\/categories?post=368501"},{"taxonomy":"post_tag","embeddable":true,"href":"https:\/\/dimensionturistica.com\/es\/wp-json\/wp\/v2\/tags?post=368501"}],"curies":[{"name":"wp","href":"https:\/\/api.w.org\/{rel}","templated":true}]}}