{"id":368124,"date":"2022-08-10T16:07:41","date_gmt":"2022-08-10T16:07:41","guid":{"rendered":"https:\/\/dimensionturistica.com\/es\/?p=368124"},"modified":"2022-08-10T16:07:41","modified_gmt":"2022-08-10T16:07:41","slug":"tag-airlines-inicio-operaciones-con-la-ruta-merida-yucatan-flores-guatemala","status":"publish","type":"post","link":"https:\/\/dimensionturistica.com\/es\/tag-airlines-inicio-operaciones-con-la-ruta-merida-yucatan-flores-guatemala\/","title":{"rendered":"TAG Airlines inicio operaciones con la ruta M\u00e9rida, Yucat\u00e1n &#8211; Flores, Guatemala"},"content":{"rendered":"<p><img decoding=\"async\" class=\"size-medium wp-image-368125 alignright\" src=\"https:\/\/dimensionturistica.com\/es\/wp-content\/uploads\/2022\/08\/TAR1-300x200.jpg\" alt=\"\" width=\"300\" height=\"200\" srcset=\"https:\/\/dimensionturistica.com\/es\/wp-content\/uploads\/2022\/08\/TAR1-300x200.jpg 300w, https:\/\/dimensionturistica.com\/es\/wp-content\/uploads\/2022\/08\/TAR1-768x512.jpg 768w, https:\/\/dimensionturistica.com\/es\/wp-content\/uploads\/2022\/08\/TAR1-750x500.jpg 750w, https:\/\/dimensionturistica.com\/es\/wp-content\/uploads\/2022\/08\/TAR1.jpg 1024w\" sizes=\"(max-width: 300px) 100vw, 300px\" \/>Tag Airlines, la aerol\u00ednea bandera de Guatemala y del Mundo Maya, inici\u00f3 operaciones en su nueva ruta a\u00e9rea entre las ciudades de M\u00e9rida, Yucat\u00e1n, y Flores, en Guatemala, que ser\u00e1 el m\u00e1s importante corredor tur\u00edstico del Mundo Maya y permitir\u00e1 unir a las dos zonas arqueol\u00f3gicas m\u00e1s emblem\u00e1ticas de esta milenaria civilizaci\u00f3n: Chichen Itz\u00e1 y Tikal.<br \/>\nMarcela Toriello, Presidenta de TagAirlines, en compa\u00f1\u00eda de Michelle Fridman, Secretaria de Fomento Tur\u00edstico de Yucat\u00e1n -quien acudi\u00f3 con la representaci\u00f3n del Gobernador Mauricio Vila Dosal-, encabezaron la tradicional ceremonia de arco de agua que marc\u00f3 el inicio formal de operaciones de la<br \/>\nnueva ruta.<br \/>\nEl nuevo vuelo ya est\u00e1 disponible para los viajeros y ofrece atractivas tarifas, desde 300 d\u00f3lares en viaje redondo.<br \/>\nLa Secretar\u00eda de Fomento Tur\u00edstico de Yucat\u00e1n, Michelle Fridman, destac\u00f3 que gracias al trabajo conjunto con empresas como TagAirlines, se fortalece la conectividad a\u00e9rea del estado, para que m\u00e1s visitantes gocen de los atractivos de clase mundial que ofrece el Mundo Maya.<br \/>\nPor su parte, Marcela Toriello, Presidenta de TagAirlines, record\u00f3 que la aerol\u00ednea inici\u00f3 una nueva era que<img decoding=\"async\" class=\"size-medium wp-image-368127 alignright\" src=\"https:\/\/dimensionturistica.com\/es\/wp-content\/uploads\/2022\/08\/TAR3-300x200.jpg\" alt=\"\" width=\"300\" height=\"200\" srcset=\"https:\/\/dimensionturistica.com\/es\/wp-content\/uploads\/2022\/08\/TAR3-300x200.jpg 300w, https:\/\/dimensionturistica.com\/es\/wp-content\/uploads\/2022\/08\/TAR3-768x512.jpg 768w, https:\/\/dimensionturistica.com\/es\/wp-content\/uploads\/2022\/08\/TAR3-750x500.jpg 750w, https:\/\/dimensionturistica.com\/es\/wp-content\/uploads\/2022\/08\/TAR3.jpg 1024w\" sizes=\"(max-width: 300px) 100vw, 300px\" \/> incluye la modernizaci\u00f3n de su flota con aeronaves ATR72 de \u00faltima generaci\u00f3n, as\u00ed como una nueva imagen, nuevas alianzas comerciales y nuevos productos para los viajeros.<br \/>\nTambi\u00e9n refrend\u00f3 el compromiso de la empresa con la conectividad de la regi\u00f3n y resalt\u00f3 que la nueva ruta permitir\u00e1 unir lo mejor de M\u00e9xico y de Guatemala. Dijo que Chichen Itz\u00e1, en Yucat\u00e1n, y Tikal, en la regi\u00f3n del Pet\u00e9n guatemalteco, son las dos principales zonas arqueol\u00f3gicas del Mundo Maya.<br \/>\nYucat\u00e1n es un destino estrat\u00e9gico en los planes de expansi\u00f3n de TagAirlines, que agracede la confianza que las autoridades del estado de Yucat\u00e1n han depositado en la aerol\u00ednea.<br \/>\nEn 2021 TagAirlines inici\u00f3 sus operaciones en M\u00e9xico y actualmente vuela desde Guatemala a M\u00e9rida, Canc\u00fan, Tapachula y Oaxaca, con porcentajes de ocupaci\u00f3n superiores al 90 por ciento.<br \/>\nTag es la aerol\u00ednea bandera de Guatemala y del Mundo Maya, que desde hace 60 a\u00f1os mantiene un firme compromiso con la conectividad a\u00e9rea y el desarrollo.<br \/>\nActualmente opera 27 vuelos diarios en Guatemala, Honduras, El Salvador, Belice y M\u00e9xico, con una flota de m\u00e1s de 20 aeronaves.<\/p>\n","protected":false},"excerpt":{"rendered":"<p>Tag Airlines, la aerol\u00ednea bandera de Guatemala y del Mundo Maya, inici\u00f3 operaciones en su nueva ruta a\u00e9rea entre las ciudades de M\u00e9rida, Yucat\u00e1n, y Flores, en Guatemala, que ser\u00e1 el m\u00e1s importante corredor tur\u00edstico del Mundo Maya y permitir\u00e1 unir a las dos zonas arqueol\u00f3gicas m\u00e1s emblem\u00e1ticas de esta milenaria civilizaci\u00f3n: Chichen Itz\u00e1 y [&hellip;]<\/p>\n","protected":false},"author":1,"featured_media":368126,"comment_status":"open","ping_status":"closed","sticky":false,"template":"","format":"standard","meta":{"om_disable_all_campaigns":false,"jnews-multi-image_gallery":[],"jnews_single_post":{"source_name":"","source_url":"","via_name":"","via_url":"","override_template":"0","override":[{"template":"1","single_blog_custom":"","parallax":"1","fullscreen":"1","layout":"right-sidebar","sidebar":"default-sidebar","second_sidebar":"default-sidebar","sticky_sidebar":"1","share_position":"top","share_float_style":"share-monocrhome","show_share_counter":"1","show_view_counter":"1","show_featured":"1","show_post_meta":"1","show_post_author":"1","show_post_author_image":"1","show_post_date":"1","post_date_format":"default","post_date_format_custom":"Y\/m\/d","show_post_category":"1","show_post_reading_time":"0","post_reading_time_wpm":"300","show_zoom_button":"0","zoom_button_out_step":"2","zoom_button_in_step":"3","show_post_tag":"1","show_prev_next_post":"1","show_popup_post":"1","number_popup_post":"1","show_author_box":"0","show_post_related":"0","show_inline_post_related":"0"}],"override_image_size":"0","image_override":[{"single_post_thumbnail_size":"crop-500","single_post_gallery_size":"crop-500"}],"trending_post":"0","trending_post_position":"meta","trending_post_label":"Trending","sponsored_post":"0","sponsored_post_label":"Sponsored by","sponsored_post_name":"","sponsored_post_url":"","sponsored_post_logo_enable":"0","sponsored_post_logo":"","sponsored_post_desc":"","disable_ad":"0"},"jnews_primary_category":{"id":""},"jnews_social_meta":{"fb_title":"","fb_description":"","fb_image":"","twitter_title":"","twitter_description":"","twitter_image":""},"footnotes":""},"categories":[39],"tags":[],"class_list":["post-368124","post","type-post","status-publish","format-standard","has-post-thumbnail","hentry","category-viajes"],"_links":{"self":[{"href":"https:\/\/dimensionturistica.com\/es\/wp-json\/wp\/v2\/posts\/368124","targetHints":{"allow":["GET"]}}],"collection":[{"href":"https:\/\/dimensionturistica.com\/es\/wp-json\/wp\/v2\/posts"}],"about":[{"href":"https:\/\/dimensionturistica.com\/es\/wp-json\/wp\/v2\/types\/post"}],"author":[{"embeddable":true,"href":"https:\/\/dimensionturistica.com\/es\/wp-json\/wp\/v2\/users\/1"}],"replies":[{"embeddable":true,"href":"https:\/\/dimensionturistica.com\/es\/wp-json\/wp\/v2\/comments?post=368124"}],"version-history":[{"count":0,"href":"https:\/\/dimensionturistica.com\/es\/wp-json\/wp\/v2\/posts\/368124\/revisions"}],"wp:featuredmedia":[{"embeddable":true,"href":"https:\/\/dimensionturistica.com\/es\/wp-json\/wp\/v2\/media\/368126"}],"wp:attachment":[{"href":"https:\/\/dimensionturistica.com\/es\/wp-json\/wp\/v2\/media?parent=368124"}],"wp:term":[{"taxonomy":"category","embeddable":true,"href":"https:\/\/dimensionturistica.com\/es\/wp-json\/wp\/v2\/categories?post=368124"},{"taxonomy":"post_tag","embeddable":true,"href":"https:\/\/dimensionturistica.com\/es\/wp-json\/wp\/v2\/tags?post=368124"}],"curies":[{"name":"wp","href":"https:\/\/api.w.org\/{rel}","templated":true}]}}