{"id":368081,"date":"2022-08-10T15:16:11","date_gmt":"2022-08-10T15:16:11","guid":{"rendered":"https:\/\/dimensionturistica.com\/es\/?p=368081"},"modified":"2022-08-10T15:16:11","modified_gmt":"2022-08-10T15:16:11","slug":"los-cabos-cierra-con-exito-el-mes-de-junio-al-recibir-300-mil-visitantes-un-crecimiento-del-24","status":"publish","type":"post","link":"https:\/\/dimensionturistica.com\/es\/los-cabos-cierra-con-exito-el-mes-de-junio-al-recibir-300-mil-visitantes-un-crecimiento-del-24\/","title":{"rendered":"Los Cabos cierra con \u00e9xito el mes de junio al recibir 300 mil visitantes, un crecimiento del 24%"},"content":{"rendered":"<p>El Fideicomiso de Turismo de Los Cabos (FITURCA) mantiene paso firme en su recuperaci\u00f3n tur\u00edstica al reportar<img decoding=\"async\" class=\"size-medium wp-image-368089 alignright\" src=\"https:\/\/dimensionturistica.com\/es\/wp-content\/uploads\/2022\/08\/tijuana-300x200.jpg\" alt=\"\" width=\"300\" height=\"200\" srcset=\"https:\/\/dimensionturistica.com\/es\/wp-content\/uploads\/2022\/08\/tijuana-300x200.jpg 300w, https:\/\/dimensionturistica.com\/es\/wp-content\/uploads\/2022\/08\/tijuana.jpg 474w\" sizes=\"(max-width: 300px) 100vw, 300px\" \/> en el mes de junio un incremento del 24% en la afluencia de pasajeros nacionales e internacionales al aeropuerto de San Jos\u00e9 del Cabo, con respecto al mismo periodo de 2019, con un total de 300 mil nuevos visitantes que disfrutaron de la amplia oferta de actividades y alojamiento de lujo que ofrece el destino.<br \/>\nLa inercia positiva en la captaci\u00f3n de visitantes durante el sexto mes del a\u00f1o, se deriva de un destacado crecimiento del 21% en la llegada de turistas nacionales (102.3 mil pasajeros) y un 25.2% en pasajeros procedentes de vuelos internacionales (198.6 mil), un aumento aproximado de 18.3 mil y 40 mil visitantes, respectivamente, en el comparativo con el mismo periodo en 2019.<br \/>\nAdicionalmente, durante mayo se registr\u00f3 la llegada de 8,725 turistas internacionales a trav\u00e9s de aviaci\u00f3n privada, que representa un incremento del 87% en consideraci\u00f3n al 2019.<br \/>\nCabe destacar que, en el acumulado de enero a junio, Los Cabos registr\u00f3 un aumento en la llegada de pasajeros nacionales del 34% en comparaci\u00f3n a 2019, provenientes en su mayor\u00eda de Ciudad de M\u00e9xico (50%), Guadalajara (13.5%) y Tijuana (19.1%). En pasajeros con vuelo desde Estados Unidos, se registr\u00f3 un incremento del 22%, originarios de Los \u00c1ngeles (23%), Dallas (16%) y Phoenix (14.7%). Tambi\u00e9n hubo una tendencia positiva<img decoding=\"async\" class=\"size-medium wp-image-368091 alignleft\" src=\"https:\/\/dimensionturistica.com\/es\/wp-content\/uploads\/2022\/08\/Rodrigo-Esponda-director-general-del-Fideicomiso-de-Turismo-de-Los-Cabos.-300x157.jpg\" alt=\"\" width=\"300\" height=\"157\" srcset=\"https:\/\/dimensionturistica.com\/es\/wp-content\/uploads\/2022\/08\/Rodrigo-Esponda-director-general-del-Fideicomiso-de-Turismo-de-Los-Cabos.-300x157.jpg 300w, https:\/\/dimensionturistica.com\/es\/wp-content\/uploads\/2022\/08\/Rodrigo-Esponda-director-general-del-Fideicomiso-de-Turismo-de-Los-Cabos..jpg 474w\" sizes=\"(max-width: 300px) 100vw, 300px\" \/> en la llegada de vuelos privados, con un 81%.<br \/>\n\u201cLos resultados logrados durante este periodo derivan de tres ejes que han permitido que Los Cabos mantenga este paso firme en su recuperaci\u00f3n: 1) la continua atenci\u00f3n y seguimiento a la implementaci\u00f3n de los protocolos de seguridad sanitaria que brindan confianza al visitante de disfrutar del destino, 2) la constante comunicaci\u00f3n para informar sobre la vasta oferta tur\u00edstica y de servicios con la que contamos, y 3) la innovaci\u00f3n en la oferta de actividades y alojamiento, que con base en las actuales tendencias de viaje, nos posiciona como un destino que est\u00e1 atento y da respuesta a las necesidades del nuevo viajero\u201d, coment\u00f3 Rodrigo Esponda, director general del Fideicomiso de Turismo de Los Cabos.<br \/>\nEn cuanto a la actividad hotelera, la tarifa promedio mantuvo su crecimiento al ubicarse en USD $417, USD $147 m\u00e1s (+54%) y un RevPAR de USD$317; es decir, USD$ 128 m\u00e1s (+67%) por encima de 2019.<br \/>\nSi bien Los Cabos se ha caracterizado por ser un destino seguro, de acuerdo con la m\u00e1s reciente encuesta de salida, la percepci\u00f3n del viajero en esta materia se mantiene con una calificaci\u00f3n positiva durante el mes de junio, lo cual permite que los \u00edndices de turistas que repiten su visita al destino presente un incremento del 4% (43%) en comparaci\u00f3n con el mismo periodo en 2019.<br \/>\nPor lo que respecta a las estimaciones de crecimiento de julio a diciembre, Los Cabos mantiene sus expectativas<img decoding=\"async\" class=\" wp-image-368092 alignright\" src=\"https:\/\/dimensionturistica.com\/es\/wp-content\/uploads\/2022\/08\/Phoenix-300x109.jpg\" alt=\"\" width=\"377\" height=\"137\" srcset=\"https:\/\/dimensionturistica.com\/es\/wp-content\/uploads\/2022\/08\/Phoenix-300x109.jpg 300w, https:\/\/dimensionturistica.com\/es\/wp-content\/uploads\/2022\/08\/Phoenix.jpg 474w\" sizes=\"(max-width: 377px) 100vw, 377px\" \/> de desarrollo al programar asientos de avi\u00f3n adicionales en un 52.2% para el mercado dom\u00e9stico, teniendo a la Ciudad de M\u00e9xico, Guadalajara y Tijuana como los principales emisores, seguido de Monterrey, con el 47%, 20%, 18% y 8%, respectivamente; mientras que, para el mercado internacional encabezado por Estados Unidos, se prev\u00e9 programar 1.18 millones de asientos adicionales; es decir, un incremento del 40.3% con respecto al mismo periodo de 2019.<br \/>\nEn suma, con el inicio de operaciones del primer vuelo directo proveniente de Madrid hacia Los Cabos, operado por Iberojet, se espera tambi\u00e9n un incremento en la captaci\u00f3n de visitantes espa\u00f1oles y europeos que permitan el desarrollo de estos mercados, para lo cual se han programado 4,000 asientos para los siguientes meses del a\u00f1o, ampliando de esta manera la incursi\u00f3n del destino en nuevos mercados.<br \/>\nA trav\u00e9s de las acciones de promoci\u00f3n tur\u00edstica encabezadas por FITURCA, en colaboraci\u00f3n con los actores de la industria y autoridades locales, la segunda mitad de 2022 ser\u00e1 un momento clave hacia el logro de este importante objetivo que permita reforzar el posicionamiento de Los Cabos entre los viajeros de alto poder adquisitivo, como el destino de lujo en M\u00e9xico.<\/p>\n","protected":false},"excerpt":{"rendered":"<p>El Fideicomiso de Turismo de Los Cabos (FITURCA) mantiene paso firme en su recuperaci\u00f3n tur\u00edstica al reportar en el mes de junio un incremento del 24% en la afluencia de pasajeros nacionales e internacionales al aeropuerto de San Jos\u00e9 del Cabo, con respecto al mismo periodo de 2019, con un total de 300 mil nuevos [&hellip;]<\/p>\n","protected":false},"author":1,"featured_media":368085,"comment_status":"open","ping_status":"closed","sticky":false,"template":"","format":"standard","meta":{"om_disable_all_campaigns":false,"jnews-multi-image_gallery":[],"jnews_single_post":{"source_name":"","source_url":"","via_name":"","via_url":"","override_template":"0","override":[{"template":"1","single_blog_custom":"","parallax":"1","fullscreen":"1","layout":"right-sidebar","sidebar":"default-sidebar","second_sidebar":"default-sidebar","sticky_sidebar":"1","share_position":"top","share_float_style":"share-monocrhome","show_share_counter":"1","show_view_counter":"1","show_featured":"1","show_post_meta":"1","show_post_author":"1","show_post_author_image":"1","show_post_date":"1","post_date_format":"default","post_date_format_custom":"Y\/m\/d","show_post_category":"1","show_post_reading_time":"0","post_reading_time_wpm":"300","show_zoom_button":"0","zoom_button_out_step":"2","zoom_button_in_step":"3","show_post_tag":"1","show_prev_next_post":"1","show_popup_post":"1","number_popup_post":"1","show_author_box":"0","show_post_related":"0","show_inline_post_related":"0"}],"override_image_size":"0","image_override":[{"single_post_thumbnail_size":"crop-500","single_post_gallery_size":"crop-500"}],"trending_post":"0","trending_post_position":"meta","trending_post_label":"Trending","sponsored_post":"0","sponsored_post_label":"Sponsored by","sponsored_post_name":"","sponsored_post_url":"","sponsored_post_logo_enable":"0","sponsored_post_logo":"","sponsored_post_desc":"","disable_ad":"0"},"jnews_primary_category":{"id":""},"jnews_social_meta":{"fb_title":"","fb_description":"","fb_image":"","twitter_title":"","twitter_description":"","twitter_image":""},"footnotes":""},"categories":[39],"tags":[],"class_list":["post-368081","post","type-post","status-publish","format-standard","has-post-thumbnail","hentry","category-viajes"],"_links":{"self":[{"href":"https:\/\/dimensionturistica.com\/es\/wp-json\/wp\/v2\/posts\/368081","targetHints":{"allow":["GET"]}}],"collection":[{"href":"https:\/\/dimensionturistica.com\/es\/wp-json\/wp\/v2\/posts"}],"about":[{"href":"https:\/\/dimensionturistica.com\/es\/wp-json\/wp\/v2\/types\/post"}],"author":[{"embeddable":true,"href":"https:\/\/dimensionturistica.com\/es\/wp-json\/wp\/v2\/users\/1"}],"replies":[{"embeddable":true,"href":"https:\/\/dimensionturistica.com\/es\/wp-json\/wp\/v2\/comments?post=368081"}],"version-history":[{"count":0,"href":"https:\/\/dimensionturistica.com\/es\/wp-json\/wp\/v2\/posts\/368081\/revisions"}],"wp:featuredmedia":[{"embeddable":true,"href":"https:\/\/dimensionturistica.com\/es\/wp-json\/wp\/v2\/media\/368085"}],"wp:attachment":[{"href":"https:\/\/dimensionturistica.com\/es\/wp-json\/wp\/v2\/media?parent=368081"}],"wp:term":[{"taxonomy":"category","embeddable":true,"href":"https:\/\/dimensionturistica.com\/es\/wp-json\/wp\/v2\/categories?post=368081"},{"taxonomy":"post_tag","embeddable":true,"href":"https:\/\/dimensionturistica.com\/es\/wp-json\/wp\/v2\/tags?post=368081"}],"curies":[{"name":"wp","href":"https:\/\/api.w.org\/{rel}","templated":true}]}}