{"id":368062,"date":"2022-08-10T14:57:11","date_gmt":"2022-08-10T14:57:11","guid":{"rendered":"https:\/\/dimensionturistica.com\/es\/?p=368062"},"modified":"2022-08-10T15:04:17","modified_gmt":"2022-08-10T15:04:17","slug":"listo-el-festival-cielo-magico-en-nuevo-leon","status":"publish","type":"post","link":"https:\/\/dimensionturistica.com\/es\/listo-el-festival-cielo-magico-en-nuevo-leon\/","title":{"rendered":"Listo el Festival Cielo Magico en Nuevo Le\u00f3n"},"content":{"rendered":"<p><img decoding=\"async\" class=\"size-medium wp-image-368066 alignright\" src=\"https:\/\/dimensionturistica.com\/es\/wp-content\/uploads\/2022\/08\/unnamed-300x200.jpg\" alt=\"\" width=\"300\" height=\"200\" srcset=\"https:\/\/dimensionturistica.com\/es\/wp-content\/uploads\/2022\/08\/unnamed-300x200.jpg 300w, https:\/\/dimensionturistica.com\/es\/wp-content\/uploads\/2022\/08\/unnamed-1024x683.jpg 1024w, https:\/\/dimensionturistica.com\/es\/wp-content\/uploads\/2022\/08\/unnamed-768x512.jpg 768w, https:\/\/dimensionturistica.com\/es\/wp-content\/uploads\/2022\/08\/unnamed-750x500.jpg 750w, https:\/\/dimensionturistica.com\/es\/wp-content\/uploads\/2022\/08\/unnamed-1140x760.jpg 1140w, https:\/\/dimensionturistica.com\/es\/wp-content\/uploads\/2022\/08\/unnamed.jpg 1261w\" sizes=\"(max-width: 300px) 100vw, 300px\" \/> Del 28 al 30 de octubre del presente a\u00f1o, en el Pueblo M\u00e1gico de Santiago, Nuevo Le\u00f3n, se realizar\u00e1 la quinta edici\u00f3n del Festival Cielo M\u00e1gico, un evento familiar que contempla la participaci\u00f3n de 50 globos aerost\u00e1ticos que adornan en cielo de una forma \u00fanica y muy entretenida para las y los visitantes.<br \/>\nAdem\u00e1s de los vuelos, se tienen contempladas para el p\u00fablico diversas actividades como tirolesas, muro de escalar, rueda de la fortuna, paseo en bici, talleres de arte, m\u00fasica en vivo, artes circenses, artes esc\u00e9nicas y un boulevard gastron\u00f3mico con m\u00e1s de 20 establecimientos de restaurantes, food trucks y snacks para todos los gustos, adem\u00e1s del Corredor del Buen Beber con una amplia oferta de vinos, mezcales, mixolog\u00eda y cervezas artesanales.<br \/>\nSer\u00e1n 44 globos, 6 globos m\u00e1s de figuras y un dirigible. El acceso general del Festival Cielo M\u00e1gico va desde los 250 pesos por persona en zona general, que incluye el espect\u00e1culo de globos aerost\u00e1ticos al amanecer y<img decoding=\"async\" class=\"size-medium wp-image-368068 alignright\" src=\"https:\/\/dimensionturistica.com\/es\/wp-content\/uploads\/2022\/08\/Cielo-Magico2-300x213.jpg\" alt=\"\" width=\"300\" height=\"213\" srcset=\"https:\/\/dimensionturistica.com\/es\/wp-content\/uploads\/2022\/08\/Cielo-Magico2-300x213.jpg 300w, https:\/\/dimensionturistica.com\/es\/wp-content\/uploads\/2022\/08\/Cielo-Magico2-1024x726.jpg 1024w, https:\/\/dimensionturistica.com\/es\/wp-content\/uploads\/2022\/08\/Cielo-Magico2-768x545.jpg 768w, https:\/\/dimensionturistica.com\/es\/wp-content\/uploads\/2022\/08\/Cielo-Magico2-120x86.jpg 120w, https:\/\/dimensionturistica.com\/es\/wp-content\/uploads\/2022\/08\/Cielo-Magico2-350x250.jpg 350w, https:\/\/dimensionturistica.com\/es\/wp-content\/uploads\/2022\/08\/Cielo-Magico2-750x532.jpg 750w, https:\/\/dimensionturistica.com\/es\/wp-content\/uploads\/2022\/08\/Cielo-Magico2-1140x808.jpg 1140w, https:\/\/dimensionturistica.com\/es\/wp-content\/uploads\/2022\/08\/Cielo-Magico2.jpg 1176w\" sizes=\"(max-width: 300px) 100vw, 300px\" \/> atardecer, con show de luces m\u00e1gicas, conciertos, talleres y presentaciones art\u00edsticas; el VIP tiene un costo de 850 pesos por persona y cuenta con una zona preferencial, servicios y atenci\u00f3n personalizada, adem\u00e1s de fast pass para compra de amenidades, acceso al Glob\u00f3dromo, catas de vino, estacionamiento preferencial y servicio de meseros entre otros beneficios. Cabe se\u00f1alar que la compra del acceso en cualquiera de sus modalidades no incluye el vuelo en globo, ni las amenidades con costo.<br \/>\nLa venta de vuelos ser\u00e1 el d\u00eda del evento en la carpa de vuelos, y cada d\u00eda se dar\u00e1n notificaciones sobre la disponibilidad de estos a trav\u00e9s de la p\u00e1gina www.cielomagico.mx, \u00fanicamente se especifica para quienes quieran hacer esta actividad, que no podr\u00e1n volar ni\u00f1os con estatura menor a 1.20 metros, ni mujeres embarazadas, y el peso m\u00e1ximo por persona es de 90 kg, si se excede de este peso el se deber\u00e1 pagar un boleto extra por cuestiones de seguridad. Estos vuelos se elevan entre 10 y 15<img decoding=\"async\" class=\"size-medium wp-image-368069 alignright\" src=\"https:\/\/dimensionturistica.com\/es\/wp-content\/uploads\/2022\/08\/Cielo-Magico3-300x199.jpg\" alt=\"\" width=\"300\" height=\"199\" srcset=\"https:\/\/dimensionturistica.com\/es\/wp-content\/uploads\/2022\/08\/Cielo-Magico3-300x199.jpg 300w, https:\/\/dimensionturistica.com\/es\/wp-content\/uploads\/2022\/08\/Cielo-Magico3-1024x680.jpg 1024w, https:\/\/dimensionturistica.com\/es\/wp-content\/uploads\/2022\/08\/Cielo-Magico3-768x510.jpg 768w, https:\/\/dimensionturistica.com\/es\/wp-content\/uploads\/2022\/08\/Cielo-Magico3-750x498.jpg 750w, https:\/\/dimensionturistica.com\/es\/wp-content\/uploads\/2022\/08\/Cielo-Magico3-1140x757.jpg 1140w, https:\/\/dimensionturistica.com\/es\/wp-content\/uploads\/2022\/08\/Cielo-Magico3.jpg 1251w\" sizes=\"(max-width: 300px) 100vw, 300px\" \/> metros sobre la tierra, mientras este se encuentra atado al piso con cuerdas. Cabe destacar que no se realizar\u00e1n vuelos en caso de tormenta, fuertes vientos o mal clima, y que los globos no est\u00e1n todo el d\u00eda, s\u00f3lo por la ma\u00f1ana entre 7:15 y 9:15, y por la tarde entre 6:30 y 8:00 aproximadamente.<br \/>\nPara admirar el proceso de inflado, el despegue y la vista del amanecer, se tienen contemplados el s\u00e1bado 29 y el domingo 30 de octubre a partir de las 7:15 de la ma\u00f1ana, hasta las 7:45 aproximadamente. Cabe destacar que en esta actividad, los vuelos libres no est\u00e1n en venta al p\u00fablico en general. Para el anochecer el evento es espectacular, ya que el efecto del fuego dentro de cada globo, ilumina el cielo de una forma \u00fanica, durante los tres atardeceres de Cielo M\u00e1gico se encender\u00e1n varios globos estrella, para iluminar el cielo, hasta el anochecer.<img decoding=\"async\" class=\"size-medium wp-image-368070 alignright\" src=\"https:\/\/dimensionturistica.com\/es\/wp-content\/uploads\/2022\/08\/Cielo-Magico4-300x200.jpg\" alt=\"\" width=\"300\" height=\"200\" srcset=\"https:\/\/dimensionturistica.com\/es\/wp-content\/uploads\/2022\/08\/Cielo-Magico4-300x200.jpg 300w, https:\/\/dimensionturistica.com\/es\/wp-content\/uploads\/2022\/08\/Cielo-Magico4-1024x683.jpg 1024w, https:\/\/dimensionturistica.com\/es\/wp-content\/uploads\/2022\/08\/Cielo-Magico4-768x512.jpg 768w, https:\/\/dimensionturistica.com\/es\/wp-content\/uploads\/2022\/08\/Cielo-Magico4-750x500.jpg 750w, https:\/\/dimensionturistica.com\/es\/wp-content\/uploads\/2022\/08\/Cielo-Magico4-1140x761.jpg 1140w, https:\/\/dimensionturistica.com\/es\/wp-content\/uploads\/2022\/08\/Cielo-Magico4.jpg 1253w\" sizes=\"(max-width: 300px) 100vw, 300px\" \/><br \/>\nSin lugar a dudas, el Festival Cielo M\u00e1gico es un importante motor tur\u00edstico y social para el Pueblo M\u00e1gico de Santiago, famoso por sus espacios de naturaleza, gastronom\u00eda, observaci\u00f3n astron\u00f3mica y actividades de aventura.<br \/>\nLa presentaci\u00f3n del Festival Cielo M\u00e1gico se realiz\u00f3 en conferencia de prensa en la CDMX, en un evento presidido por Miguel Torruco Marqu\u00e9s, Secretario de Turismo de M\u00e9xico, Maricarmen Mart\u00ednez Villarreal, Titular de la Secretar\u00eda de Turismo del estado de Nuevo Le\u00f3n, Daniela Garza D\u00edaz, Directora General de Festival Cielo M\u00e1gico, David de la Pe\u00f1a Marroqu\u00edn, Presidente Municipal de Santiago Nuevo Le\u00f3n y Mauricio Zavala Villarreal, Director General de la Corporaci\u00f3n para el Desarrollo Tur\u00edstico de Nuevo Le\u00f3n.<\/p>\n<p>&nbsp;<\/p>\n","protected":false},"excerpt":{"rendered":"<p>Del 28 al 30 de octubre del presente a\u00f1o, en el Pueblo M\u00e1gico de Santiago, Nuevo Le\u00f3n, se realizar\u00e1 la quinta edici\u00f3n del Festival Cielo M\u00e1gico, un evento familiar que contempla la participaci\u00f3n de 50 globos aerost\u00e1ticos que adornan en cielo de una forma \u00fanica y muy entretenida para las y los visitantes. Adem\u00e1s de [&hellip;]<\/p>\n","protected":false},"author":1,"featured_media":368067,"comment_status":"open","ping_status":"closed","sticky":false,"template":"","format":"standard","meta":{"om_disable_all_campaigns":false,"jnews-multi-image_gallery":[],"jnews_single_post":{"source_name":"","source_url":"","via_name":"","via_url":"","override_template":"0","override":[{"template":"1","single_blog_custom":"","parallax":"1","fullscreen":"1","layout":"right-sidebar","sidebar":"default-sidebar","second_sidebar":"default-sidebar","sticky_sidebar":"1","share_position":"top","share_float_style":"share-monocrhome","show_share_counter":"1","show_view_counter":"1","show_featured":"1","show_post_meta":"1","show_post_author":"1","show_post_author_image":"1","show_post_date":"1","post_date_format":"default","post_date_format_custom":"Y\/m\/d","show_post_category":"1","show_post_reading_time":"0","post_reading_time_wpm":"300","show_zoom_button":"0","zoom_button_out_step":"2","zoom_button_in_step":"3","show_post_tag":"1","show_prev_next_post":"1","show_popup_post":"1","number_popup_post":"1","show_author_box":"0","show_post_related":"0","show_inline_post_related":"0"}],"override_image_size":"0","image_override":[{"single_post_thumbnail_size":"crop-500","single_post_gallery_size":"crop-500"}],"trending_post":"0","trending_post_position":"meta","trending_post_label":"Trending","sponsored_post":"0","sponsored_post_label":"Sponsored by","sponsored_post_name":"","sponsored_post_url":"","sponsored_post_logo_enable":"0","sponsored_post_logo":"","sponsored_post_desc":"","disable_ad":"0"},"jnews_primary_category":{"id":""},"jnews_social_meta":{"fb_title":"","fb_description":"","fb_image":"","twitter_title":"","twitter_description":"","twitter_image":""},"footnotes":""},"categories":[39],"tags":[],"class_list":["post-368062","post","type-post","status-publish","format-standard","has-post-thumbnail","hentry","category-viajes"],"_links":{"self":[{"href":"https:\/\/dimensionturistica.com\/es\/wp-json\/wp\/v2\/posts\/368062","targetHints":{"allow":["GET"]}}],"collection":[{"href":"https:\/\/dimensionturistica.com\/es\/wp-json\/wp\/v2\/posts"}],"about":[{"href":"https:\/\/dimensionturistica.com\/es\/wp-json\/wp\/v2\/types\/post"}],"author":[{"embeddable":true,"href":"https:\/\/dimensionturistica.com\/es\/wp-json\/wp\/v2\/users\/1"}],"replies":[{"embeddable":true,"href":"https:\/\/dimensionturistica.com\/es\/wp-json\/wp\/v2\/comments?post=368062"}],"version-history":[{"count":0,"href":"https:\/\/dimensionturistica.com\/es\/wp-json\/wp\/v2\/posts\/368062\/revisions"}],"wp:featuredmedia":[{"embeddable":true,"href":"https:\/\/dimensionturistica.com\/es\/wp-json\/wp\/v2\/media\/368067"}],"wp:attachment":[{"href":"https:\/\/dimensionturistica.com\/es\/wp-json\/wp\/v2\/media?parent=368062"}],"wp:term":[{"taxonomy":"category","embeddable":true,"href":"https:\/\/dimensionturistica.com\/es\/wp-json\/wp\/v2\/categories?post=368062"},{"taxonomy":"post_tag","embeddable":true,"href":"https:\/\/dimensionturistica.com\/es\/wp-json\/wp\/v2\/tags?post=368062"}],"curies":[{"name":"wp","href":"https:\/\/api.w.org\/{rel}","templated":true}]}}