{"id":368047,"date":"2022-08-10T14:39:30","date_gmt":"2022-08-10T14:39:30","guid":{"rendered":"https:\/\/dimensionturistica.com\/es\/?p=368047"},"modified":"2022-08-10T14:39:31","modified_gmt":"2022-08-10T14:39:31","slug":"vietnam-vive-fuerte-repunte-del-turismo-nacional-fotos","status":"publish","type":"post","link":"https:\/\/dimensionturistica.com\/es\/vietnam-vive-fuerte-repunte-del-turismo-nacional-fotos\/","title":{"rendered":"Vietnam vive fuerte repunte del turismo nacional (+Fotos)"},"content":{"rendered":"<p> <br \/>\n<\/p>\n<div>\n<p>El objetivo period atender 60 millones de turistas locales en todo 2022, record\u00f3 el presidente de la Asociaci\u00f3n de Turismo vietnamita, Vu The Binh, quien lament\u00f3 que no est\u00e9 sucediendo lo mismo con los viajeros internacionales.<\/p>\n<p><img decoding=\"async\" class=\"alignnone wp-image-299412 size-full\" src=\"data:image\/svg+xml,%3Csvg%20xmlns=\" http:=\"\" alt=\"\" width=\"748\" height=\"498\" data-lazy-srcset=\"https:\/\/www.prensa-latina.cu\/wp-content\/uploads\/2022\/08\/Vietnam-Turismo-Nacional1.jpg 748w, https:\/\/www.prensa-latina.cu\/wp-content\/uploads\/2022\/08\/Vietnam-Turismo-Nacional1-300x200.jpg 300w, https:\/\/www.prensa-latina.cu\/wp-content\/uploads\/2022\/08\/Vietnam-Turismo-Nacional1-150x100.jpg 150w\" data-lazy-sizes=\"(max-width: 748px) 100vw, 748px\" data-lazy-src=\"https:\/\/www.prensa-latina.cu\/wp-content\/uploads\/2022\/08\/Vietnam-Turismo-Nacional1.jpg\"\/><noscript><img decoding=\"async\" class=\"alignnone wp-image-299412 size-full\" src=\"https:\/\/www.prensa-latina.cu\/wp-content\/uploads\/2022\/08\/Vietnam-Turismo-Nacional1.jpg\" alt=\"\" width=\"748\" height=\"498\" srcset=\"https:\/\/www.prensa-latina.cu\/wp-content\/uploads\/2022\/08\/Vietnam-Turismo-Nacional1.jpg 748w, https:\/\/www.prensa-latina.cu\/wp-content\/uploads\/2022\/08\/Vietnam-Turismo-Nacional1-300x200.jpg 300w, https:\/\/www.prensa-latina.cu\/wp-content\/uploads\/2022\/08\/Vietnam-Turismo-Nacional1-150x100.jpg 150w\" sizes=\"(max-width: 748px) 100vw, 748px\"\/><\/noscript><\/p>\n<p>Entre enero y julio \u00faltimo llegaron al pa\u00eds 733 mil visitantes extranjeros, apenas un ocho por ciento si se compara con las cifras anteriores a la pandemia de Covid-19, explic\u00f3 The Binh, quien advirti\u00f3 que de mantenerse este comportamiento la meta de cinco millones de llegadas internacionales este a\u00f1o podr\u00eda estar fuera de alcance.<\/p>\n<p>A juicio del gerente de ventas de la empresa Viettours, Cao Thi Tuyet Lan, citado por la agencia de noticias VNA, aunque el turismo internacional se reanud\u00f3 a mediados de marzo, cuando el pa\u00eds ten\u00eda ya bajo management la pandemia, el engorroso proceso de solicitud de visa ha ralentizado los viajes internacionales.<\/p>\n<p>Al intervenir en el programa \u201cPoder de los v\u00ednculos tur\u00edsticos de Vietnam\u201d, en la sure\u00f1a Ciudad Chi Minh, Tuyet Lan consider\u00f3 que si las preocupaciones relacionadas con las pol\u00edticas de visas no se abordan r\u00e1pidamente, es poco possible que las llegadas de visitantes for\u00e1neos al pa\u00eds aumenten en la temporada de viajes de fin de a\u00f1o.<\/p>\n<p>A mediados de julio pasado, la Administraci\u00f3n Nacional de Turismo de Vietnam (ANTV) ratific\u00f3 su intenci\u00f3n de recibir a cinco millones de visitantes extranjeros en 2022.<\/p>\n<p>La entidad se\u00f1al\u00f3 que optimizar\u00e1 a\u00fan m\u00e1s los mercados con los que existen conexiones a\u00e9reas y aquellos que permiten a sus ciudadanos viajar al extranjero, dando prioridad a pa\u00edses como Corea del Sur, Jap\u00f3n y Australia, as\u00ed como a las naciones del Sudeste Asi\u00e1tico y de Europa Occidental.<\/p>\n<p><img decoding=\"async\" class=\"alignnone wp-image-299413 size-full\" src=\"data:image\/svg+xml,%3Csvg%20xmlns=\" http:=\"\" alt=\"\" width=\"748\" height=\"498\" data-lazy-srcset=\"https:\/\/www.prensa-latina.cu\/wp-content\/uploads\/2022\/08\/Vietnam-Turismo-Nacional2.jpg 748w, https:\/\/www.prensa-latina.cu\/wp-content\/uploads\/2022\/08\/Vietnam-Turismo-Nacional2-300x200.jpg 300w, https:\/\/www.prensa-latina.cu\/wp-content\/uploads\/2022\/08\/Vietnam-Turismo-Nacional2-150x100.jpg 150w\" data-lazy-sizes=\"(max-width: 748px) 100vw, 748px\" data-lazy-src=\"https:\/\/www.prensa-latina.cu\/wp-content\/uploads\/2022\/08\/Vietnam-Turismo-Nacional2.jpg\"\/><noscript><img decoding=\"async\" class=\"alignnone wp-image-299413 size-full\" src=\"https:\/\/www.prensa-latina.cu\/wp-content\/uploads\/2022\/08\/Vietnam-Turismo-Nacional2.jpg\" alt=\"\" width=\"748\" height=\"498\" srcset=\"https:\/\/www.prensa-latina.cu\/wp-content\/uploads\/2022\/08\/Vietnam-Turismo-Nacional2.jpg 748w, https:\/\/www.prensa-latina.cu\/wp-content\/uploads\/2022\/08\/Vietnam-Turismo-Nacional2-300x200.jpg 300w, https:\/\/www.prensa-latina.cu\/wp-content\/uploads\/2022\/08\/Vietnam-Turismo-Nacional2-150x100.jpg 150w\" sizes=\"(max-width: 748px) 100vw, 748px\"\/><\/noscript><\/p>\n<p>Tambi\u00e9n prestar\u00e1 mayor atenci\u00f3n a nuevos emisores como la India, Estados Unidos, Oriente Medio y pa\u00edses de habla rusa, incluidos Uzbekist\u00e1n y Azerbaiy\u00e1n.<\/p>\n<p>Como parte de los esfuerzos por incrementar la llegada de turistas extranjeros, la ANTV despliega tambi\u00e9n una intensa campa\u00f1a promocional basada en el programa Vivir plenamente en Vietnam.<\/p>\n<p>Adem\u00e1s, prev\u00e9 concurrir a importantes eventos del ramo como la Exposici\u00f3n de Turismo de la Asociaci\u00f3n de Agentes de Viajes de Jap\u00f3n (JATA), en septiembre pr\u00f3ximo, y al Mercado Mundial de Viajes (World Journey Market) que cada a\u00f1o se realiza en Londres, en el mes de noviembre.<\/p>\n<p>En el primer semestre del a\u00f1o Vietnam recibi\u00f3 alrededor de 413 mil visitantes internacionales, un aumento que autoridades del sector valoraron de appreciable, atendiendo a que la reapertura de las fronteras fue solo posible a mediados de marzo y hubo un descenso en la emisi\u00f3n desde dos grandes mercados como China y Rusia.<\/p>\n<p>oda\/mpm<\/p>\n<\/p><\/div>\n\n<p><em> &#8221; Fuentes www.prensa-latina.cu &#8221; <\/em><\/p>\n","protected":false},"excerpt":{"rendered":"<p>El objetivo period atender 60 millones de turistas locales en todo 2022, record\u00f3 el presidente de la Asociaci\u00f3n de Turismo vietnamita, Vu The Binh, quien lament\u00f3 que no est\u00e9 sucediendo lo mismo con los viajeros internacionales. Entre enero y julio \u00faltimo llegaron al pa\u00eds 733 mil visitantes extranjeros, apenas un ocho por ciento si se [&hellip;]<\/p>\n","protected":false},"author":4,"featured_media":368048,"comment_status":"open","ping_status":"closed","sticky":false,"template":"","format":"standard","meta":{"om_disable_all_campaigns":false,"jnews-multi-image_gallery":[],"jnews_single_post":[],"jnews_primary_category":[],"jnews_social_meta":[],"footnotes":""},"categories":[40],"tags":[715,35201,544,10412],"class_list":["post-368047","post","type-post","status-publish","format-standard","has-post-thumbnail","hentry","category-industria","tag-economia","tag-nota-informativa","tag-turismo","tag-vietnam"],"_links":{"self":[{"href":"https:\/\/dimensionturistica.com\/es\/wp-json\/wp\/v2\/posts\/368047","targetHints":{"allow":["GET"]}}],"collection":[{"href":"https:\/\/dimensionturistica.com\/es\/wp-json\/wp\/v2\/posts"}],"about":[{"href":"https:\/\/dimensionturistica.com\/es\/wp-json\/wp\/v2\/types\/post"}],"author":[{"embeddable":true,"href":"https:\/\/dimensionturistica.com\/es\/wp-json\/wp\/v2\/users\/4"}],"replies":[{"embeddable":true,"href":"https:\/\/dimensionturistica.com\/es\/wp-json\/wp\/v2\/comments?post=368047"}],"version-history":[{"count":0,"href":"https:\/\/dimensionturistica.com\/es\/wp-json\/wp\/v2\/posts\/368047\/revisions"}],"wp:featuredmedia":[{"embeddable":true,"href":"https:\/\/dimensionturistica.com\/es\/wp-json\/wp\/v2\/media\/368048"}],"wp:attachment":[{"href":"https:\/\/dimensionturistica.com\/es\/wp-json\/wp\/v2\/media?parent=368047"}],"wp:term":[{"taxonomy":"category","embeddable":true,"href":"https:\/\/dimensionturistica.com\/es\/wp-json\/wp\/v2\/categories?post=368047"},{"taxonomy":"post_tag","embeddable":true,"href":"https:\/\/dimensionturistica.com\/es\/wp-json\/wp\/v2\/tags?post=368047"}],"curies":[{"name":"wp","href":"https:\/\/api.w.org\/{rel}","templated":true}]}}