{"id":368017,"date":"2022-08-10T14:22:56","date_gmt":"2022-08-10T14:22:56","guid":{"rendered":"https:\/\/dimensionturistica.com\/es\/?p=368017"},"modified":"2022-08-10T14:22:56","modified_gmt":"2022-08-10T14:22:56","slug":"mas-y-mejores-productos-turisticos-como-el-festival-cielo-magico-en-santiago-nuevo-leon-atraeran-nuevos-flujos-de-visitantes","status":"publish","type":"post","link":"https:\/\/dimensionturistica.com\/es\/mas-y-mejores-productos-turisticos-como-el-festival-cielo-magico-en-santiago-nuevo-leon-atraeran-nuevos-flujos-de-visitantes\/","title":{"rendered":"M\u00e1s y mejores productos tur\u00edsticos, como el Festival \u201cCielo M\u00e1gico\u201d en Santiago, Nuevo Le\u00f3n, atraer\u00e1n nuevos flujos de visitantes"},"content":{"rendered":"<p><img decoding=\"async\" class=\"size-medium wp-image-368022 alignleft\" src=\"https:\/\/dimensionturistica.com\/es\/wp-content\/uploads\/2022\/08\/Cielo-Magico-1-300x199.jpg\" alt=\"\" width=\"300\" height=\"199\" srcset=\"https:\/\/dimensionturistica.com\/es\/wp-content\/uploads\/2022\/08\/Cielo-Magico-1-300x199.jpg 300w, https:\/\/dimensionturistica.com\/es\/wp-content\/uploads\/2022\/08\/Cielo-Magico-1.jpg 450w\" sizes=\"(max-width: 300px) 100vw, 300px\" \/>El secretario de Turismo del Gobierno de M\u00e9xico, Miguel Torruco Marqu\u00e9s, y la secretaria de Turismo de Nuevo Le\u00f3n, Maricarmen Mart\u00ednez Villarreal, anunciaron la realizaci\u00f3n del Festival \u201cCielo M\u00e1gico\u201d, que se llevar\u00e1 a cabo del 28 al 30 de octubre de este a\u00f1o en el Pueblo M\u00e1gico de Santiago, Nuevo Le\u00f3n, y que fortalecer\u00e1 la oferta del segmento de naturaleza en la entidad.<br \/>\nEl titular de la Secretar\u00eda de Turismo (Sectur) destac\u00f3 que en su quinta edici\u00f3n, el atractivo principal del Festival \u201cCielo M\u00e1gico\u201d ser\u00e1 el vuelo de 50 globos aerost\u00e1ticos, piloteados por mexicanos y estadounidenses, que llenar\u00e1n de luz y de color el cielo de Santiago; adem\u00e1s de eventos art\u00edsticos, culturales, gastron\u00f3micos y recreativos.<img decoding=\"async\" class=\"size-medium wp-image-368026 alignleft\" src=\"https:\/\/dimensionturistica.com\/es\/wp-content\/uploads\/2022\/08\/Cielo-Magico-3-300x199.jpg\" alt=\"\" width=\"300\" height=\"199\" srcset=\"https:\/\/dimensionturistica.com\/es\/wp-content\/uploads\/2022\/08\/Cielo-Magico-3-300x199.jpg 300w, https:\/\/dimensionturistica.com\/es\/wp-content\/uploads\/2022\/08\/Cielo-Magico-3.jpg 450w\" sizes=\"(max-width: 300px) 100vw, 300px\" \/><br \/>\n\u201cEste producto tur\u00edstico reforzar\u00e1 la imagen de este Pueblo M\u00e1gico, enclavado en la Sierra Madre Oriental, que alberga maravillas naturales tales como el \u2018Parque Nacional Cumbres de Monterrey\u2019 y la reconocida cascada \u2018Cola de Caballo\u2019. Tambi\u00e9n ser\u00e1 factor de recuperaci\u00f3n del sector turismo del municipio y del estado\u201d, se\u00f1al\u00f3.<br \/>\nIndic\u00f3 que los Pueblos M\u00e1gicos poseen el potencial para atraer nuevos flujos de visitantes, debido a que su oferta tur\u00edstica se ajusta al nuevo perfil del turista, quien prefiere, cada vez m\u00e1s, destinos cercanos a su lugar de origen y en contacto m\u00e1s \u00edntimo con la naturaleza, la vida comunitaria, las costumbres y tradiciones ancestrales.<br \/>\n\u201cHagamos sinergia para proyectar al mundo una imagen fortalecida de nuestros Pueblos M\u00e1gicos, que hoy guardan en su seno grandes riquezas milenarias, heredadas por nuestros antepasados, y que, orgullosos,<img decoding=\"async\" class=\"size-medium wp-image-368027 alignleft\" src=\"https:\/\/dimensionturistica.com\/es\/wp-content\/uploads\/2022\/08\/Cielo-Magico-4-300x199.jpg\" alt=\"\" width=\"300\" height=\"199\" srcset=\"https:\/\/dimensionturistica.com\/es\/wp-content\/uploads\/2022\/08\/Cielo-Magico-4-300x199.jpg 300w, https:\/\/dimensionturistica.com\/es\/wp-content\/uploads\/2022\/08\/Cielo-Magico-4.jpg 450w\" sizes=\"(max-width: 300px) 100vw, 300px\" \/> deseamos compartir\u201d, declar\u00f3.<br \/>\nTorruco Marqu\u00e9s precis\u00f3 que en 2021, Nuevo Le\u00f3n recibi\u00f3 2 millones 341 mil turistas hospedados en hotel, esto es, una recuperaci\u00f3n del 72.6% respecto al 2019. De enero a junio del 2022, registr\u00f3 la llegada de 2 millones 380 mil pasajeros a\u00e9reos, 43.4% superior al mismo lapso del a\u00f1o pasado.<br \/>\nSubray\u00f3 que en el caso del Pueblo M\u00e1gico de Santiago, su PIB Tur\u00edstico representa el 89.3% del PIB del municipio y el 3% del PIB Tur\u00edstico del estado. Conforme a los censos econ\u00f3micos 2019, esta entidad cuenta con 286 unidades econ\u00f3micas relacionadas con el sector tur\u00edstico, y el personal ocupado en actividades tur\u00edsticas es de 1,701 personas.<br \/>\nEl secretario de Turismo puntualiz\u00f3 que si queremos que se incremente la derrama econ\u00f3mica en las 235 plazas<img decoding=\"async\" class=\"size-medium wp-image-368028 alignright\" src=\"https:\/\/dimensionturistica.com\/es\/wp-content\/uploads\/2022\/08\/Cielo-Magico-5-300x199.jpg\" alt=\"\" width=\"300\" height=\"199\" srcset=\"https:\/\/dimensionturistica.com\/es\/wp-content\/uploads\/2022\/08\/Cielo-Magico-5-300x199.jpg 300w, https:\/\/dimensionturistica.com\/es\/wp-content\/uploads\/2022\/08\/Cielo-Magico-5.jpg 450w\" sizes=\"(max-width: 300px) 100vw, 300px\" \/> de vocaci\u00f3n tur\u00edstica del pa\u00eds, es necesario ampliar la estad\u00eda de nuestros turistas, ofreciendo m\u00e1s y mejores productos tur\u00edsticos, ya que siempre est\u00e1n en busca de atractivos interesantes y novedosos, que representen nuevas experiencias.<br \/>\nAgreg\u00f3 que con este prop\u00f3sito, Sectur trabaja en la creaci\u00f3n de productos \u201cancla\u201d, que contribuyan a incrementar el flujo tur\u00edstico, pero sobre todo el gasto,<br \/>\n\u201cA la fecha, ya se cuenta con el \u2018Museo de la Hoteler\u00eda Mexicana\u2019, en el Pueblo M\u00e1gico de Orizaba, Veracruz; el \u2018Museo de Armando Manzanero\u2019, en M\u00e9rida, Yucat\u00e1n; la \u2018Arena GNP Seguros\u2019, escenario del \u2018Abierto Mexicano de Tenis\u2019, en Acapulco, Guerrero; el \u2018Callej\u00f3n de los Beatles\u2019, en Mazatl\u00e1n, Sinaloa, entre otros atractivos\u201d, coment\u00f3.<br \/>\nEl titular de Sectur resalt\u00f3 que mediante el desarrollo e integraci\u00f3n regional del producto tur\u00edstico, M\u00e9xico es un pa\u00eds m\u00e1s competitivo, lo que le permitir\u00e1 salir del lugar 17 en captaci\u00f3n de divisas por turismo y el n\u00famero 40 en gasto per c\u00e1pita.<br \/>\nDestac\u00f3 que gracias a las pol\u00edticas implementadas por el presidente Andr\u00e9s Manuel L\u00f3pez Obrador, nuestro pa\u00eds solo tuvo una ca\u00edda de 46% en turismo, cuando el promedio mundial fue de 73% y las grandes potencias entre 84% y 92%; al no restringir los vuelos internacionales, aplicar los protocolos biosanitarios elaborados entre las Secretar\u00edas de Salud y Turismo, en coordinaci\u00f3n con el sector privado, y la Estrategia Nacional de Vacunaci\u00f3n, as\u00ed como acciones de no endeudamiento.<br \/>\nPor su parte, la secretaria de Turismo de Nuevo Le\u00f3n, Maricarmen Mart\u00ednez Villarreal, coment\u00f3 que la entidad posee una gran riqueza tur\u00edstica, m\u00e1s all\u00e1 de su vocaci\u00f3n de negocios y salud, gracias a la oferta de naturaleza; por lo que la dependencia que encabeza trabaja en impulsar el turismo en cada regi\u00f3n del estado.<br \/>\nEn su oportunidad, Daniela Garza D\u00edaz, directora general del Festival \u201cCielo M\u00e1gico\u201d, detall\u00f3 que durante los tres d\u00edas del Festival \u2018Cielo M\u00e1gico\u2019 se tiene estimada la asistencia de 60 mil personas, y que ser\u00e1 un evento que tenga un impacto positivo en la comunidad de este Pueblo M\u00e1gico rodeado de monta\u00f1as, en donde el visitante disfrutar\u00e1 la naturaleza y el folclor del destino.<br \/>\nEn la presentaci\u00f3n tambi\u00e9n estuvieron presentes, el subsecretario de Turismo, Humberto Hern\u00e1ndez Haddad; el director general de Turismo del municipio de Santiago, Gerardo Montemayor Rodr\u00edguez; y el director general de la Corporaci\u00f3n para el Desarrollo Tur\u00edstico de Nuevo Le\u00f3n, Mauricio Zavala Villarreal.<\/p>\n","protected":false},"excerpt":{"rendered":"<p>El secretario de Turismo del Gobierno de M\u00e9xico, Miguel Torruco Marqu\u00e9s, y la secretaria de Turismo de Nuevo Le\u00f3n, Maricarmen Mart\u00ednez Villarreal, anunciaron la realizaci\u00f3n del Festival \u201cCielo M\u00e1gico\u201d, que se llevar\u00e1 a cabo del 28 al 30 de octubre de este a\u00f1o en el Pueblo M\u00e1gico de Santiago, Nuevo Le\u00f3n, y que fortalecer\u00e1 la [&hellip;]<\/p>\n","protected":false},"author":1,"featured_media":368029,"comment_status":"open","ping_status":"closed","sticky":false,"template":"","format":"standard","meta":{"om_disable_all_campaigns":false,"jnews-multi-image_gallery":[],"jnews_single_post":{"source_name":"","source_url":"","via_name":"","via_url":"","override_template":"0","override":[{"template":"1","single_blog_custom":"","parallax":"1","fullscreen":"1","layout":"right-sidebar","sidebar":"default-sidebar","second_sidebar":"default-sidebar","sticky_sidebar":"1","share_position":"top","share_float_style":"share-monocrhome","show_share_counter":"1","show_view_counter":"1","show_featured":"1","show_post_meta":"1","show_post_author":"1","show_post_author_image":"1","show_post_date":"1","post_date_format":"default","post_date_format_custom":"Y\/m\/d","show_post_category":"1","show_post_reading_time":"0","post_reading_time_wpm":"300","show_zoom_button":"0","zoom_button_out_step":"2","zoom_button_in_step":"3","show_post_tag":"1","show_prev_next_post":"1","show_popup_post":"1","number_popup_post":"1","show_author_box":"0","show_post_related":"0","show_inline_post_related":"0"}],"override_image_size":"0","image_override":[{"single_post_thumbnail_size":"crop-500","single_post_gallery_size":"crop-500"}],"trending_post":"0","trending_post_position":"meta","trending_post_label":"Trending","sponsored_post":"0","sponsored_post_label":"Sponsored by","sponsored_post_name":"","sponsored_post_url":"","sponsored_post_logo_enable":"0","sponsored_post_logo":"","sponsored_post_desc":"","disable_ad":"0"},"jnews_primary_category":{"id":""},"jnews_social_meta":{"fb_title":"","fb_description":"","fb_image":"","twitter_title":"","twitter_description":"","twitter_image":""},"footnotes":""},"categories":[39],"tags":[],"class_list":["post-368017","post","type-post","status-publish","format-standard","has-post-thumbnail","hentry","category-viajes"],"_links":{"self":[{"href":"https:\/\/dimensionturistica.com\/es\/wp-json\/wp\/v2\/posts\/368017","targetHints":{"allow":["GET"]}}],"collection":[{"href":"https:\/\/dimensionturistica.com\/es\/wp-json\/wp\/v2\/posts"}],"about":[{"href":"https:\/\/dimensionturistica.com\/es\/wp-json\/wp\/v2\/types\/post"}],"author":[{"embeddable":true,"href":"https:\/\/dimensionturistica.com\/es\/wp-json\/wp\/v2\/users\/1"}],"replies":[{"embeddable":true,"href":"https:\/\/dimensionturistica.com\/es\/wp-json\/wp\/v2\/comments?post=368017"}],"version-history":[{"count":0,"href":"https:\/\/dimensionturistica.com\/es\/wp-json\/wp\/v2\/posts\/368017\/revisions"}],"wp:featuredmedia":[{"embeddable":true,"href":"https:\/\/dimensionturistica.com\/es\/wp-json\/wp\/v2\/media\/368029"}],"wp:attachment":[{"href":"https:\/\/dimensionturistica.com\/es\/wp-json\/wp\/v2\/media?parent=368017"}],"wp:term":[{"taxonomy":"category","embeddable":true,"href":"https:\/\/dimensionturistica.com\/es\/wp-json\/wp\/v2\/categories?post=368017"},{"taxonomy":"post_tag","embeddable":true,"href":"https:\/\/dimensionturistica.com\/es\/wp-json\/wp\/v2\/tags?post=368017"}],"curies":[{"name":"wp","href":"https:\/\/api.w.org\/{rel}","templated":true}]}}