{"id":367960,"date":"2022-08-10T11:15:07","date_gmt":"2022-08-10T11:15:07","guid":{"rendered":"https:\/\/dimensionturistica.com\/es\/?p=367960"},"modified":"2022-08-10T11:15:07","modified_gmt":"2022-08-10T11:15:07","slug":"manual-para-sumergirse-en-la-otra-formentera","status":"publish","type":"post","link":"https:\/\/dimensionturistica.com\/es\/manual-para-sumergirse-en-la-otra-formentera\/","title":{"rendered":"Manual para sumergirse en la otra Formentera"},"content":{"rendered":"<p> <br \/>\n<\/p>\n<div>\n<div id=\"involveds\" class=\"involveds wrap\">\n<div class=\"involved-authors only-author\">\n<div class=\"first-author\">\n<figure class=\"thumb col-xs-3\">&#13;<img loading=\"lazy\" decoding=\"async\" src=\"https:\/\/viajes.nationalgeographic.com.es\/medio\/2021\/12\/20\/lorena-autor-ok_4349f89c_600x600.jpeg\" alt=\"Lorena Autor OK\" class=\"lazyload\" width=\"600\" height=\"600\" data-aspectratio=\"600\/600\"\/><noscript><img decoding=\"async\" src=\"https:\/\/viajes.nationalgeographic.com.es\/medio\/2021\/12\/20\/lorena-autor-ok_4349f89c_600x600.jpeg\" alt=\"Lorena Autor OK\"\/><\/noscript>&#13;<\/figure>\n<\/div>\n<\/div>\n<\/div>\n<p class=\"date\"> <time itemprop=\"dateModified\" datetime=\"2022-08-10T12:55:00+02:00\" data-timestamp=\"1660136100\">&#13;10 de agosto de 2022 \u00b7 12:55<\/time>&#13;<\/p>\n<\/div>\n<div id=\"article-sumary\">\n<div class=\"article-txt ad-mobile-top\">\n<p>No resulta f\u00e1cil llegar al para\u00edso. De hecho la \u00fanica forma de acceder a <strong>esta isla de casi el mismo tama\u00f1o de Manhattan<\/strong> es a trav\u00e9s del mar en un ferry que la conecta\u00a0con <a rel=\"nofollow noopener\" target=\"_blank\" href=\"https:\/\/viajes.nationalgeographic.com.es\/z\/ibiza\">Ibiza<\/a> en aproximadamente media hora de trayecto. Es posible que haya sido su mala comunicaci\u00f3n lo que ha resguardado de las masas, el desgaste y la globalizaci\u00f3n, aunque en ning\u00fan caso hay que olvidar la conciencia responsable de los\u00a0habitantes de Formentera\u00a0a la hora de lograr que este destino paradis\u00edaco se mantenga pr\u00e1cticamente intacto a lo largo de los a\u00f1os.\u00a0<\/p>\n<\/div>\n<\/div>\n\n<p><em> &#8221; Fuentes viajes.nationalgeographic.com.es &#8221; <\/em><\/p>\n","protected":false},"excerpt":{"rendered":"<p>&#13;&#13; &#13;10 de agosto de 2022 \u00b7 12:55&#13; No resulta f\u00e1cil llegar al para\u00edso. De hecho la \u00fanica forma de acceder a esta isla de casi el mismo tama\u00f1o de Manhattan es a trav\u00e9s del mar en un ferry que la conecta\u00a0con Ibiza en aproximadamente media hora de trayecto. Es posible que haya sido su [&hellip;]<\/p>\n","protected":false},"author":4,"featured_media":367961,"comment_status":"open","ping_status":"closed","sticky":false,"template":"","format":"standard","meta":{"om_disable_all_campaigns":false,"jnews-multi-image_gallery":[],"jnews_single_post":[],"jnews_primary_category":[],"jnews_social_meta":[],"footnotes":""},"categories":[39],"tags":[47258,47257],"class_list":["post-367960","post","type-post","status-publish","format-standard","has-post-thumbnail","hentry","category-viajes","tag-cargado-desde-el-fichero-de-recursos","tag-keywords-por-defecto"],"_links":{"self":[{"href":"https:\/\/dimensionturistica.com\/es\/wp-json\/wp\/v2\/posts\/367960","targetHints":{"allow":["GET"]}}],"collection":[{"href":"https:\/\/dimensionturistica.com\/es\/wp-json\/wp\/v2\/posts"}],"about":[{"href":"https:\/\/dimensionturistica.com\/es\/wp-json\/wp\/v2\/types\/post"}],"author":[{"embeddable":true,"href":"https:\/\/dimensionturistica.com\/es\/wp-json\/wp\/v2\/users\/4"}],"replies":[{"embeddable":true,"href":"https:\/\/dimensionturistica.com\/es\/wp-json\/wp\/v2\/comments?post=367960"}],"version-history":[{"count":0,"href":"https:\/\/dimensionturistica.com\/es\/wp-json\/wp\/v2\/posts\/367960\/revisions"}],"wp:featuredmedia":[{"embeddable":true,"href":"https:\/\/dimensionturistica.com\/es\/wp-json\/wp\/v2\/media\/367961"}],"wp:attachment":[{"href":"https:\/\/dimensionturistica.com\/es\/wp-json\/wp\/v2\/media?parent=367960"}],"wp:term":[{"taxonomy":"category","embeddable":true,"href":"https:\/\/dimensionturistica.com\/es\/wp-json\/wp\/v2\/categories?post=367960"},{"taxonomy":"post_tag","embeddable":true,"href":"https:\/\/dimensionturistica.com\/es\/wp-json\/wp\/v2\/tags?post=367960"}],"curies":[{"name":"wp","href":"https:\/\/api.w.org\/{rel}","templated":true}]}}