{"id":367957,"date":"2022-08-10T11:00:48","date_gmt":"2022-08-10T11:00:48","guid":{"rendered":"https:\/\/dimensionturistica.com\/es\/?p=367957"},"modified":"2022-08-10T11:00:48","modified_gmt":"2022-08-10T11:00:48","slug":"estados-unidos-y-africa-los-destinos-mas-escogidos-por-los-tarraconenses-este-verano","status":"publish","type":"post","link":"https:\/\/dimensionturistica.com\/es\/estados-unidos-y-africa-los-destinos-mas-escogidos-por-los-tarraconenses-este-verano\/","title":{"rendered":"Estados Unidos y \u00c1frica, los destinos m\u00e1s escogidos por los tarraconenses este verano"},"content":{"rendered":"<p> <br \/>\n<\/p>\n<div>\n<div class=\"paragraph\">\n<p class=\"p_1\">Viajar, y lejos. Otra de las pruebas de que, aunque todav\u00eda se contabilicen contagios, la pandemia ya es cosa del pasado. Las agencias de viajes de la provincia de Tarragona aseguran que han recuperado la actividad previa a la covid tras dos a\u00f1os muy duros para el sector a causa de las restricciones de movilidad y, por otro lado, los tarraconenses m\u00e1s viajeros han podido volver a explorar tierras ex\u00f3ticas. Estados Unidos, Egipto, Turqu\u00eda, el Caribe y \u00c1frica han sido los destinos que m\u00e1s han escogido. Y tantas ganas hab\u00eda de recorrer kil\u00f3metros que la inflaci\u00f3n, traducida sobre todo en los precios de los vuelos por el disparado coste de los combustibles, no ha sido un obst\u00e1culo.<\/p>\n<p class=\"p_2\">\u00abAunque muchas familias est\u00e1n realizando ahora viajes por Europa, principalmente cruceros, que ya ten\u00edan reservados antes de la pandemia, hemos recuperado la demanda por pa\u00edses como Egipto, Turqu\u00eda, Estados Unidos y el Caribe\u00bb, explica Gloria Mestres, responsable de Viatges Mestres de Reus. En este sentido, se\u00f1ala que pr\u00e1cticamente son los mismos destinos que se escog\u00edan antes de la pandemia, con la diferencia que los pa\u00edses asi\u00e1ticos han mantenido las restricciones por covid hasta hace poco. \u00abEsto provoc\u00f3 que aquellas personas que empezaron a planificar los viajes en febrero y marzo apostaran m\u00e1s por \u00c1frica, donde ha crecido mucho el inter\u00e9s por safaris, principalmente en Kenia y Tanzania\u00bb, asegura Mestres.<\/p>\n<\/p><\/div>\n<p> Las restricciones por la covid en Asia han hecho que crezca el inter\u00e9s por destinaciones africanas\n                  <\/p>\n<div class=\"paragraph\">\n<p class=\"p_3\">Qui\u00e9n tambi\u00e9n reconoce que los tarraconenses apuestan por los mismos destinos que en 2019 es Laura Cugat, de Laku Journey, en Torredembarra, que adem\u00e1s de los de larga distancia se\u00f1ala que mucha gente sigue buscando islas y zonas costeras como las Baleares y Sarde\u00f1a, o \u00ablos intocables cruceros\u00bb. Paralelamente, Cugat comenta que \u00abaunque este 2022 todo se ha encarecido much\u00edsimo, sobre todo los vuelos, que han aumentado entre un 25 y un 30% por el carburante, esto no afecta a que la gente realice las vacaciones so\u00f1adas, pues este a\u00f1o hay mucha necesidad de viajar lejos de nuevo\u00bb.<\/p>\n<p class=\"p_4\">En esto coincide tambi\u00e9n Emelina Orobitg, socia de Artis Viatges, del mismo municipio del Baix Gai\u00e0. \u00abLa gente se ha liado la manta a la cabeza y ha dicho: carpe diem, que ma\u00f1ana no sabemos donde estaremos\u00bb, cube la agente tur\u00edstica, que destaca que \u00abestamos buscando para hacer reservas en el parking del aeropuerto de Barcelona y para este mes de agosto est\u00e1 todo completo, como no ocurr\u00eda desde antes de la covid\u00bb. Orobitg explica que la mayor\u00eda de reservas que han hecho han sido para Estados Unidos, Egipto, Turqu\u00eda y Riviera Maya. Tambi\u00e9n para Baleares y Canarias, y destaca que ha surgido mucho inter\u00e9s por Rumania y Senegal, as\u00ed como las reticencias todav\u00eda por viajar a Asia. Con todo, celebra que la recuperaci\u00f3n de las ventas la han notado principalmente este \u00faltimo trimestre: \u00abViajes a pa\u00edses como Per\u00fa se preparaban con cinco o seis meses de antelaci\u00f3n, y hemos hecho reservas para dentro de 15 d\u00edas. La gente ha optado por comprar a \u00faltima hora\u00bb.<\/p>\n<p class=\"p_5\"><b>Dos a\u00f1os sin viajar&#8230; o s\u00ed<\/b><\/p>\n<p class=\"p_6\">Ciertamente las restricciones de movilidad derivadas de la pandemia comportaron que mucha gente no viajara durante pr\u00e1cticamente dos a\u00f1os, o que por lo menos solo lo hiciera a nivel nacional. No obstante, aquellos m\u00e1s inquietos no aceptaron quedarse en casa. Es el caso de \u00c0ngel, que cada verano se va lejos con su familia. Este a\u00f1o ya han estado de crucero por Europa y en Estados Unidos, pero tanto en 2020, justo despu\u00e9s del confinamiento, como el a\u00f1o pasado, tambi\u00e9n cogieron un avi\u00f3n. En el a\u00f1o duro de la pandemia \u00abya ten\u00edamos previsto ir a Grecia, y aunque nos lo aplazaron fuimos igual durante tres semanas, y el verano pasado fuimos a Tanzania\u00bb.<\/p>\n<p class=\"p_7\">Qui\u00e9n no viaj\u00f3 mucho en pandemia fue Eva Eslava, vecina de Alcover. La semana que viene se va 15 d\u00edas a Egipto con su hermano y sus padres, un viaje que ten\u00edan previsto para agosto de 2020 y que tuvieron que cancelar. Ese a\u00f1o no viaj\u00f3 a ning\u00fan sitio, y en 2021 fue a Arag\u00f3n. \u00abLa verdad es que tenemos muchas ganas, quer\u00edamos hacerlo el a\u00f1o pasado pero nos recomendaron que mejor esper\u00e1ramos porque la situaci\u00f3n no estaba controlada\u00bb, explica Eslava, que agradece que \u00abla agencia nos guard\u00f3 la promoci\u00f3n inicial y solo nos ha incrementado el precio de los vuelos, 100 euros en whole\u00bb.<\/p>\n<\/p><\/div>\n<div class=\"paragraph\">\n<p class=\"p_8\"><b>\u00abFuimos de voluntariado e hicimos dos safaris\u00bb<\/b><\/p>\n<p class=\"p_9\">Rut Foguet es una joven tarraconense que, con una amiga, se fue de voluntariado a Uganda, concretamente en un orfanato de Lugazi, donde dieron clases de ingl\u00e9s y ayudaron a limpiar y a cocinar. Estuvieron en el pa\u00eds africano desde el 10 de junio hasta el 1 de julio, y aprovecharon los fines de semana, que ten\u00edan tiempo libre, para hacer turismo por el pa\u00eds. \u00abHicimos dos safaris, uno por el Queen Elisabeth, el segundo parque nacional m\u00e1s grande de Uganda, y otro en barca por un canal\u00bb, cuenta Foguet, que cube que el primero les cost\u00f3 120 d\u00f3lares por cabeza y el segundo solo 30.<\/p>\n<\/p><\/div>\n<div class=\"paragraph\">\n<p class=\"p_10\">Explica que no period un viaje que tuvieran previsto para antes de la pandemia, la thought surgi\u00f3 este mismo a\u00f1o, pero como hab\u00edan estado dos a\u00f1os sin viajar ten\u00edan m\u00e1s ganas que nunca: \u00abDurante la covid solo hab\u00eda ido a Andorra\u00bb. Foguet recuerda que no hab\u00eda ninguna restricci\u00f3n, m\u00e1s all\u00e1 de que en los aeropuertos ped\u00edan el certificado de vacunaci\u00f3n.<\/p>\n<\/p><\/div>\n<div class=\"paragraph\">\n<p class=\"p_11\"><b>\u00abHicimos un crucero por el Nilo, de Luxor a Aswan\u00bb<\/b><\/p>\n<p class=\"p_12\">Guillem Perpiny\u00e0, de Torredembarra, viaj\u00f3 a Egipto con su pareja a principios de julio. Estuvo ocho d\u00edas, cinco de los cuales en un crucero por el r\u00edo Nilo, desde Luxor hasta Aswan, donde cogi\u00f3 un vuelo para ir a pasar tres d\u00edas en El Cairo. El joven explica que escogieron Egipto por que les llamaba mucho la atenci\u00f3n, y aunque no lo hab\u00edan planeado previamente a la pandemia, est\u00e1 seguro que habr\u00edan ido antes si no hubiera sido por las disaster sanitaria y las restricciones que comport\u00f3. Perpiny\u00e0 ya hab\u00eda viajado a Indonesia, India, Birmania y Malasia, pero durante 2020 y 2021 solo se movi\u00f3 por Europa.<\/p>\n<\/p><\/div>\n<div class=\"paragraph\">\n<p class=\"p_13\">El torrense asegura que el viaje les sali\u00f3 m\u00e1s caro de lo routine y reconoce que aunque fueron all\u00ed con la thought de que es un pa\u00eds pobre, es muy tur\u00edstico y acabaron pagando por todo, hasta para ir al ba\u00f1o, y adem\u00e1s todo period muy caro, sobre todo el agua: \u00abTodo esto acab\u00f3 aumentando mucho el coste del viaje\u00bb. Lo reservaron con cuatro meses de antelaci\u00f3n.<\/p>\n<p class=\"p_14\"><b>\u00abReservamos con tiempo, pero con un seguro covid\u00bb<\/b><\/p>\n<p class=\"p_15\">Marc Mestre, de la Riera de Gai\u00e0, viaj\u00f3 a principios de julio a Estados Unidos con su familia. Concretamente, recorrieron la Costa Oeste, desde San Francisco hasta Yosemite pasando por Los \u00c1ngeles, Las Vegas, el Grand Canyon y el Useless Valley. \u00c9l lo hizo cuando estaba estudiando all\u00ed, y quer\u00eda repetirlo con su familia. No lo hab\u00edan previsto con anterioridad, sali\u00f3 en una cena en febrero y en marzo ya lo reservaron todo. Eso s\u00ed, con un seguro de cancelaci\u00f3n por covid porque deb\u00edan presentar un check de ant\u00edgenos negativo 24 horas antes de partir: \u00abHasta un d\u00eda antes no supimos si podr\u00edamos hacer el viaje\u00bb, recuerda Mestre. De hecho, cuenta que inicialmente quer\u00edan ir a Asia, pero estaba todo cerrado, con muchas restricciones.<\/p>\n<\/p><\/div>\n<div class=\"paragraph\">\n<p class=\"p_16\">Finalmente, piensa que al reservarlo con tiempo no se ha encontrado con los precios disparados por la inflaci\u00f3n, pero asegura que si notaron la devaluaci\u00f3n del euro respecto al d\u00f3lar: \u00abEst\u00e1 todo m\u00e1s caro que cuando fui a estudiar\u00bb.<\/p>\n<\/p><\/div><\/div>\n\n<p><em> &#8221; Fuentes www.diaridetarragona.com &#8221; <\/em><\/p>\n","protected":false},"excerpt":{"rendered":"<p>Viajar, y lejos. Otra de las pruebas de que, aunque todav\u00eda se contabilicen contagios, la pandemia ya es cosa del pasado. Las agencias de viajes de la provincia de Tarragona aseguran que han recuperado la actividad previa a la covid tras dos a\u00f1os muy duros para el sector a causa de las restricciones de movilidad [&hellip;]<\/p>\n","protected":false},"author":4,"featured_media":367958,"comment_status":"open","ping_status":"closed","sticky":false,"template":"","format":"standard","meta":{"om_disable_all_campaigns":false,"jnews-multi-image_gallery":[],"jnews_single_post":[],"jnews_primary_category":[],"jnews_social_meta":[],"footnotes":""},"categories":[41],"tags":[2506],"class_list":["post-367957","post","type-post","status-publish","format-standard","has-post-thumbnail","hentry","category-cruceros","tag-nueva-york"],"_links":{"self":[{"href":"https:\/\/dimensionturistica.com\/es\/wp-json\/wp\/v2\/posts\/367957","targetHints":{"allow":["GET"]}}],"collection":[{"href":"https:\/\/dimensionturistica.com\/es\/wp-json\/wp\/v2\/posts"}],"about":[{"href":"https:\/\/dimensionturistica.com\/es\/wp-json\/wp\/v2\/types\/post"}],"author":[{"embeddable":true,"href":"https:\/\/dimensionturistica.com\/es\/wp-json\/wp\/v2\/users\/4"}],"replies":[{"embeddable":true,"href":"https:\/\/dimensionturistica.com\/es\/wp-json\/wp\/v2\/comments?post=367957"}],"version-history":[{"count":0,"href":"https:\/\/dimensionturistica.com\/es\/wp-json\/wp\/v2\/posts\/367957\/revisions"}],"wp:featuredmedia":[{"embeddable":true,"href":"https:\/\/dimensionturistica.com\/es\/wp-json\/wp\/v2\/media\/367958"}],"wp:attachment":[{"href":"https:\/\/dimensionturistica.com\/es\/wp-json\/wp\/v2\/media?parent=367957"}],"wp:term":[{"taxonomy":"category","embeddable":true,"href":"https:\/\/dimensionturistica.com\/es\/wp-json\/wp\/v2\/categories?post=367957"},{"taxonomy":"post_tag","embeddable":true,"href":"https:\/\/dimensionturistica.com\/es\/wp-json\/wp\/v2\/tags?post=367957"}],"curies":[{"name":"wp","href":"https:\/\/api.w.org\/{rel}","templated":true}]}}