{"id":367910,"date":"2022-08-10T08:58:25","date_gmt":"2022-08-10T08:58:25","guid":{"rendered":"https:\/\/dimensionturistica.com\/es\/?p=367910"},"modified":"2022-08-10T08:58:26","modified_gmt":"2022-08-10T08:58:26","slug":"estos-son-los-datos-que-no-deben-faltar-en-la-tarjeta-identificativa-de-su-equipaje","status":"publish","type":"post","link":"https:\/\/dimensionturistica.com\/es\/estos-son-los-datos-que-no-deben-faltar-en-la-tarjeta-identificativa-de-su-equipaje\/","title":{"rendered":"Estos son los datos que no deben faltar en la tarjeta identificativa de su equipaje"},"content":{"rendered":"<p> <br \/>\n<\/p>\n<div id=\"\">\n<p>La gran mayor\u00eda de las <strong>maletas <\/strong>que se facturan, llegan a su destino a tiempo y en las mismas condiciones en las que partieron. Sin embargo, en algunas ocasiones, la maleta de alguno que otro pasajero acaba sufriendo alg\u00fan tipo de<strong> contratiempo. <\/strong>La incidencia m\u00e1s possible y la que m\u00e1s ha crecido durante este verano es la <strong>p\u00e9rdida del equipaje<\/strong>, que es un 30% superior a los a\u00f1os previos a la pandemia. Los aeropuertos<a rel=\"nofollow noopener\" target=\"_blank\" href=\"https:\/\/www.larazon.es\/economia\/20220714\/vrubezpdyngcjdmzfz5mc2j3xy.html\"><strong> no cuentan con el personal suficiente para atender la creciente demanda de vuelos<\/strong><\/a> y eso les ha vuelto -en muchos casos- ineficientes.<\/p>\n<figure class=\"image--is-responsive\">\n<div class=\"img-reserved-space\" style=\"padding-top:66.66%\">\n<div class=\"reserved-space-inside\"><picture><source srcset=\"https:\/\/www.larazon.es\/resizer\/FyClg-oQqv-KZo_1uNOTtx27qEo=\/600x0\/smart\/filters:format(webp):quality(65)\/cloudfront-eu-central-1.images.arcpublishing.com\/larazon\/JYAK3DFXNFDU5MCQCZHFQMZYMA.JPG 600w,&#10;https:\/\/www.larazon.es\/resizer\/gjorBScExokDDRsnF6GI4rzQg0I=\/420x0\/smart\/filters:format(webp):quality(65)\/cloudfront-eu-central-1.images.arcpublishing.com\/larazon\/JYAK3DFXNFDU5MCQCZHFQMZYMA.JPG 420w\" type=\"image\/webp\"\/><img alt=\"Turistas en el Aeropuerto de Madrid Barajas\" src=\"https:\/\/www.larazon.es\/resizer\/KvZDEfWV08xFN7FBgCGJ2WPe4hE=\/600x0\/smart\/filters:format(jpg)\/cloudfront-eu-central-1.images.arcpublishing.com\/larazon\/JYAK3DFXNFDU5MCQCZHFQMZYMA.JPG\" srcset=\"https:\/\/www.larazon.es\/resizer\/KvZDEfWV08xFN7FBgCGJ2WPe4hE=\/600x0\/smart\/filters:format(jpg)\/cloudfront-eu-central-1.images.arcpublishing.com\/larazon\/JYAK3DFXNFDU5MCQCZHFQMZYMA.JPG 600w,&#10;https:\/\/www.larazon.es\/resizer\/hQ9iAK0ueRjLn1zzdh_ccO9M1uU=\/420x0\/smart\/filters:format(jpg)\/cloudfront-eu-central-1.images.arcpublishing.com\/larazon\/JYAK3DFXNFDU5MCQCZHFQMZYMA.JPG 420w\" sizes=\"auto, (max-width: 420px) 420px, 600px\" width=\"100%\" loading=\"lazy\" decoding=\"async\"\/><\/picture><\/div>\n<\/div><figcaption>Turistas en el Aeropuerto de Madrid Barajas<span class=\"image__meta figcaption-author\"> <!-- -->FOTO: <!-- -->David Jar<\/span><span class=\"image__meta figcaption-affiliation\"> <!-- -->La Razon<\/span><\/figcaption><\/figure>\n<aside class=\"morenews\">\n<h3>Noticias relacionadas<\/h3>\n<\/aside>\n<p>La <strong>Asociaci\u00f3n Internacional de Transporte A\u00e9reo <\/strong>estima que el 99,57% de las maletas llegan a tiempo con sus due\u00f1os&#8230; tal y como estaba planificado. Sin embargo, hay un <strong>0.43% de los pasajeros<\/strong> que -irremediablemente- tendr\u00e1 problemas para recuperar sus maletas. Por eso es muy importante que identifiquemos correctamente nuestras pertenencias, de forma que los operarios y los agentes de la compa\u00f1\u00eda a\u00e9rea que hayamos contratado, puedan<strong> ponerse en contacto con nosotros.<\/strong><\/p>\n<aside style=\"max-width:615px;min-width:300px;width:100%;height:462px\" class=\"ad all sunmedia1 bg-placeholder \"\/>\n<p>De acuerdo con los expertos, los<strong> tres datos fundamentales<\/strong> que debe incluir cualquiera de estas etiquetas son: nuestro <strong>nombre <\/strong>y apellidos, nuestro <strong>correo electr\u00f3nico<\/strong> y nuestro n\u00famero de<strong> tel\u00e9fono <\/strong>(con el prefijo de nuestro pa\u00eds, claro; que en el caso de Espa\u00f1a corresponde al +34). Y si decidimos incluir tambi\u00e9n nuestra direcci\u00f3n, hay que hacerlo <strong>con mucho cuidado<\/strong> y escribir la direcci\u00f3n de nuestro destino&#8230; y no de nuestro hogar&#8230; ya que esto podr\u00eda evidenciar -a ojos de los ladrones- que no hay nadie en casa y que es f\u00e1cil y \u201cseguro\u201d desvalijarla.<\/p>\n<h4 class=\"font--primary body-components__header\">\u00bfC\u00f3mo reaccionar ante cualquier incidencia?<\/h4>\n<p>Recuerda tambi\u00e9n <strong>hacer una foto a cualquier maleta que vayas a facturar.<\/strong> Es una precauci\u00f3n sencilla y que no nos va a llevar demasiado tiempo&#8230; pero que podr\u00e1 ser de much\u00edsima utilidad en el caso de que haya cualquier <strong>contratiempo <\/strong>con el equipaje. <a rel=\"nofollow noopener\" target=\"_blank\" href=\"https:\/\/www.larazon.es\/viajes\/20220726\/t5e4njfdmfdhhhn3zgt3qhetgi.html\"><strong>Si ha sido da\u00f1ada, podremos demostrar cu\u00e1l era el estado de la maleta en cuesti\u00f3n<\/strong><\/a> antes de facturarla. Y si ha sido extraviada, podremos utilizar las im\u00e1genes para ser <strong>precisos con las descripciones <\/strong>que hagamos de la misma.<\/p>\n<aside style=\"max-width:300px;min-width:300px;width:100%;height:600px\" class=\"ad all right1 bg-placeholder \"\/>\n<figure class=\"image--is-responsive\">\n<div class=\"img-reserved-space\" style=\"padding-top:64.11%\">\n<div class=\"reserved-space-inside\"><picture><source srcset=\"https:\/\/www.larazon.es\/resizer\/gyV0nYaPP2COLHQzm8SZu11WgQ0=\/600x0\/smart\/filters:format(webp):quality(65)\/cloudfront-eu-central-1.images.arcpublishing.com\/larazon\/YYNPVAAM45AIDMON6EEBCXUXZQ.jpg 600w,&#10;https:\/\/www.larazon.es\/resizer\/QY3b2yLDqq4yl9J_5gDpYLhe2CI=\/420x0\/smart\/filters:format(webp):quality(65)\/cloudfront-eu-central-1.images.arcpublishing.com\/larazon\/YYNPVAAM45AIDMON6EEBCXUXZQ.jpg 420w\" type=\"image\/webp\"\/><img alt=\"Convendr\u00eda siempre hacer un par de fotos a cada maleta que vayamos a perder de vista en el aeropuerto para que podamos describirla con precisi\u00f3n | Fuente: Pixabay\" src=\"https:\/\/www.larazon.es\/resizer\/4DOEzbolY98BNG6e4dlcj0PSI-Y=\/600x0\/smart\/filters:format(jpg)\/cloudfront-eu-central-1.images.arcpublishing.com\/larazon\/YYNPVAAM45AIDMON6EEBCXUXZQ.jpg\" srcset=\"https:\/\/www.larazon.es\/resizer\/4DOEzbolY98BNG6e4dlcj0PSI-Y=\/600x0\/smart\/filters:format(jpg)\/cloudfront-eu-central-1.images.arcpublishing.com\/larazon\/YYNPVAAM45AIDMON6EEBCXUXZQ.jpg 600w,&#10;https:\/\/www.larazon.es\/resizer\/baT0wOwjk1XpQFI4hLa5S26sLAY=\/420x0\/smart\/filters:format(jpg)\/cloudfront-eu-central-1.images.arcpublishing.com\/larazon\/YYNPVAAM45AIDMON6EEBCXUXZQ.jpg 420w\" sizes=\"auto, (max-width: 420px) 420px, 600px\" width=\"100%\" loading=\"lazy\" decoding=\"async\"\/><\/picture><\/div>\n<\/div><figcaption>Convendr\u00eda siempre hacer un par de fotos a cada maleta que vayamos a perder de vista en el aeropuerto para que podamos describirla con precisi\u00f3n | Fuente: Pixabay<span class=\"image__meta figcaption-author\"> <!-- -->FOTO: <!-- -->La Raz\u00f3n (Customized Credit score)<\/span><\/figcaption><\/figure>\n<p>Ya sea que se haya <strong>perdido<\/strong>, que haya llegado con <strong>retraso <\/strong>o que haya sufrido <strong>da\u00f1os<\/strong>, los pasajeros tienen derecho a una compensaci\u00f3n econ\u00f3mica. Y para ello, lo primero es no irse del aeropuerto sin dejar constancia de la incidencia y <strong>presentar una reclamaci\u00f3n en el propio aeropuerto.<\/strong> Debe acudir al mostrador de su compa\u00f1\u00eda a\u00e9rea y solicitar un Parte de Irregularidad de Equipaje (PIR). Y recuerda que la recepci\u00f3n del equipaje sin reclamaci\u00f3n supone la <strong>presunci\u00f3n de aceptaci\u00f3n<\/strong> del mismo en su estado,. Por eso es importante poner una reclamaci\u00f3n y -adem\u00e1s- hacerlo <i>in situ,<\/i> en el aeropuerto.<\/p>\n<\/div>\n\n<p><em> &#8221; Fuentes www.larazon.es &#8221; <\/em><\/p>\n","protected":false},"excerpt":{"rendered":"<p>La gran mayor\u00eda de las maletas que se facturan, llegan a su destino a tiempo y en las mismas condiciones en las que partieron. Sin embargo, en algunas ocasiones, la maleta de alguno que otro pasajero acaba sufriendo alg\u00fan tipo de contratiempo. La incidencia m\u00e1s possible y la que m\u00e1s ha crecido durante este verano [&hellip;]<\/p>\n","protected":false},"author":4,"featured_media":367911,"comment_status":"open","ping_status":"closed","sticky":false,"template":"","format":"standard","meta":{"om_disable_all_campaigns":false,"jnews-multi-image_gallery":[],"jnews_single_post":[],"jnews_primary_category":[],"jnews_social_meta":[],"footnotes":""},"categories":[40],"tags":[803,1925,1558,545],"class_list":["post-367910","post","type-post","status-publish","format-standard","has-post-thumbnail","hentry","category-industria","tag-aerolineas","tag-aeropuerto","tag-aeropuertos","tag-viajes"],"_links":{"self":[{"href":"https:\/\/dimensionturistica.com\/es\/wp-json\/wp\/v2\/posts\/367910","targetHints":{"allow":["GET"]}}],"collection":[{"href":"https:\/\/dimensionturistica.com\/es\/wp-json\/wp\/v2\/posts"}],"about":[{"href":"https:\/\/dimensionturistica.com\/es\/wp-json\/wp\/v2\/types\/post"}],"author":[{"embeddable":true,"href":"https:\/\/dimensionturistica.com\/es\/wp-json\/wp\/v2\/users\/4"}],"replies":[{"embeddable":true,"href":"https:\/\/dimensionturistica.com\/es\/wp-json\/wp\/v2\/comments?post=367910"}],"version-history":[{"count":0,"href":"https:\/\/dimensionturistica.com\/es\/wp-json\/wp\/v2\/posts\/367910\/revisions"}],"wp:featuredmedia":[{"embeddable":true,"href":"https:\/\/dimensionturistica.com\/es\/wp-json\/wp\/v2\/media\/367911"}],"wp:attachment":[{"href":"https:\/\/dimensionturistica.com\/es\/wp-json\/wp\/v2\/media?parent=367910"}],"wp:term":[{"taxonomy":"category","embeddable":true,"href":"https:\/\/dimensionturistica.com\/es\/wp-json\/wp\/v2\/categories?post=367910"},{"taxonomy":"post_tag","embeddable":true,"href":"https:\/\/dimensionturistica.com\/es\/wp-json\/wp\/v2\/tags?post=367910"}],"curies":[{"name":"wp","href":"https:\/\/api.w.org\/{rel}","templated":true}]}}