{"id":367891,"date":"2022-08-10T07:07:18","date_gmt":"2022-08-10T07:07:18","guid":{"rendered":"https:\/\/dimensionturistica.com\/es\/?p=367891"},"modified":"2022-08-10T07:07:19","modified_gmt":"2022-08-10T07:07:19","slug":"asi-es-el-proyecto-que-permitiria-viajar-por-europa-con-la-documentacion-en-el-movil","status":"publish","type":"post","link":"https:\/\/dimensionturistica.com\/es\/asi-es-el-proyecto-que-permitiria-viajar-por-europa-con-la-documentacion-en-el-movil\/","title":{"rendered":"as\u00ed es el proyecto que permitir\u00eda viajar por Europa con la documentaci\u00f3n en el m\u00f3vil"},"content":{"rendered":"<p> <br \/>\n<\/p>\n<div>\n<p class=\"paragraph \" id=\"m97-96-98\">El avance de la tecnolog\u00eda nos permite llevar cada vez m\u00e1s cosas en nuestro propio<strong> tel\u00e9fono m\u00f3vil<\/strong>: las tarjetas bancarias, el carnet de conducir, las tarjetas de embarque&#8230; Y ahora parece que le ha llegado el turno al <strong>pasaporte<\/strong>, y es que <strong><a rel=\"nofollow noopener\" target=\"_blank\" href=\"https:\/\/www.20minutos.es\/minuteca\/finlandia\/\" title=\"Finlandia\">Finlandia <\/a><\/strong>podr\u00eda convertirse en el primer pa\u00eds de la Uni\u00f3n Europea en probar una aplicaci\u00f3n m\u00f3vil que nos permita llevar en nuestro smartphone el documento de viaje.<\/p>\n<p class=\"paragraph \" id=\"m102-101-103\">De esta manera, mediante un proyecto piloto, el pa\u00eds n\u00f3rdico testear\u00e1 una <strong>app <\/strong>en la cual podremos almacenar una copia de nuestro pasaporte. Esto permitir\u00eda que los pasajeros env\u00eden dicha informaci\u00f3n a las autoridades fronterizas antes de viajar al extranjero.<\/p>\n<article class=\"media media-integrated \" id=\"m107-106-108\">\n<div>\n<figure class=\"figure-100\">\n            <a rel=\"nofollow noopener\" target=\"_blank\" href=\"https:\/\/www.20minutos.es\/viajes\/destinos\/etias-el-nuevo-permiso-pagar-viajar-en-europa-que-entrara-en-vigor-en-mayo-de-2023-5021651\/\"><br \/>\n                <span class=\"accessTypeIcon withImage\"><em class=\"member boxIcon\"\/><\/span><br \/>\n                <img decoding=\"async\" loading=\"lazy\" width=\"656\" height=\"370\" alt=\"ETIAS\" src=\"https:\/\/imagenes.20minutos.es\/files\/image_656_370\/uploads\/imagenes\/2022\/06\/27\/etias.jpeg\" data-full-src=\"https:\/\/www.20minutos.es\/uploads\/imagenes\/2022\/06\/27\/etias.jpeg\"\/><br \/>\n            <\/a><br \/>\n        <\/figure>\n<\/p><\/div>\n<\/article>\n<p class=\"paragraph \" id=\"m142-141-143\">Tal y como explic\u00f3 para el peri\u00f3dico finland\u00e9s,\u00a0<a rel=\"nofollow noopener\" target=\"_blank\" href=\"https:\/\/www.hs.fi\/kotimaa\/art-2000008967544.html\" title=\"Finlandia quiere estar entre los primeros en probar el &quot;digipass&quot;.\">Helsingin Sanomat<\/a>, el inspector de la Guardia Fronteriza de Finlandia, Mikko V\u00e4is\u00e4nen, en estos momentos el pa\u00eds est\u00e1 preparando una solicitud de financiaci\u00f3n para la Comisi\u00f3n Europea que presentar\u00e1 a <strong>finales de agosto<\/strong>. Ser\u00e1 entonces cuando se decida si el proyecto se llevar\u00e1 finalmente a cabo o no.<\/p>\n<h2 id=\"m147-146-148\">El objetivo es agilizar los tr\u00e1mites en el aeropuerto<\/h2>\n<p class=\"paragraph \" id=\"m152-151-153\">En caso de aprobarse el proyecto, este se probar\u00eda inicialmente en trayectos entre<strong> Finlandia y <a rel=\"nofollow noopener\" target=\"_blank\" href=\"https:\/\/www.20minutos.es\/minuteca\/croacia\/\" title=\"Croacia\">Croacia\u00a0<\/a><\/strong>en la primavera de 2023 como pronto. En este sentido, algunos pasajeros voluntarios se descargar\u00edan la aplicaci\u00f3n en sus tel\u00e9fonos m\u00f3viles y enviar\u00edan sus <strong>pasaportes digitalizados <\/strong>a las autoridades fronterizas antes de viajar. Adem\u00e1s, seg\u00fan detalla, V\u00e4is\u00e4nen,  \u201cla informaci\u00f3n se verifica con anticipaci\u00f3n y se elimina despu\u00e9s del viaje\u201d.<\/p>\n<article class=\"media media-integrated \" id=\"m157-156-158\">\n<div>\n<figure class=\"figure-100\">\n            <a rel=\"nofollow noopener\" target=\"_blank\" href=\"https:\/\/www.20minutos.es\/viajes\/destinos\/que-hacer-pierdes-vuelo-casos-reclamar-dinero-5013684\/\"><br \/>\n                <span class=\"accessTypeIcon withImage\"><em class=\"member boxIcon\"\/><\/span><br \/>\n                <img decoding=\"async\" loading=\"lazy\" width=\"656\" height=\"370\" alt=\"Pasajero que ha perdido un vuelo.\" src=\"https:\/\/imagenes.20minutos.es\/files\/image_656_370\/uploads\/imagenes\/2022\/06\/10\/fotografia-perder-vuelo.jpeg\" data-full-src=\"https:\/\/www.20minutos.es\/uploads\/imagenes\/2022\/06\/10\/fotografia-perder-vuelo.jpeg\"\/><br \/>\n            <\/a><br \/>\n        <\/figure>\n<\/p><\/div>\n<\/article>\n<p class=\"paragraph \" id=\"m191-190-192\">Por ese momento, los pasajeros que participen en la prueba a\u00fan deber\u00e1n llevar consigo su documentaci\u00f3n f\u00edsica en papel y pasar los controles fronterizos. Sin embargo, el objetivo del proyecto es que en un futuro todo ello se haga mediante la app, lo que <strong>agilizar\u00eda <\/strong>enormemente los tr\u00e1mites en el aeropuerto y disminuir\u00eda de forma appreciable los tiempos de espera.<\/p>\n<h2 id=\"m196-195-197\">Ucrania, el pa\u00eds pionero<\/h2>\n<p class=\"paragraph \" id=\"m201-200-202\">Antes que Finlandia, <a rel=\"nofollow noopener\" target=\"_blank\" href=\"https:\/\/www.20minutos.es\/minuteca\/ucrania\/\" title=\"Ucrania\"><strong>Ucrania <\/strong><\/a>se convirti\u00f3 en el primer pa\u00eds de todo el mundo en utilizar los pasaportes digitales, dot\u00e1ndoles del mismo estatus authorized que a los f\u00edsicos. En este caso, tambi\u00e9n se utiliza una aplicaci\u00f3n m\u00f3vil que permite mostrar no solo el pasaporte en versi\u00f3n digital, sino tambi\u00e9n generar un<strong> c\u00f3digo QR<\/strong> con toda la informaci\u00f3n de dicho documento.<\/p>\n<p class=\"paragraph \" id=\"m206-205-207\"><a rel=\"nofollow noopener\" target=\"_blank\" href=\"https:\/\/www.20minutos.es\/estaticos\/newsletter-viajes\/\">Ap\u00fantate a la newsletter y recibe en tu correo las mejores propuestas para viajar por el mundo.<\/a><\/p>\n<\/div>\n\n<p><em> &#8221; Fuentes www.20minutos.es &#8221; <\/em><\/p>\n","protected":false},"excerpt":{"rendered":"<p>El avance de la tecnolog\u00eda nos permite llevar cada vez m\u00e1s cosas en nuestro propio tel\u00e9fono m\u00f3vil: las tarjetas bancarias, el carnet de conducir, las tarjetas de embarque&#8230; Y ahora parece que le ha llegado el turno al pasaporte, y es que Finlandia podr\u00eda convertirse en el primer pa\u00eds de la Uni\u00f3n Europea en probar [&hellip;]<\/p>\n","protected":false},"author":4,"featured_media":367892,"comment_status":"open","ping_status":"closed","sticky":false,"template":"","format":"standard","meta":{"om_disable_all_campaigns":false,"jnews-multi-image_gallery":[],"jnews_single_post":[],"jnews_primary_category":[],"jnews_social_meta":[],"footnotes":""},"categories":[39],"tags":[1228,1653,545],"class_list":["post-367891","post","type-post","status-publish","format-standard","has-post-thumbnail","hentry","category-viajes","tag-destinos","tag-europa","tag-viajes"],"_links":{"self":[{"href":"https:\/\/dimensionturistica.com\/es\/wp-json\/wp\/v2\/posts\/367891","targetHints":{"allow":["GET"]}}],"collection":[{"href":"https:\/\/dimensionturistica.com\/es\/wp-json\/wp\/v2\/posts"}],"about":[{"href":"https:\/\/dimensionturistica.com\/es\/wp-json\/wp\/v2\/types\/post"}],"author":[{"embeddable":true,"href":"https:\/\/dimensionturistica.com\/es\/wp-json\/wp\/v2\/users\/4"}],"replies":[{"embeddable":true,"href":"https:\/\/dimensionturistica.com\/es\/wp-json\/wp\/v2\/comments?post=367891"}],"version-history":[{"count":0,"href":"https:\/\/dimensionturistica.com\/es\/wp-json\/wp\/v2\/posts\/367891\/revisions"}],"wp:featuredmedia":[{"embeddable":true,"href":"https:\/\/dimensionturistica.com\/es\/wp-json\/wp\/v2\/media\/367892"}],"wp:attachment":[{"href":"https:\/\/dimensionturistica.com\/es\/wp-json\/wp\/v2\/media?parent=367891"}],"wp:term":[{"taxonomy":"category","embeddable":true,"href":"https:\/\/dimensionturistica.com\/es\/wp-json\/wp\/v2\/categories?post=367891"},{"taxonomy":"post_tag","embeddable":true,"href":"https:\/\/dimensionturistica.com\/es\/wp-json\/wp\/v2\/tags?post=367891"}],"curies":[{"name":"wp","href":"https:\/\/api.w.org\/{rel}","templated":true}]}}