{"id":367854,"date":"2022-08-10T05:33:22","date_gmt":"2022-08-10T05:33:22","guid":{"rendered":"https:\/\/dimensionturistica.com\/es\/?p=367854"},"modified":"2022-08-10T05:33:22","modified_gmt":"2022-08-10T05:33:22","slug":"no-fluyo-el-nuevo-petroleo","status":"publish","type":"post","link":"https:\/\/dimensionturistica.com\/es\/no-fluyo-el-nuevo-petroleo\/","title":{"rendered":"No fluy\u00f3 el nuevo petr\u00f3leo"},"content":{"rendered":"<p> <br \/>\n<\/p>\n<div id=\"\">\n<p class=\"font--secondary\">La promesa del expresidente Iv\u00e1n Duque de convertir el turismo en el nuevo petr\u00f3leo de Colombia, lamentablemente, no fluy\u00f3. Antes de la pandemia, el sector se ven\u00eda desempe\u00f1ando en la tercera posici\u00f3n de la categor\u00eda principal de las exportaciones y, por el momento, sigue ah\u00ed, recuper\u00e1ndose de su prolongada cuarentena, a la espera de dar el paso definitivo para convertirse en un generador estrat\u00e9gico de empleo, inversiones y oportunidades, como lo so\u00f1aba el exmandatario y, hoy en d\u00eda, lo plantea su sucesor.<\/p>\n<p class=\"font--secondary\">El impacto que la pandemia del COVID-19 tuvo en la actividad tur\u00edstica fue determinante para que se empa\u00f1ara ese prop\u00f3sito, en el que el exmandatario, en los inicios de su gobierno y al ritmo de sus primeras correr\u00edas por el exterior, ofrec\u00eda el nuestro, como un atractivo y biodiverso destino para visitar. Sin embargo, el confinamiento y obligado cierre de fronteras y del comercio mundial le pis\u00f3 el freno, hasta el fondo, al provocar una dr\u00e1stica disminuci\u00f3n de las corrientes viajeras, tanto en el mercado dom\u00e9stico como en el internacional.<\/p>\n<p class=\"font--secondary\">El tr\u00e1nsito hacia el restablecimiento de la industria sin chimeneas se empieza a dar despu\u00e9s de un 2020 sombr\u00edo y de un fr\u00e1gil 2021, en los que primaron las limitaciones a la movilidad impuestas por numerosos gobiernos, mediante el cierre de fronteras y la exigencia de certificados de vacunaci\u00f3n. Gracias a la suspensi\u00f3n de las talanqueras globales, a la flexibilizaci\u00f3n de los requisitos de entrada en los pa\u00edses y al ultimate del aislamiento native, el camino tiende a enderezarse.<\/p>\n<p class=\"font--secondary\">De todas maneras, el sector tendr\u00e1 que ponerles el pecho a otros factores que conspiran contra su desenvolvimiento, como son el aumento de la inflaci\u00f3n, los altos precios del petr\u00f3leo, la voluminosa deuda contra\u00edda por las empresas, la tasa de cambio representativa del mercado y la desaceleraci\u00f3n econ\u00f3mica o, quiz\u00e1s, la recesi\u00f3n que prev\u00e9 el Banco Mundial. La invasi\u00f3n rusa a Ucrania, desde febrero pasado, y el roce de fuerzas entre occidente y oriente contin\u00faan siendo latentes amenazas globales.<\/p>\n<p class=\"font--secondary\">En armon\u00eda con la recuperaci\u00f3n mundial, tras un par de a\u00f1os ensombrecidos por la incertidumbre, los diferentes subsectores tur\u00edsticos en el pa\u00eds pudieron mostrar al t\u00e9rmino de este primer semestre signos promisorios de redenci\u00f3n, y para el segundo proyectan una tendencia favorable, que les permitir\u00e1 acercarse o superar ligeramente los indicadores de 2019, cuando se rompieron r\u00e9cords nacionales, tanto en volumen de visitantes, como en ocupaci\u00f3n hotelera e ingresos nominales de las agencias de viajes.<\/p>\n<p class=\"font--secondary\">La reactivaci\u00f3n del sector puede calificarse de positiva, dado el papel relevante desempe\u00f1ado por el turismo dom\u00e9stico, ficha clave en el tablero econ\u00f3mico nacional, escenario que le ha posibilitado rescatar numerosos puestos de trabajo perdidos por la disaster sanitaria, no obstante, el desmedido aumento en los niveles de informalidad que subsiste alrededor de esta actividad.<\/p>\n<p class=\"font--secondary\">Importante, tambi\u00e9n, el aporte del turismo receptivo, que empieza a atravesar un buen momento. Anato, la asociaci\u00f3n de los agentes de viajes, estima que en el primer semestre de este a\u00f1o ingresaron al pa\u00eds algo m\u00e1s de 1,6 millones de visitantes extranjeros, volumen significativo para la coyuntura, que podr\u00eda representar una recuperaci\u00f3n del 86 % frente a los registros de igual per\u00edodo de 2019, vigencia en la que arribaron cerca de dos millones de viajeros.<\/p>\n<p class=\"font--secondary\">La reactivaci\u00f3n del sector tur\u00edstico en el pa\u00eds se muestra, entre otras se\u00f1ales, a trav\u00e9s del incremento de las rutas nacionales e internacionales por encima de la cobertura pre-pand\u00e9mica; crecimiento en la b\u00fasqueda de paquetes dom\u00e9sticos e internacionales, estas \u00faltimas por encima del 217%, con respecto a 2021; mayor demanda de las reservas de autom\u00f3viles para servicio tur\u00edstico, y un aumento de pasajeros en la industria de cruceros, proyectado en 509%, en relaci\u00f3n con 2019.<\/p>\n<p class=\"font--secondary\">En el sector hotelero la situaci\u00f3n sigue siendo favorable y va camino de mejora. La tasa de ocupaci\u00f3n promedio durante este primer semestre fue de 57,8%; tres puntos porcentuales por encima del mismo per\u00edodo de 2019, con una caracter\u00edstica poco common en las tarifas de alojamiento, en las que se aprecia una tenue tendencia a la baja en el \u00faltimo a\u00f1o.<\/p>\n<p class=\"font--secondary\">La actividad tur\u00edstica durante el \u00faltimo semestre del cuatrienio presidencial de Iv\u00e1n Duque remont\u00f3 las bajas estad\u00edsticas de 2021, a\u00f1o l\u00e1nguido en resultados por la efervescencia de la disaster sanitaria, pero solo ara\u00f1\u00f3 los hist\u00f3ricos indicadores de 2019. El gran salto hacia el publicitado nuevo petr\u00f3leo, generador de empleos e inversiones, esta vez, no se dio. La pandemia impidi\u00f3 abrir las v\u00e1lvulas de sus invisibles oleoductos, de los que sali\u00f3 poco oro durante un per\u00edodo te\u00f1ido de negro.<\/p>\n<p class=\"font--secondary\"><b>En el sector.<\/b> El presidente Gustavo Petro sorprendi\u00f3 en su acto de posesi\u00f3n con un discurso moderado y conciliador, de corte m\u00e1s bien liberal que castrochavista, como period el pron\u00f3stico de ciertos sectores de opini\u00f3n. Ahora le tocar\u00e1 convertir en acciones todo ese simbolismo ret\u00f3rico que propuso en campa\u00f1a. Lamentable, por su parte, la mezquindad de Duque, quien, hasta el \u00faltimo momento de su controvertido gobierno, mostr\u00f3 ser un personaje de poca estatura democr\u00e1tica, envalentonado, mezquino y con mala disposici\u00f3n frente a sus rivales pol\u00edticos.<\/p>\n<p class=\"font--secondary\"><a rel=\"nofollow noopener\" target=\"_blank\" href=\"https:\/\/www.elespectador.com\/opinion\/columnistas\/gonzalo-silva-rivas\/no-fluyo-el-nuevo-petroleo\/mailto:gsilvarivas@gmail.com\">gsilvarivas@gmail.com<\/a><\/p>\n<p class=\"font--secondary\"><a rel=\"nofollow noopener\" target=\"_blank\" href=\"https:\/\/twitter.com\/gsilvar5\">@gsilvar5<\/a><\/p>\n<\/div>\n<p><script async src=\"\/\/platform.twitter.com\/widgets.js\" charset=\"utf-8\"><\/script><br \/>\n<br \/><\/p>\n<p><em> &#8221; Fuentes www.elespectador.com &#8221; <\/em><\/p>\n","protected":false},"excerpt":{"rendered":"<p>La promesa del expresidente Iv\u00e1n Duque de convertir el turismo en el nuevo petr\u00f3leo de Colombia, lamentablemente, no fluy\u00f3. Antes de la pandemia, el sector se ven\u00eda desempe\u00f1ando en la tercera posici\u00f3n de la categor\u00eda principal de las exportaciones y, por el momento, sigue ah\u00ed, recuper\u00e1ndose de su prolongada cuarentena, a la espera de dar [&hellip;]<\/p>\n","protected":false},"author":4,"featured_media":277812,"comment_status":"open","ping_status":"closed","sticky":false,"template":"","format":"standard","meta":{"om_disable_all_campaigns":false,"jnews-multi-image_gallery":[],"jnews_single_post":[],"jnews_primary_category":[],"jnews_social_meta":[],"footnotes":""},"categories":[40],"tags":[544],"class_list":["post-367854","post","type-post","status-publish","format-standard","has-post-thumbnail","hentry","category-industria","tag-turismo"],"_links":{"self":[{"href":"https:\/\/dimensionturistica.com\/es\/wp-json\/wp\/v2\/posts\/367854","targetHints":{"allow":["GET"]}}],"collection":[{"href":"https:\/\/dimensionturistica.com\/es\/wp-json\/wp\/v2\/posts"}],"about":[{"href":"https:\/\/dimensionturistica.com\/es\/wp-json\/wp\/v2\/types\/post"}],"author":[{"embeddable":true,"href":"https:\/\/dimensionturistica.com\/es\/wp-json\/wp\/v2\/users\/4"}],"replies":[{"embeddable":true,"href":"https:\/\/dimensionturistica.com\/es\/wp-json\/wp\/v2\/comments?post=367854"}],"version-history":[{"count":0,"href":"https:\/\/dimensionturistica.com\/es\/wp-json\/wp\/v2\/posts\/367854\/revisions"}],"wp:featuredmedia":[{"embeddable":true,"href":"https:\/\/dimensionturistica.com\/es\/wp-json\/wp\/v2\/media\/277812"}],"wp:attachment":[{"href":"https:\/\/dimensionturistica.com\/es\/wp-json\/wp\/v2\/media?parent=367854"}],"wp:term":[{"taxonomy":"category","embeddable":true,"href":"https:\/\/dimensionturistica.com\/es\/wp-json\/wp\/v2\/categories?post=367854"},{"taxonomy":"post_tag","embeddable":true,"href":"https:\/\/dimensionturistica.com\/es\/wp-json\/wp\/v2\/tags?post=367854"}],"curies":[{"name":"wp","href":"https:\/\/api.w.org\/{rel}","templated":true}]}}