{"id":367796,"date":"2022-08-10T02:40:59","date_gmt":"2022-08-10T02:40:59","guid":{"rendered":"https:\/\/dimensionturistica.com\/es\/?p=367796"},"modified":"2022-08-10T02:40:59","modified_gmt":"2022-08-10T02:40:59","slug":"turistas-buscan-en-redes-que-tanto-sargazo-tienen-las-playas","status":"publish","type":"post","link":"https:\/\/dimensionturistica.com\/es\/turistas-buscan-en-redes-que-tanto-sargazo-tienen-las-playas\/","title":{"rendered":"Turistas buscan en redes qu\u00e9 tanto sargazo tienen las playas"},"content":{"rendered":"<p> <br \/>\n<\/p>\n<div>\n<p>La presencia de <strong>sargazo en Canc\u00fan<\/strong> se ha convertido en la principal tendencia de los motores de b\u00fasqueda relacionados con las agencias de viaje, durante la precise temporada vacacional de verano.<\/p>\n<p>El \u201cRadar Tur\u00edstico\u201d, que revela las tendencias de b\u00fasqueda de los viajeros tanto nacionales como internacionales en M\u00e9xico, cita que la <strong>principal preocupaci\u00f3n de los turistas<\/strong> para este agosto es la presencia del sargazo en las costas del Caribe mexicano.<\/p>\n<p>Sin embargo, el sitio tambi\u00e9n menciona que esta situaci\u00f3n se ha convertido en \u201cnormal\u201d durante esta \u00e9poca del a\u00f1o, debido a que <strong>los visitantes tienen conocimiento <\/strong>de que existe una alta posibilidad de encontrarse con grandes manchas de sargazo que arruinen su experiencia en el Caribe mexicano.<\/p>\n<p>De acuerdo a la consultora, desde el 2010 las razones de b\u00fasqueda se modificaron para los turistas interesados en llegar a Quintana Roo: antes la presencia de los fen\u00f3menos meteorol\u00f3gicos, como los huracanes, eran la principal frase clave que revisaban los viajeros.<\/p>\n<p>Hoy, lo es el sargazo, volvi\u00e9ndose tendencia cada noticia o bolet\u00edn de organismos especializados, como la Pink de Monitoreo del Sargazo de Quintana Roo, relegando a un tercer lugar a los huracanes, mientras en segundo sitio se encuentran las b\u00fasquedas por el ambiente de inseguridad.<\/p>\n<p>De acuerdo a la Secretar\u00eda de Marina, durante la temporada 2021 se recolectaron m\u00e1s de 48 mil toneladas de sargazo de las playas del Caribe mexicano, siendo las zonas m\u00e1s afectadas las de Solidaridad, Tulum, Benito Ju\u00e1rez, Cozumel y Mahahual.<\/p>\n<h2>Delfines: la playa de Canc\u00fan m\u00e1s afectada por el sargazo<\/h2>\n<p>Agosto es uno de los meses con m\u00e1s recales de sargazo, muestra de ello son las afectaciones de los \u00faltimos d\u00edas en las <strong>playas de Canc\u00fan y Puerto Morelos<\/strong>, y de acuerdo con la <span style=\"color: #0000ff;\"><a rel=\"nofollow noopener\" target=\"_blank\" style=\"color: #0000ff;\" href=\"https:\/\/www.facebook.com\/RedSargazo\">Red de Monitoreo del Sargazo<\/a><\/span>, la problem\u00e1tica ser\u00e1 mayor, sobre todo en playa Delfines, a la que se estima arribar\u00e1n varios \u201cmanchones\u201d de la macroalga.<\/p>\n<p>Esteban Amaro, director de la Pink de Monitoreo de Sargazo, explic\u00f3 que las manchas se detectaron hace varias semanas, provenientes del oeste de Jamaica y terminaron <strong>afectando desde Marl\u00edn hasta Bah\u00eda Petempich. <\/strong><\/p>\n<blockquote>\n<p><cite>\u201cDurante agosto a\u00fan vemos que habr\u00e1 afectaci\u00f3n por el sargazo, al ser un mes cr\u00edtico, por lo que es necesario implementar las acciones necesarias para detener el arribo que ser\u00e1 de manera intermitente\u201d, dijo.<\/cite><\/p>\n<\/blockquote>\n<p>Detall\u00f3 que hay 50 mil toneladas frente al mar y es complicado el tener las playas limpias, por ello las brigadas que se implementaron, adicional a la maquinaria que se tiene, es lo que puede ayudar o, en caso de ser necesario, recomendar otras opciones a los ba\u00f1istas, como otros arenales y los cenotes.<\/p>\n<p><em>(Con informaci\u00f3n de Armando Galera y Stephani Blanco)<\/em><\/p>\n<\/div>\n\n<p><em> &#8221; Fuentes sipse.com &#8221; <\/em><\/p>\n","protected":false},"excerpt":{"rendered":"<p>La presencia de sargazo en Canc\u00fan se ha convertido en la principal tendencia de los motores de b\u00fasqueda relacionados con las agencias de viaje, durante la precise temporada vacacional de verano. El \u201cRadar Tur\u00edstico\u201d, que revela las tendencias de b\u00fasqueda de los viajeros tanto nacionales como internacionales en M\u00e9xico, cita que la principal preocupaci\u00f3n de [&hellip;]<\/p>\n","protected":false},"author":4,"featured_media":367797,"comment_status":"open","ping_status":"closed","sticky":false,"template":"","format":"standard","meta":{"om_disable_all_campaigns":false,"jnews-multi-image_gallery":[],"jnews_single_post":[],"jnews_primary_category":[],"jnews_social_meta":[],"footnotes":""},"categories":[40],"tags":[51146,46236,51145,51147],"class_list":["post-367796","post","type-post","status-publish","format-standard","has-post-thumbnail","hentry","category-industria","tag-monitoreo-sargazo","tag-sargazo-en-cancun","tag-sargazo-playas-cancun","tag-sargazo-playas-quintana-roo"],"_links":{"self":[{"href":"https:\/\/dimensionturistica.com\/es\/wp-json\/wp\/v2\/posts\/367796","targetHints":{"allow":["GET"]}}],"collection":[{"href":"https:\/\/dimensionturistica.com\/es\/wp-json\/wp\/v2\/posts"}],"about":[{"href":"https:\/\/dimensionturistica.com\/es\/wp-json\/wp\/v2\/types\/post"}],"author":[{"embeddable":true,"href":"https:\/\/dimensionturistica.com\/es\/wp-json\/wp\/v2\/users\/4"}],"replies":[{"embeddable":true,"href":"https:\/\/dimensionturistica.com\/es\/wp-json\/wp\/v2\/comments?post=367796"}],"version-history":[{"count":0,"href":"https:\/\/dimensionturistica.com\/es\/wp-json\/wp\/v2\/posts\/367796\/revisions"}],"wp:featuredmedia":[{"embeddable":true,"href":"https:\/\/dimensionturistica.com\/es\/wp-json\/wp\/v2\/media\/367797"}],"wp:attachment":[{"href":"https:\/\/dimensionturistica.com\/es\/wp-json\/wp\/v2\/media?parent=367796"}],"wp:term":[{"taxonomy":"category","embeddable":true,"href":"https:\/\/dimensionturistica.com\/es\/wp-json\/wp\/v2\/categories?post=367796"},{"taxonomy":"post_tag","embeddable":true,"href":"https:\/\/dimensionturistica.com\/es\/wp-json\/wp\/v2\/tags?post=367796"}],"curies":[{"name":"wp","href":"https:\/\/api.w.org\/{rel}","templated":true}]}}