{"id":367504,"date":"2022-08-09T15:14:18","date_gmt":"2022-08-09T15:14:18","guid":{"rendered":"https:\/\/dimensionturistica.com\/es\/?p=367504"},"modified":"2022-08-09T15:14:18","modified_gmt":"2022-08-09T15:14:18","slug":"vicky-foods-factura-un-65-mas-en-2020-hasta-los-376-millones-de-euros","status":"publish","type":"post","link":"https:\/\/dimensionturistica.com\/es\/vicky-foods-factura-un-65-mas-en-2020-hasta-los-376-millones-de-euros\/","title":{"rendered":"Vicky Foods factura un 6,5% m\u00e1s en 2020 hasta los 376 millones de euros"},"content":{"rendered":"<p> <br \/>\n<\/p>\n<div>\n<p>La empresa de alimentaci\u00f3n Vicky Meals ha cerrado 2020 con una facturaci\u00f3n whole de 376 millones de euros, lo que supone un incremento del 6,5% con respecto al ejercicio anterior, a pesar de ser un a\u00f1o \u201cmarcado por la excepcionalidad y la incertidumbre\u201d, asegura Rafael Juan, CEO de la compa\u00f1\u00eda.<\/p>\n<p>La producci\u00f3n del grupo asciende en 2020 a 175.000 toneladas, llegando a m\u00e1s de 80.000 puntos de venta. El incremento de la demanda ha provocado un<strong> aumento de la plantilla, en torno a 200 nuevos puestos de trabajo,<\/strong> hasta alcanzar un whole de 2.650 empleados.<\/p>\n<p><strong>Las magdalenas y los cruasanes son los productos que m\u00e1s han crecido este a\u00f1o,<\/strong> \u201cgracias a su condici\u00f3n de productos b\u00e1sicos, que son las referencias que m\u00e1s han llamado la atenci\u00f3n de los consumidores durante la pandemia\u201d, explica el directivo.<\/p>\n<p>Por su parte, <strong>el pan ha vivido un a\u00f1o de crecimiento con un 40% m\u00e1s de producci\u00f3n,<\/strong> especialmente en pan de molde y pan de burger, y una facturaci\u00f3n que supera los 96 millones de euros. Por \u00faltimo, su marca de alimentaci\u00f3n saludable, Be Plus, ha permanecido estable a lo largo del ejercicio y Hermanos Juan, la gama de boller\u00eda y pan congelados para hosteler\u00eda y el canal alimentaci\u00f3n, ha experimentado una subida del 9% en volumen.<\/p>\n<p><strong>Estos buenos resultados son consecuencia del comportamiento del mercado internacional que ha incrementado la facturaci\u00f3n un 18%<\/strong>, hasta los 78 millones de euros. As\u00ed, el 21% de las ventas de la compa\u00f1\u00eda se llevan a cabo en mercados como Portugal, Francia o Argelia.<\/p>\n<p>\u201cDurante la pandemia, hemos sido capaces de mantener el servicio lo que, junto con la calidad de nuestros productos, nos ha permitido ganar la confianza de otros pa\u00edses\u201d, comenta Juan, quien explica que el objetivo de la compa\u00f1\u00eda es \u201cmantener el foco en aquellos pa\u00edses donde podamos tener un mayor impacto\u201d.<\/p>\n<p>En cuanto a la inversi\u00f3n, <strong>la compa\u00f1\u00eda ha inyectado un whole de 39 millones de euros en incrementar las l\u00edneas de producci\u00f3n y en mejorar las t\u00e9cnicas de los procesos ya existentes. <\/strong>De hecho, m\u00e1s del 10% de sus ventas proceden de productos creados en los dos \u00faltimos a\u00f1os.<\/p>\n<p>En 2020, el Centro de Innovaci\u00f3n de Vicky Meals ha llevado a cabo investigaciones en el <strong>\u00e1mbito de la salud<\/strong>, apostando por la constante mejora del perfil nutricional de sus productos; de la<strong> innovaci\u00f3n tecnol\u00f3gica<\/strong>, potenciando la digitalizaci\u00f3n de la compa\u00f1\u00eda, concretamente en la industria 4.0; y la <strong>sostenibilidad<\/strong>, con el foco en los envases y embalajes.<\/p>\n<p>Uno de sus grandes hitos ha sido el anuncio de que su marca Dulcesol est\u00e1 cambiando a envases biodegradables todas sus l\u00edneas de producto. M\u00e1s de la mitad de los ya cuentan con este innovador packaging. El proyecto se espera que afecte a unos 150 millones de paquetes y estar\u00e1 disponible en su totalidad en junio.<\/p>\n<p>Para 2021 y 2022, el grupo continuar\u00e1 invirtiendo al ritmo de a\u00f1os pasados, unos 75 millones de euros al a\u00f1o, tanto en desarrollar innovaciones, como en ampliar las l\u00edneas ya existentes.<\/p>\n<\/p><\/div>\n\n<p><em> \u2018 The preceding article may include information circulated by third parties \u2019 <\/em><\/p>\n<p><em> \u2018 Some details of this article were extracted from the following source financialfood.es \u2019 <\/em><\/p>\n","protected":false},"excerpt":{"rendered":"<p>La empresa de alimentaci\u00f3n Vicky Meals ha cerrado 2020 con una facturaci\u00f3n whole de 376 millones de euros, lo que supone un incremento del 6,5% con respecto al ejercicio anterior, a pesar de ser un a\u00f1o \u201cmarcado por la excepcionalidad y la incertidumbre\u201d, asegura Rafael Juan, CEO de la compa\u00f1\u00eda. La producci\u00f3n del grupo asciende [&hellip;]<\/p>\n","protected":false},"author":2,"featured_media":367505,"comment_status":"open","ping_status":"closed","sticky":false,"template":"","format":"standard","meta":{"om_disable_all_campaigns":false,"jnews-multi-image_gallery":[],"jnews_single_post":[],"jnews_primary_category":[],"jnews_social_meta":[],"footnotes":""},"categories":[43],"tags":[],"class_list":["post-367504","post","type-post","status-publish","format-standard","has-post-thumbnail","hentry","category-gourmet"],"_links":{"self":[{"href":"https:\/\/dimensionturistica.com\/es\/wp-json\/wp\/v2\/posts\/367504","targetHints":{"allow":["GET"]}}],"collection":[{"href":"https:\/\/dimensionturistica.com\/es\/wp-json\/wp\/v2\/posts"}],"about":[{"href":"https:\/\/dimensionturistica.com\/es\/wp-json\/wp\/v2\/types\/post"}],"author":[{"embeddable":true,"href":"https:\/\/dimensionturistica.com\/es\/wp-json\/wp\/v2\/users\/2"}],"replies":[{"embeddable":true,"href":"https:\/\/dimensionturistica.com\/es\/wp-json\/wp\/v2\/comments?post=367504"}],"version-history":[{"count":0,"href":"https:\/\/dimensionturistica.com\/es\/wp-json\/wp\/v2\/posts\/367504\/revisions"}],"wp:featuredmedia":[{"embeddable":true,"href":"https:\/\/dimensionturistica.com\/es\/wp-json\/wp\/v2\/media\/367505"}],"wp:attachment":[{"href":"https:\/\/dimensionturistica.com\/es\/wp-json\/wp\/v2\/media?parent=367504"}],"wp:term":[{"taxonomy":"category","embeddable":true,"href":"https:\/\/dimensionturistica.com\/es\/wp-json\/wp\/v2\/categories?post=367504"},{"taxonomy":"post_tag","embeddable":true,"href":"https:\/\/dimensionturistica.com\/es\/wp-json\/wp\/v2\/tags?post=367504"}],"curies":[{"name":"wp","href":"https:\/\/api.w.org\/{rel}","templated":true}]}}