{"id":367419,"date":"2022-08-09T13:50:47","date_gmt":"2022-08-09T13:50:47","guid":{"rendered":"https:\/\/dimensionturistica.com\/es\/?p=367419"},"modified":"2022-08-09T13:50:47","modified_gmt":"2022-08-09T13:50:47","slug":"el-comite-de-alas-mexico-y-alas-internacional-llevaron-a-cabo-una-conferencia-de-prensa-para-presentarle-los-avances-que-se-llevaron-durante-este-ano-y-lo-que-se-viene-para-el-resto-del-2022","status":"publish","type":"post","link":"https:\/\/dimensionturistica.com\/es\/el-comite-de-alas-mexico-y-alas-internacional-llevaron-a-cabo-una-conferencia-de-prensa-para-presentarle-los-avances-que-se-llevaron-durante-este-ano-y-lo-que-se-viene-para-el-resto-del-2022\/","title":{"rendered":"El comit\u00e9 de Alas M\u00e9xico y Alas Internacional, llevaron a cabo una conferencia de prensa, para presentarle los avances que se llevaron durante este a\u00f1o, y lo que se viene para el resto del 2022."},"content":{"rendered":"<p>Con 25 a\u00f1os de trayectoria, somos la principal Asociaci\u00f3n agrupando a las empresas protagonistas de la industria de la seguridad, con alcance en toda Latinoam\u00e9rica y El Caribe.<br \/>\nActualmente contamos con 10 Comit\u00e9s Nacionales en diferentes pa\u00edses de Latinoam\u00e9rica con el objetivo de apoyar el crecimiento y la profesionalizaci\u00f3n de la Industria de la Seguridad por medio de educaci\u00f3n, investigaci\u00f3n, networking, desarrollo de est\u00e1ndares y el apoyo a los intereses de sus socios.<br \/>\nDentro del Comit\u00e9 M\u00e9xico, tenemos la participaci\u00f3n de socios colaboradores voluntarios que forman el comit\u00e9 con la intenci\u00f3n de dise\u00f1ar y ejecutar estrategias que incrementen la participaci\u00f3n de los socios, los eventos acad\u00e9micos y tecnol\u00f3gicos, fortalecer las certificaciones y los cursos, el crecimiento y profesionalizaci\u00f3n de la industria, as\u00ed como el acercamiento a los usuarios finales de las verticales m\u00e1s relevantes en el pa\u00eds., para el<img decoding=\"async\" class=\"size-medium wp-image-367452 alignleft\" src=\"https:\/\/dimensionturistica.com\/es\/wp-content\/uploads\/2022\/08\/Erwin-Villa-300x300.jpg\" alt=\"\" width=\"300\" height=\"300\" srcset=\"https:\/\/dimensionturistica.com\/es\/wp-content\/uploads\/2022\/08\/Erwin-Villa-300x300.jpg 300w, https:\/\/dimensionturistica.com\/es\/wp-content\/uploads\/2022\/08\/Erwin-Villa-150x150.jpg 150w, https:\/\/dimensionturistica.com\/es\/wp-content\/uploads\/2022\/08\/Erwin-Villa-75x75.jpg 75w, https:\/\/dimensionturistica.com\/es\/wp-content\/uploads\/2022\/08\/Erwin-Villa-350x350.jpg 350w, https:\/\/dimensionturistica.com\/es\/wp-content\/uploads\/2022\/08\/Erwin-Villa.jpg 400w\" sizes=\"(max-width: 300px) 100vw, 300px\" \/> segundo semestre del a\u00f1o, as\u00ed como quedara integrada nuestra mesa directiva:<br \/>\nLo que estaremos viendo es lo siguiente: Reporte de avances<br \/>\n\u2022 Mesa Directiva para el 2do Semestre<br \/>\n\u2022 Alcances logrados, compromisos en curso y pendientes. Nacional e internacional.<br \/>\n\u2022 Membres\u00edas.<br \/>\n\u2022 Educaci\u00f3n.<br \/>\nProyecci\u00f3n en M\u00e9xico<br \/>\n\u2022 Colaboraci\u00f3n y beneficios compartidos con asociaciones afines y complementarias a ALAS.<br \/>\n\u2022 Comunidades de usuarios finales.<br \/>\n\u2022 Presencia mixta, virtual y presencial itinerante.<br \/>\n\u2022 Patrocinios.<br \/>\nPr\u00f3ximas actividades, cursos y eventos<br \/>\n\u2022 Encuentros tecnol\u00f3gicos.<br \/>\n\u2022 Ferias y Expos.<img decoding=\"async\" class=\"size-medium wp-image-367450 alignright\" src=\"https:\/\/dimensionturistica.com\/es\/wp-content\/uploads\/2022\/08\/alas1-300x225.jpg\" alt=\"\" width=\"300\" height=\"225\" srcset=\"https:\/\/dimensionturistica.com\/es\/wp-content\/uploads\/2022\/08\/alas1-300x225.jpg 300w, https:\/\/dimensionturistica.com\/es\/wp-content\/uploads\/2022\/08\/alas1.jpg 500w\" sizes=\"(max-width: 300px) 100vw, 300px\" \/><br \/>\n\u2022 Cumbre gerencial ALAS.<br \/>\n\u2022 Ganadores Premios ALAS.<br \/>\n\u2022 Elecciones 2022.<br \/>\n\u2022 Cena de Fin de A\u00f1o.<br \/>\nAtentamente,<br \/>\nErwin Villa Lozano<br \/>\nVP de Comunicaci\u00f3n<br \/>\nALAS International<br \/>\nComit\u00e9 M\u00e9xico<\/p>\n","protected":false},"excerpt":{"rendered":"<p>Con 25 a\u00f1os de trayectoria, somos la principal Asociaci\u00f3n agrupando a las empresas protagonistas de la industria de la seguridad, con alcance en toda Latinoam\u00e9rica y El Caribe. Actualmente contamos con 10 Comit\u00e9s Nacionales en diferentes pa\u00edses de Latinoam\u00e9rica con el objetivo de apoyar el crecimiento y la profesionalizaci\u00f3n de la Industria de la Seguridad [&hellip;]<\/p>\n","protected":false},"author":1,"featured_media":367451,"comment_status":"open","ping_status":"closed","sticky":false,"template":"","format":"standard","meta":{"om_disable_all_campaigns":false,"jnews-multi-image_gallery":[],"jnews_single_post":{"source_name":"","source_url":"","via_name":"","via_url":"","override_template":"0","override":[{"template":"1","single_blog_custom":"","parallax":"1","fullscreen":"1","layout":"right-sidebar","sidebar":"default-sidebar","second_sidebar":"default-sidebar","sticky_sidebar":"1","share_position":"top","share_float_style":"share-monocrhome","show_share_counter":"1","show_view_counter":"1","show_featured":"1","show_post_meta":"1","show_post_author":"1","show_post_author_image":"1","show_post_date":"1","post_date_format":"default","post_date_format_custom":"Y\/m\/d","show_post_category":"1","show_post_reading_time":"0","post_reading_time_wpm":"300","show_zoom_button":"0","zoom_button_out_step":"2","zoom_button_in_step":"3","show_post_tag":"1","show_prev_next_post":"1","show_popup_post":"1","number_popup_post":"1","show_author_box":"0","show_post_related":"0","show_inline_post_related":"0"}],"override_image_size":"0","image_override":[{"single_post_thumbnail_size":"crop-500","single_post_gallery_size":"crop-500"}],"trending_post":"0","trending_post_position":"meta","trending_post_label":"Trending","sponsored_post":"0","sponsored_post_label":"Sponsored by","sponsored_post_name":"","sponsored_post_url":"","sponsored_post_logo_enable":"0","sponsored_post_logo":"","sponsored_post_desc":"","disable_ad":"0"},"jnews_primary_category":{"id":""},"jnews_social_meta":{"fb_title":"","fb_description":"","fb_image":"","twitter_title":"","twitter_description":"","twitter_image":""},"footnotes":""},"categories":[40],"tags":[],"class_list":["post-367419","post","type-post","status-publish","format-standard","has-post-thumbnail","hentry","category-industria"],"_links":{"self":[{"href":"https:\/\/dimensionturistica.com\/es\/wp-json\/wp\/v2\/posts\/367419","targetHints":{"allow":["GET"]}}],"collection":[{"href":"https:\/\/dimensionturistica.com\/es\/wp-json\/wp\/v2\/posts"}],"about":[{"href":"https:\/\/dimensionturistica.com\/es\/wp-json\/wp\/v2\/types\/post"}],"author":[{"embeddable":true,"href":"https:\/\/dimensionturistica.com\/es\/wp-json\/wp\/v2\/users\/1"}],"replies":[{"embeddable":true,"href":"https:\/\/dimensionturistica.com\/es\/wp-json\/wp\/v2\/comments?post=367419"}],"version-history":[{"count":0,"href":"https:\/\/dimensionturistica.com\/es\/wp-json\/wp\/v2\/posts\/367419\/revisions"}],"wp:featuredmedia":[{"embeddable":true,"href":"https:\/\/dimensionturistica.com\/es\/wp-json\/wp\/v2\/media\/367451"}],"wp:attachment":[{"href":"https:\/\/dimensionturistica.com\/es\/wp-json\/wp\/v2\/media?parent=367419"}],"wp:term":[{"taxonomy":"category","embeddable":true,"href":"https:\/\/dimensionturistica.com\/es\/wp-json\/wp\/v2\/categories?post=367419"},{"taxonomy":"post_tag","embeddable":true,"href":"https:\/\/dimensionturistica.com\/es\/wp-json\/wp\/v2\/tags?post=367419"}],"curies":[{"name":"wp","href":"https:\/\/api.w.org\/{rel}","templated":true}]}}