{"id":367411,"date":"2022-08-09T12:44:09","date_gmt":"2022-08-09T12:44:09","guid":{"rendered":"https:\/\/dimensionturistica.com\/es\/?p=367411"},"modified":"2022-08-09T12:44:09","modified_gmt":"2022-08-09T12:44:09","slug":"los-mejores-destinos-de-espana-para-contemplar-las-estrellas","status":"publish","type":"post","link":"https:\/\/dimensionturistica.com\/es\/los-mejores-destinos-de-espana-para-contemplar-las-estrellas\/","title":{"rendered":"los mejores destinos de Espa\u00f1a para contemplar las estrellas"},"content":{"rendered":"<p> <br \/>\n<\/p>\n<div>\n<div id=\"involveds\" class=\"involveds wrap\">\n<div class=\"involved-authors only-author\">\n<div class=\"first-author\">\n<figure class=\"thumb col-xs-3\">&#13;<img loading=\"lazy\" decoding=\"async\" src=\"https:\/\/viajes.nationalgeographic.com.es\/medio\/2021\/12\/13\/foto-mc_9f8e7266_600x600.jpg\" alt=\"Foto MC\" class=\"lazyload\" width=\"600\" height=\"600\" data-aspectratio=\"600\/600\"\/><noscript><img decoding=\"async\" src=\"https:\/\/viajes.nationalgeographic.com.es\/medio\/2021\/12\/13\/foto-mc_9f8e7266_600x600.jpg\" alt=\"Foto MC\"\/><\/noscript>&#13;<\/figure>\n<\/div>\n<\/div>\n<\/div>\n<p class=\"date\"> <time itemprop=\"dateModified\" datetime=\"2022-08-09T11:11:00+02:00\" data-timestamp=\"1660043460\">&#13;09 de agosto de 2022 \u00b7 11:11<\/time>&#13;<\/p>\n<\/div>\n<div id=\"article-sumary\">\n<div class=\"article-txt ad-mobile-top\">\n<p>Levantar la vista al cielo y ver un mar de estrellas es uno de los grandes anhelos de aquellos que habitan en ciudades y municipios donde la contaminaci\u00f3n lum\u00ednica es tan elevada que solo deja contar unas cuantas decenas de astros. Es por eso que el Instituto de Astrof\u00edsica de Canarias impuls\u00f3 hace a\u00f1os la <a rel=\"nofollow noopener\" target=\"_blank\" href=\"https:\/\/www.fundacionstarlight.org\/\">Fundaci\u00f3n Starlight,<\/a> una entidad responsable del desarrollo y promoci\u00f3n de la Declaraci\u00f3n de la Palma, un documento que apela a la defensa del cielo nocturno y el derecho a la luz de las estrellas.<\/p>\n<p>\u00a0<\/p>\n<p>Para ello, la fundaci\u00f3n se marc\u00f3 tres objetivos: <strong>la protecci\u00f3n del cielo nocturno, la difusi\u00f3n cultural de la astronom\u00eda y el desarrollo econ\u00f3mico sostenible native a trav\u00e9s del astroturismo.<\/strong> Para impulsarlos, cre\u00f3 la Certificaci\u00f3n Starlight, entre cuyas modalidades se encuentra la de reservas y la de destinos tur\u00edsticos. De los 16 lugares reconocidos como Reserva Starlight en el mundo, aqu\u00ed se recoge una lista de los 14 que se pueden visitar en Espa\u00f1a, algunos de los cuales tambi\u00e9n han sido reconocidos como Destinos Tur\u00edsticos Starlight.<\/p>\n<section class=\"related-article-content relacionado\">\n<p class=\"relatedTitle\">Art\u00edculo relacionado<\/p>\n<p><a rel=\"nofollow noopener\" target=\"_blank\" href=\"https:\/\/viajes.nationalgeographic.com.es\/a\/perseidas-2022-mejores-lugares-para-contemplar-lluvia-estrellas_9598\" class=\"rel\"><\/p>\n<article class=\"article\">&#13;<\/p>\n<figure class=\"thumb\">&#13;<img decoding=\"async\" src=\"https:\/\/viajes.nationalgeographic.com.es\/medio\/2022\/08\/08\/perseidas_24f78ada_1280x720.jpg\" alt=\"Perseidas\" class=\"imagenRelacionado lazyload\"\/><noscript><img decoding=\"async\" src=\"https:\/\/viajes.nationalgeographic.com.es\/medio\/2022\/08\/08\/perseidas_24f78ada_1280x720.jpg\" alt=\"Perseidas\"\/><\/noscript>&#13;<\/figure>\n<p>&#13;<\/p>\n<div class=\"relacionadoTxt\">\n<p>&#13;<\/p>\n<h4 class=\"supertitle\">&#13;L\u00e1grimas de San Lorenzo<\/h4>\n<h4 class=\"title\">&#13;Perseidas 2022: Los mejores lugares para contemplar la lluvia de estrellas<\/h4>\n<p>&#13;<\/p>\n<\/div>\n<\/article>\n<p><\/a><\/section>\n<ol>\n<li>Cielos de Guadalajara.<\/li>\n<li>Parque Regional de Gredos.<\/li>\n<li>Sierra de Albarrac\u00edn.<\/li>\n<li>Menorca.<\/li>\n<li>Comarca Cuencas Mineras.<\/li>\n<li>Parque Nacional de Aig\u00fcestortes i Estany de Sant Maurici.<\/li>\n<li>Los Pedroches.<\/li>\n<li>Territorio G\u00fadar-Javalambre.<\/li>\n<li>Fuerteventura.<\/li>\n<li>Sierra Sur de Ja\u00e9n.\u00a0<\/li>\n<li>Sierra Morena Andaluza.\u00a0<\/li>\n<li>El Montsec.\u00a0<\/li>\n<li>Cumbres de Tenerife.<\/li>\n<li>La Palma.<\/li>\n<\/ol>\n<p>\u00a0<\/p>\n<\/div>\n<\/div>\n\n<p><em> &#8221; Fuentes viajes.nationalgeographic.com.es &#8221; <\/em><\/p>\n","protected":false},"excerpt":{"rendered":"<p>&#13;&#13; &#13;09 de agosto de 2022 \u00b7 11:11&#13; Levantar la vista al cielo y ver un mar de estrellas es uno de los grandes anhelos de aquellos que habitan en ciudades y municipios donde la contaminaci\u00f3n lum\u00ednica es tan elevada que solo deja contar unas cuantas decenas de astros. Es por eso que el Instituto [&hellip;]<\/p>\n","protected":false},"author":4,"featured_media":367412,"comment_status":"open","ping_status":"closed","sticky":false,"template":"","format":"standard","meta":{"om_disable_all_campaigns":false,"jnews-multi-image_gallery":[],"jnews_single_post":[],"jnews_primary_category":[],"jnews_social_meta":[],"footnotes":""},"categories":[39],"tags":[47258,47257],"class_list":["post-367411","post","type-post","status-publish","format-standard","has-post-thumbnail","hentry","category-viajes","tag-cargado-desde-el-fichero-de-recursos","tag-keywords-por-defecto"],"_links":{"self":[{"href":"https:\/\/dimensionturistica.com\/es\/wp-json\/wp\/v2\/posts\/367411","targetHints":{"allow":["GET"]}}],"collection":[{"href":"https:\/\/dimensionturistica.com\/es\/wp-json\/wp\/v2\/posts"}],"about":[{"href":"https:\/\/dimensionturistica.com\/es\/wp-json\/wp\/v2\/types\/post"}],"author":[{"embeddable":true,"href":"https:\/\/dimensionturistica.com\/es\/wp-json\/wp\/v2\/users\/4"}],"replies":[{"embeddable":true,"href":"https:\/\/dimensionturistica.com\/es\/wp-json\/wp\/v2\/comments?post=367411"}],"version-history":[{"count":0,"href":"https:\/\/dimensionturistica.com\/es\/wp-json\/wp\/v2\/posts\/367411\/revisions"}],"wp:featuredmedia":[{"embeddable":true,"href":"https:\/\/dimensionturistica.com\/es\/wp-json\/wp\/v2\/media\/367412"}],"wp:attachment":[{"href":"https:\/\/dimensionturistica.com\/es\/wp-json\/wp\/v2\/media?parent=367411"}],"wp:term":[{"taxonomy":"category","embeddable":true,"href":"https:\/\/dimensionturistica.com\/es\/wp-json\/wp\/v2\/categories?post=367411"},{"taxonomy":"post_tag","embeddable":true,"href":"https:\/\/dimensionturistica.com\/es\/wp-json\/wp\/v2\/tags?post=367411"}],"curies":[{"name":"wp","href":"https:\/\/api.w.org\/{rel}","templated":true}]}}