{"id":367363,"date":"2022-08-09T11:36:38","date_gmt":"2022-08-09T11:36:38","guid":{"rendered":"https:\/\/dimensionturistica.com\/es\/?p=367363"},"modified":"2022-08-09T11:36:38","modified_gmt":"2022-08-09T11:36:38","slug":"comercio-y-turismo-seran-dos-grandes-beneficiados-por-mundial-femenino","status":"publish","type":"post","link":"https:\/\/dimensionturistica.com\/es\/comercio-y-turismo-seran-dos-grandes-beneficiados-por-mundial-femenino\/","title":{"rendered":"Comercio y turismo ser\u00e1n dos grandes beneficiados por Mundial Femenino"},"content":{"rendered":"<p> <br \/>\n<\/p>\n<div>\n<p><img decoding=\"async\" class=\"alignnone size-full wp-image-1839135\" src=\"https:\/\/www.crhoy.com\/wp-content\/uploads\/2022\/05\/IMG_20220510_101131_resized_20220510_020044229-e1652213220879.jpg\" alt=\"\" width=\"1728\" height=\"1301\" srcset=\"https:\/\/www.crhoy.com\/wp-content\/uploads\/2022\/05\/IMG_20220510_101131_resized_20220510_020044229-e1652213220879.jpg 1728w, https:\/\/www.crhoy.com\/wp-content\/uploads\/2022\/05\/IMG_20220510_101131_resized_20220510_020044229-e1652213220879-300x226.jpg 300w, https:\/\/www.crhoy.com\/wp-content\/uploads\/2022\/05\/IMG_20220510_101131_resized_20220510_020044229-e1652213220879-1024x771.jpg 1024w\" sizes=\"(max-width: 709px) 85vw, (max-width: 909px) 67vw, (max-width: 1362px) 62vw, 840px\"\/><\/p>\n<p>(CRHoy.com).- El comercio y el turismo en Costa Rica representan dos sectores econ\u00f3micos que se ver\u00e1n beneficiados por la Copa del Mundo Femenina Sub-20 2022 de la FIFA, la cual se estar\u00e1 desarrollando en territorio nacional entre el 10 y el 28 de agosto.<\/p>\n<p>As\u00ed lo manifest\u00f3\u00a0el presidente del Colegio de Ciencias Econ\u00f3micas, Ennio Rodr\u00edguez, quien indic\u00f3 que<strong> este certamen tendr\u00e1 efectos en la econom\u00eda costarricense tanto en un corto como en un mediano plazo<\/strong>.<\/p>\n<p>Bajo esa l\u00ednea, el jerarca explic\u00f3 que\u00a0<strong>los niveles de visitaci\u00f3n se elevar\u00e1n por la llegada de las distintas delegaciones<\/strong> que vendr\u00e1n a representar sus respectivos pa\u00edses.<\/p>\n<p>La C\u00e1mara Nacional de Turismo\u00a0(Canatur) estim\u00f3 que<strong>\u00a0Costa Rica podr\u00eda esperar cerca de 3 mil llegadas internacionales<\/strong> repartidas\u00a0entre las\u00a0representaciones oficiales de los pa\u00edses que estar\u00e1n representados en el mundial, el workers, la prensa internacional; adem\u00e1s de los familiares, amigos e incluso aficionados que podr\u00edan venir a presenciar el evento acompa\u00f1ando a estas delegaciones.<\/p>\n<p>La\u00a0directora ejecutiva de Canatur, Shirley Calvo, asegur\u00f3 que desde dicho sector tienen altas expectativas, principalmente porque <strong>consideran este Mundial como\u00a0<\/strong>\u201c<strong>un evento extraordinario en medio de una \u00e9poca d\u00f3nde es normal que el flujo de turistas disminuya<\/strong> dada la naturaleza de la actividad\u201d.<\/p>\n<p>De acuerdo con Calvo, todo esto se traduce en beneficios a la econom\u00eda del pa\u00eds por concepto de <strong>hospedaje, transporte, consumo de productos y servicios; adem\u00e1s de la reactivaci\u00f3n del comercio<\/strong> alrededor de las sedes donde se disputar\u00e1n los partidos.<\/p>\n<p>Con relaci\u00f3n a este punto, Rodr\u00edguez explic\u00f3 que<strong> es possible que las personas que lleguen al pa\u00eds se queden algunos d\u00edas m\u00e1s<\/strong> para realizar turismo en el territorio nacional y en esa misma l\u00ednea,\u00a0los especialistas resaltaron como otro efecto positivo\u00a0la <strong>exposici\u00f3n a nivel internacional que obtendr\u00e1 el pa\u00eds<\/strong> mediante la transmisi\u00f3n de los partidos en todos los continentes.<\/p>\n<p>Seg\u00fan lo proyectado por el Comit\u00e9 Organizador del Mundial, <strong>los beneficios directos para la econom\u00eda nacional de celebrar\u00a0este Mundial en el pa\u00eds\u00a0representar\u00eda un ingreso de $15 millones.<\/strong><\/p>\n<p>Sin embargo,\u00a0Rodr\u00edguez calific\u00f3 este c\u00e1lculo como \u201cconservador\u201d debido a que \u201cno parece tomar en cuenta las personas externas (familiares y amigos) que acompa\u00f1ar\u00e1n a las delegaciones ni la posibilidad de que estas personas saquen provecho del viaje para vacacionar d\u00edas adicionales en Costa Rica.<\/p>\n<p>El\u00a0jerarca del Colegio de Ciencias Econ\u00f3micas\u00a0indic\u00f3 tambi\u00e9n que este c\u00e1lculo tampoco estima el beneficio asociado al posicionamiento del pa\u00eds como destino tur\u00edstico, ya que se dar\u00e1 a conocer alrededor del mundo.<\/p>\n<p>Con respecto al tema de los d\u00f3lares, Rodr\u00edguez destac\u00f3 tambi\u00e9n que <strong>el evento podr\u00eda tener efectos en el tipo de cambio<\/strong>, pues los visitantes extranjeros traer\u00e1n d\u00f3lares para sus gastos y eso\u00a0<strong>incrementar\u00e1 la oferta de dicha divisa, lo que podr\u00e1 contribuir a\u00a0bajar la presi\u00f3n<\/strong>.<\/p>\n<p>Por el lado de los comerciantes, Allan Gerli, director de la C\u00e1mara de Comercio (CCCR), declar\u00f3 que\u00a0<strong>el calendario de futbol de este 2022 ha sido muy activo y con buenos resultados deportivos, lo cual inmediatamente se traduce en ventas y en resultados positivos tambi\u00e9n para el comercio<\/strong>.<\/p>\n<p>Esto lo ven no solo con relaci\u00f3n al Mundial Femenino Sub-20, sino tambi\u00e9n con lo que fue la eliminatoria mundialista del equipo mayor masculino y tambi\u00e9n con la Copa del Mundo de Catar 2022 que ser\u00e1 disputada a partir del pr\u00f3ximo 21 de noviembre.<\/p>\n<p>Como parte de esas ventas que esperan incrementar, Gerli mencion\u00f3 que la\u00a0realizaci\u00f3n de este torneo en el pa\u00eds\u00a0es un paso de \u201cmuch\u00edsima importancia\u201d para Costa Rica que <strong>estimula la venta de camisetas y balones, as\u00ed como el comercio de bares y restaurantes<\/strong> de quienes se unen a disfrutar los partidos.<\/p>\n<p>Finalmente, Rodr\u00edguez mencion\u00f3 que <strong>habr\u00e1 otros servicios como el de transportes, los de las agencias de viajes, sector cultura<\/strong>, entre otros;\u00a0que tambi\u00e9n se beneficiar\u00e1n con\u00a0aumento en sus niveles de actividad econ\u00f3mica por su v\u00ednculo con el sector turismo.<\/p>\n<\/div>\n<p><script async defer crossorigin=\"anonymous\" src=\"https:\/\/connect.facebook.net\/en_US\/sdk.js#xfbml=1&#038;version=v10.0&#038;appId=680376892387894&#038;autoLogAppEvents=1\" nonce=\"RpjDP7dL\"><\/script><br \/>\n<br \/><\/p>\n<p><em> &#8221; Fuentes www.crhoy.com &#8221; <\/em><\/p>\n","protected":false},"excerpt":{"rendered":"<p>(CRHoy.com).- El comercio y el turismo en Costa Rica representan dos sectores econ\u00f3micos que se ver\u00e1n beneficiados por la Copa del Mundo Femenina Sub-20 2022 de la FIFA, la cual se estar\u00e1 desarrollando en territorio nacional entre el 10 y el 28 de agosto. As\u00ed lo manifest\u00f3\u00a0el presidente del Colegio de Ciencias Econ\u00f3micas, Ennio Rodr\u00edguez, [&hellip;]<\/p>\n","protected":false},"author":4,"featured_media":367364,"comment_status":"open","ping_status":"closed","sticky":false,"template":"","format":"standard","meta":{"om_disable_all_campaigns":false,"jnews-multi-image_gallery":[],"jnews_single_post":[],"jnews_primary_category":[],"jnews_social_meta":[],"footnotes":""},"categories":[40],"tags":[1081,44695,44693,44694,3588,3587,1197,706,2144],"class_list":["post-367363","post","type-post","status-publish","format-standard","has-post-thumbnail","hentry","category-industria","tag-costa-rica","tag-hackeo-ministerio-hacienda","tag-lo-que-pasa-cuando-pasa","tag-noticias-24-7","tag-noticias-internacionales","tag-noticias-nacionales","tag-periodico-digital","tag-ultima-hora","tag-ultimas-noticias"],"_links":{"self":[{"href":"https:\/\/dimensionturistica.com\/es\/wp-json\/wp\/v2\/posts\/367363","targetHints":{"allow":["GET"]}}],"collection":[{"href":"https:\/\/dimensionturistica.com\/es\/wp-json\/wp\/v2\/posts"}],"about":[{"href":"https:\/\/dimensionturistica.com\/es\/wp-json\/wp\/v2\/types\/post"}],"author":[{"embeddable":true,"href":"https:\/\/dimensionturistica.com\/es\/wp-json\/wp\/v2\/users\/4"}],"replies":[{"embeddable":true,"href":"https:\/\/dimensionturistica.com\/es\/wp-json\/wp\/v2\/comments?post=367363"}],"version-history":[{"count":0,"href":"https:\/\/dimensionturistica.com\/es\/wp-json\/wp\/v2\/posts\/367363\/revisions"}],"wp:featuredmedia":[{"embeddable":true,"href":"https:\/\/dimensionturistica.com\/es\/wp-json\/wp\/v2\/media\/367364"}],"wp:attachment":[{"href":"https:\/\/dimensionturistica.com\/es\/wp-json\/wp\/v2\/media?parent=367363"}],"wp:term":[{"taxonomy":"category","embeddable":true,"href":"https:\/\/dimensionturistica.com\/es\/wp-json\/wp\/v2\/categories?post=367363"},{"taxonomy":"post_tag","embeddable":true,"href":"https:\/\/dimensionturistica.com\/es\/wp-json\/wp\/v2\/tags?post=367363"}],"curies":[{"name":"wp","href":"https:\/\/api.w.org\/{rel}","templated":true}]}}