{"id":367199,"date":"2022-08-09T04:56:49","date_gmt":"2022-08-09T04:56:49","guid":{"rendered":"https:\/\/dimensionturistica.com\/es\/?p=367199"},"modified":"2022-08-09T04:56:49","modified_gmt":"2022-08-09T04:56:49","slug":"mas-de-120-mil-estudiantes-bonaerenses-se-inscribieron-en-los-viajes-de-egresados-gratuitos","status":"publish","type":"post","link":"https:\/\/dimensionturistica.com\/es\/mas-de-120-mil-estudiantes-bonaerenses-se-inscribieron-en-los-viajes-de-egresados-gratuitos\/","title":{"rendered":"M\u00e1s de 120 mil estudiantes bonaerenses se inscribieron en los viajes de egresados gratuitos"},"content":{"rendered":"<p> <br \/>\n<\/p>\n<div>\n<p>M\u00e1s de 120 mil estudiantes de escuelas bonaerenses se anotaron para participar del programa de viajes de egresados gratuitos que lleva adelante el Gobierno de la provincia de Buenos Aires, inform\u00f3 el Ministerio de Producci\u00f3n, Ciencia e Innovaci\u00f3n Tecnol\u00f3gica provincial.<\/p>\n<p>Autoridades de la cartera provincial se reunieron hoy con m\u00e1s de 40 directivos de escuelas de gesti\u00f3n estatal de La Plata, para seguir trabajando en el programa de Viajes de Fin de Curso, que en la capital bonaerense ya tiene 4.729 alumnos inscriptos, lo que representa el 49 por ciento de la matr\u00edcula de quienes egresan este a\u00f1o.<\/p>\n<p>El programa de Viajes ya cuenta con m\u00e1s de 123 mil inscriptos de los 135 municipios de la provincia de Buenos Aires.<\/p>\n<p>Del encuentro, realizado en la Escuela T\u00e9cnica n\u00famero 5, participaron la subsecretaria de Turismo, Soledad Mart\u00ednez, la concejala native del Frente de Todos, Paula Lambertini, y el inspector Nelson Herrera.<\/p>\n<p>Esta segunda edici\u00f3n, cuya inscripci\u00f3n cierra el 10 de agosto , est\u00e1 dirigida a estudiantes que est\u00e9n finalizando la secundaria durante 2022 en escuelas p\u00fablicas o privadas.<\/p>\n<blockquote><p>M\u00e1s de 120 mil estudiantes de escuelas bonaerenses se anotaron para participar del programa de viajes de egresados gratuitos que lleva adelante el Gobierno de la provincia de Buenos Aires, inform\u00f3 el Ministerio de Producci\u00f3n, Ciencia e Innovaci\u00f3n Tecnol\u00f3gica provincial.<\/p><\/blockquote>\n<p>Los estudiantes podr\u00e1n viajar durante septiembre, octubre y noviembre a diferentes localidades tur\u00edsticas bonaerenses para disfrutar de paisajes variados.<\/p>\n<p>Para inscribirse en la nueva edici\u00f3n de los Viajes de Fin de Curso en la Provincia, cada estudiante deber\u00e1 ingresar en el siguiente enlace: viajefindecurso.gba.gob.ar.<\/p>\n<p><amp-twitter width=\"375\" height=\"472\" layout=\"responsive\" data-tweetid=\"1540027422430593024\" class=\"i-amphtml-layout-responsive i-amphtml-layout-size-defined\" i-amphtml-layout=\"responsive\"><i-amphtml-sizer style=\"display:block;padding-top:125.8667%\"\/><\/amp-twitter><\/p>\n<p>La segunda edici\u00f3n del programa de viajes de egresados gratuitos fue lanzado luego de que durante 2021 viajaran unos 40.000 estudiantes a diversos destinos tur\u00edsticos bonaerenses.<\/p>\n<p>Para este a\u00f1o, el Gobierno bonaerense estima que la cantidad de beneficiarios podr\u00eda ascender a 220.000.<\/p>\n<p>Los viajes se concretar\u00e1n entre el 15 de septiembre y el 30 de noviembre.<\/p>\n<p>Seg\u00fan el programa, los viajes de fin de curso duran cuatro d\u00edas y tres noches, cuentan con dos excursiones diarias, tienen todos los gastos incluidos -traslados, hoteler\u00eda, las excursiones diarias y una nocturna, gastronom\u00eda y seguros- y viajan a distintos destinos tur\u00edsticos de la provincia de Buenos Aires, lo que tambi\u00e9n permite promover actividades culturales y comerciales para el turismo juvenil en distintos municipios. (T\u00e9lam)<\/p>\n<\/div>\n\n<p><em> &#8221; Fuentes www.grupolaprovincia.com &#8221; <\/em><\/p>\n","protected":false},"excerpt":{"rendered":"<p>M\u00e1s de 120 mil estudiantes de escuelas bonaerenses se anotaron para participar del programa de viajes de egresados gratuitos que lleva adelante el Gobierno de la provincia de Buenos Aires, inform\u00f3 el Ministerio de Producci\u00f3n, Ciencia e Innovaci\u00f3n Tecnol\u00f3gica provincial. Autoridades de la cartera provincial se reunieron hoy con m\u00e1s de 40 directivos de escuelas [&hellip;]<\/p>\n","protected":false},"author":4,"featured_media":367200,"comment_status":"open","ping_status":"closed","sticky":false,"template":"","format":"standard","meta":{"om_disable_all_campaigns":false,"jnews-multi-image_gallery":[],"jnews_single_post":[],"jnews_primary_category":[],"jnews_social_meta":[],"footnotes":""},"categories":[39],"tags":[3520],"class_list":["post-367199","post","type-post","status-publish","format-standard","has-post-thumbnail","hentry","category-viajes","tag-viajes-de-egresados"],"_links":{"self":[{"href":"https:\/\/dimensionturistica.com\/es\/wp-json\/wp\/v2\/posts\/367199","targetHints":{"allow":["GET"]}}],"collection":[{"href":"https:\/\/dimensionturistica.com\/es\/wp-json\/wp\/v2\/posts"}],"about":[{"href":"https:\/\/dimensionturistica.com\/es\/wp-json\/wp\/v2\/types\/post"}],"author":[{"embeddable":true,"href":"https:\/\/dimensionturistica.com\/es\/wp-json\/wp\/v2\/users\/4"}],"replies":[{"embeddable":true,"href":"https:\/\/dimensionturistica.com\/es\/wp-json\/wp\/v2\/comments?post=367199"}],"version-history":[{"count":0,"href":"https:\/\/dimensionturistica.com\/es\/wp-json\/wp\/v2\/posts\/367199\/revisions"}],"wp:featuredmedia":[{"embeddable":true,"href":"https:\/\/dimensionturistica.com\/es\/wp-json\/wp\/v2\/media\/367200"}],"wp:attachment":[{"href":"https:\/\/dimensionturistica.com\/es\/wp-json\/wp\/v2\/media?parent=367199"}],"wp:term":[{"taxonomy":"category","embeddable":true,"href":"https:\/\/dimensionturistica.com\/es\/wp-json\/wp\/v2\/categories?post=367199"},{"taxonomy":"post_tag","embeddable":true,"href":"https:\/\/dimensionturistica.com\/es\/wp-json\/wp\/v2\/tags?post=367199"}],"curies":[{"name":"wp","href":"https:\/\/api.w.org\/{rel}","templated":true}]}}