{"id":367190,"date":"2022-08-09T04:46:40","date_gmt":"2022-08-09T04:46:40","guid":{"rendered":"https:\/\/dimensionturistica.com\/es\/?p=367190"},"modified":"2022-08-09T04:46:40","modified_gmt":"2022-08-09T04:46:40","slug":"detectaron-irregularidades-en-dos-agencias-de-viajes","status":"publish","type":"post","link":"https:\/\/dimensionturistica.com\/es\/detectaron-irregularidades-en-dos-agencias-de-viajes\/","title":{"rendered":"Detectaron irregularidades en dos agencias de viajes"},"content":{"rendered":"<p> <br \/>\n<\/p>\n<div>\n<div class=\"fecha-movil\">\n<p>\n<span class=\"dia\">martes, 9 de agosto de 2022<\/span><br \/>\n<span class=\"brand-circle\"\/><br \/>\n<span class=\"hora\">01:11<\/span>\n<\/p>\n<\/div>\n<p>Un equipo de inspectores del Ministerio de Turismo y Deportes, junto a la Direcci\u00f3n de Calidad Tur\u00edstica realizaron inspecciones en agencias de viajes de Capital y Fiambal\u00e1 en donde se logr\u00f3 identificar a dos agencias que estaban en infracci\u00f3n al art\u00edculo 1\u00b0 de la Ley de Agencias de Viajes N\u00b018.829.\u00a0<\/p>\n<p>Con el fin de individualizar a los prestadores no regularizados, desde el 1 al 3 de agosto se realizaron en el departamento Capital y en la ciudad de Fiambal\u00e1, departamento Tinogasta, una serie de inspecciones y controles de agencias de viajes previstos por el Ministerio de Turismo y Deporte de la Naci\u00f3n con el apoyo del Ministerio de Cultura y Turismo y Deporte de la provincia.<\/p>\n<p>En este sentido se estuvo trabajando en conjunto con el Jefe de Inspectores Gabriel Barraza y el inspector Roberto Garc\u00eda ambos del Ministerio de Turismo y Deporte de la Naci\u00f3n. \u00a0<\/p>\n<p>Tras el dictado de una capacitaci\u00f3n al private de la Secretaria de Gesti\u00f3n Tur\u00edstica sobre Agencias de Viajes y Turismo Estudiantil, se realizaron inspecciones de rutina a catorce agencias donde se realizaron dos actas de infracci\u00f3n al art\u00edculo 1\u00b0 de la Ley de Agencias de Viajes N\u00b018.829.<\/p>\n<p>Adem\u00e1s el equipo integrado por agentes de naci\u00f3n y la provincia estuvieron en la ciudad de Fiambal\u00e1 y tras una reuni\u00f3n en la Secretar\u00eda de Turismo realizaron inspecciones en Cortaderas, Ca\u00f1\u00f3n del Indio y otros sitios de inter\u00e9s tur\u00edsticos para realizar actas de infracci\u00f3n al Art\u00edculo 1\u00b0 de la Ley de Agencias de Viajes en donde no se encontr\u00f3 trabajando a ning\u00fan infractor, solo turistas que arribaron de modo explicit. Adem\u00e1s, el equipo se interioriz\u00f3 sobre las denuncias por estafa por robo de identidad de los alojamientos, visitando a la se\u00f1ora Roxana Quinteros, propietaria de las Caba\u00f1as \u201cAire de los Andes\u201d.<\/p>\n<p>Es importante resaltar la importancia de estar registrado para realizar este tipo de actividad comercial, no solamente para brindar un servicio de calidad al turista, sino adem\u00e1s para poder acceder a beneficios que se brindan desde los organismos nacionales y provinciales.\u00a0<\/p>\n<p>Para mayor informaci\u00f3n consultar en la Direcci\u00f3n de Calidad Tur\u00edstica de la Secretar\u00eda de Gesti\u00f3n Tur\u00edstica, o bien en <a rel=\"nofollow noopener\" target=\"_blank\" href=\"https:\/\/calidad.catamarca.gob.ar\/\">https:\/\/calidad.catamarca.gob.ar\/<\/a>.\u00a0<\/p>\n<\/div>\n<p><script>\n      window.fbAsyncInit = function() {\n        FB.init({\n          appId      : '{156514237751510}',\n          status     : true,\n\t\t  version:  'v2.7',\n          xfbml      : true\n        });\nFB.Event.subscribe('comment.create', function (response) {grabacom_compa(444899)});\t\nFB.Event.subscribe('comment.remove',  function (response) {grabacom_compa(444899)});\t\nFB.Event.subscribe('edge.create',  function (response) {grabacom_compa(444899)});\nFB.Event.subscribe('edge.remove',  function (response) {grabacom_compa(444899)});\n      };\n(function(d, s, id) {\n  var js, fjs = d.getElementsByTagName(s)[0];\n  if (d.getElementById(id)) return;\n  js = d.createElement(s); js.id = id;\n  js.src = \"\/\/connect.facebook.net\/es_LA\/sdk.js#xfbml=1&version=v2.7&appId=156514237751510\";\n  fjs.parentNode.insertBefore(js, fjs);\n}(document, 'script', 'facebook-jssdk'));\n    <\/script><br \/>\n<br \/><\/p>\n<p><em> &#8221; Fuentes www.elesquiu.com &#8221; <\/em><\/p>\n","protected":false},"excerpt":{"rendered":"<p>martes, 9 de agosto de 2022 01:11 Un equipo de inspectores del Ministerio de Turismo y Deportes, junto a la Direcci\u00f3n de Calidad Tur\u00edstica realizaron inspecciones en agencias de viajes de Capital y Fiambal\u00e1 en donde se logr\u00f3 identificar a dos agencias que estaban en infracci\u00f3n al art\u00edculo 1\u00b0 de la Ley de Agencias de [&hellip;]<\/p>\n","protected":false},"author":4,"featured_media":367191,"comment_status":"open","ping_status":"closed","sticky":false,"template":"","format":"standard","meta":{"om_disable_all_campaigns":false,"jnews-multi-image_gallery":[],"jnews_single_post":[],"jnews_primary_category":[],"jnews_social_meta":[],"footnotes":""},"categories":[40],"tags":[1161,544],"class_list":["post-367190","post","type-post","status-publish","format-standard","has-post-thumbnail","hentry","category-industria","tag-agencias","tag-turismo"],"_links":{"self":[{"href":"https:\/\/dimensionturistica.com\/es\/wp-json\/wp\/v2\/posts\/367190","targetHints":{"allow":["GET"]}}],"collection":[{"href":"https:\/\/dimensionturistica.com\/es\/wp-json\/wp\/v2\/posts"}],"about":[{"href":"https:\/\/dimensionturistica.com\/es\/wp-json\/wp\/v2\/types\/post"}],"author":[{"embeddable":true,"href":"https:\/\/dimensionturistica.com\/es\/wp-json\/wp\/v2\/users\/4"}],"replies":[{"embeddable":true,"href":"https:\/\/dimensionturistica.com\/es\/wp-json\/wp\/v2\/comments?post=367190"}],"version-history":[{"count":0,"href":"https:\/\/dimensionturistica.com\/es\/wp-json\/wp\/v2\/posts\/367190\/revisions"}],"wp:featuredmedia":[{"embeddable":true,"href":"https:\/\/dimensionturistica.com\/es\/wp-json\/wp\/v2\/media\/367191"}],"wp:attachment":[{"href":"https:\/\/dimensionturistica.com\/es\/wp-json\/wp\/v2\/media?parent=367190"}],"wp:term":[{"taxonomy":"category","embeddable":true,"href":"https:\/\/dimensionturistica.com\/es\/wp-json\/wp\/v2\/categories?post=367190"},{"taxonomy":"post_tag","embeddable":true,"href":"https:\/\/dimensionturistica.com\/es\/wp-json\/wp\/v2\/tags?post=367190"}],"curies":[{"name":"wp","href":"https:\/\/api.w.org\/{rel}","templated":true}]}}