{"id":366978,"date":"2022-08-08T21:36:34","date_gmt":"2022-08-08T21:36:34","guid":{"rendered":"https:\/\/dimensionturistica.com\/es\/?p=366978"},"modified":"2022-08-08T21:36:34","modified_gmt":"2022-08-08T21:36:34","slug":"va-gobierno-de-la-cdmx-en-la-ruta-de-apropiarse-de-la-fiesta-de-las-culturas-indigenas-en-la-capital-del-pais","status":"publish","type":"post","link":"https:\/\/dimensionturistica.com\/es\/va-gobierno-de-la-cdmx-en-la-ruta-de-apropiarse-de-la-fiesta-de-las-culturas-indigenas-en-la-capital-del-pais\/","title":{"rendered":"Va gobierno de la CDMX \u201cen la ruta\u201d de apropiarse de la Fiesta de las Culturas Ind\u00edgenas en la capital del pa\u00eds."},"content":{"rendered":"<p><img decoding=\"async\" class=\"size-medium wp-image-367025 alignright\" src=\"https:\/\/dimensionturistica.com\/es\/wp-content\/uploads\/2022\/08\/OAXACA1-300x225.jpg\" alt=\"\" width=\"300\" height=\"225\" srcset=\"https:\/\/dimensionturistica.com\/es\/wp-content\/uploads\/2022\/08\/OAXACA1-300x225.jpg 300w, https:\/\/dimensionturistica.com\/es\/wp-content\/uploads\/2022\/08\/OAXACA1-768x576.jpg 768w, https:\/\/dimensionturistica.com\/es\/wp-content\/uploads\/2022\/08\/OAXACA1-750x563.jpg 750w, https:\/\/dimensionturistica.com\/es\/wp-content\/uploads\/2022\/08\/OAXACA1.jpg 960w\" sizes=\"(max-width: 300px) 100vw, 300px\" \/>\u00a0La postura de falta de respeto a los derechos de los artesanos y productores ind\u00edgenas de la Ciudad de M\u00e9xico revelan que el gobierno capitalino se encuentra \u201cen la ruta de pretender apropiarse de la Fiesta de las Culturas Ind\u00edgenas, Pueblos y Barrios Originarios de la CDMX, la cual ha sido una creada y promovida por el Movimiento Ind\u00edgena de la Ciudad de M\u00e9xico.<br \/>\nRepresentantes de diversas etnias del pa\u00eds habitantes de la Ciudad d M\u00e9xico que han participado en a\u00f1os pasados en este evento, denunciaron que el gobierno capitalino no ha dado respuesta a sus peticiones de analizar los casos de los artesanos y productores que cumplen con los requisitos para volver a participar en dicho evento e incluso responden a esta solicitud con la fuerza p\u00fablica y total ausencia de dialogo.<img decoding=\"async\" class=\"size-medium wp-image-367029 alignright\" src=\"https:\/\/dimensionturistica.com\/es\/wp-content\/uploads\/2022\/08\/OAXACA2-300x180.jpg\" alt=\"\" width=\"300\" height=\"180\" srcset=\"https:\/\/dimensionturistica.com\/es\/wp-content\/uploads\/2022\/08\/OAXACA2-300x180.jpg 300w, https:\/\/dimensionturistica.com\/es\/wp-content\/uploads\/2022\/08\/OAXACA2-1024x614.jpg 1024w, https:\/\/dimensionturistica.com\/es\/wp-content\/uploads\/2022\/08\/OAXACA2-768x460.jpg 768w, https:\/\/dimensionturistica.com\/es\/wp-content\/uploads\/2022\/08\/OAXACA2-1536x920.jpg 1536w, https:\/\/dimensionturistica.com\/es\/wp-content\/uploads\/2022\/08\/OAXACA2-750x449.jpg 750w, https:\/\/dimensionturistica.com\/es\/wp-content\/uploads\/2022\/08\/OAXACA2-1140x683.jpg 1140w, https:\/\/dimensionturistica.com\/es\/wp-content\/uploads\/2022\/08\/OAXACA2.jpg 1619w\" sizes=\"(max-width: 300px) 100vw, 300px\" \/><br \/>\nEl desprecio que a\u00fan existe hacia las comunidades ind\u00edgenas en la Ciudad de M\u00e9xico fue manifiesta el lunes por el Gobierno que no da respuesta a la petici\u00f3n de una atenci\u00f3n especializada y lo hace con funcionarios de bajo nivel que desconocen la situaci\u00f3n de las comunidades en la capital, denuncio Abraham Gir\u00f3n, representante de la comunidad tzeltal.<br \/>\nEn conferencia de prensa, miembros del Movimiento de Pueblos, Comunidades y Organizaciones Ind\u00edgenas, que forma parte del Moviendo Ind\u00edgena de la Ciudad de M\u00e9xico, denunciaron humillaci\u00f3n y racismo por parte del gobierno capitalino.<br \/>\nPascual de Jes\u00fas Gonz\u00e1lez, dirigente en la ciudad del MPCOI, expuso el caso de 140 miembros del Movimiento Ind\u00edgena de la Ciudad de M\u00e9xico que han sido rechazados para participar en esta Fiesta, cuando cumplen con<img decoding=\"async\" class=\"size-medium wp-image-367031 alignright\" src=\"https:\/\/dimensionturistica.com\/es\/wp-content\/uploads\/2022\/08\/OAXACA4-225x300.jpg\" alt=\"\" width=\"225\" height=\"300\" srcset=\"https:\/\/dimensionturistica.com\/es\/wp-content\/uploads\/2022\/08\/OAXACA4-225x300.jpg 225w, https:\/\/dimensionturistica.com\/es\/wp-content\/uploads\/2022\/08\/OAXACA4-768x1024.jpg 768w, https:\/\/dimensionturistica.com\/es\/wp-content\/uploads\/2022\/08\/OAXACA4-1152x1536.jpg 1152w, https:\/\/dimensionturistica.com\/es\/wp-content\/uploads\/2022\/08\/OAXACA4-750x1000.jpg 750w, https:\/\/dimensionturistica.com\/es\/wp-content\/uploads\/2022\/08\/OAXACA4-1140x1520.jpg 1140w, https:\/\/dimensionturistica.com\/es\/wp-content\/uploads\/2022\/08\/OAXACA4.jpg 1200w\" sizes=\"(max-width: 225px) 100vw, 225px\" \/> todos los requisitos para hacerlo y tienen sus documentos en regla, ya que cumplieron con el 100 por ciento de los puntos que se solicitan para formar parte de los mil<br \/>\nexpositores de este evento.<br \/>\nDesde el mes de mayo hemos pedido al secretario de Gobierno, Mart\u00ed Batres una audiencia y un an\u00e1lisis de los 140 casos de los artesanos y productores rechazados sin que haya una respuesta, y ante las manifestaciones en la sede del Gobierno Capitalino en el z\u00f3calo, \u00e9ste respondi\u00f3 con el envi\u00f3 de granaderos.<br \/>\n\u201cLas autoridades andan pregonando que hay un acuerdo con ellos lo cual es falso, no existe nada escrito ni ning\u00fan acuerdo, en el caso de que lo hubiera lo respetar\u00edamos, pero no es as\u00ed\u201d.<br \/>\n<img decoding=\"async\" class=\"size-medium wp-image-367032 alignleft\" src=\"https:\/\/dimensionturistica.com\/es\/wp-content\/uploads\/2022\/08\/OAXACA5-225x300.jpg\" alt=\"\" width=\"225\" height=\"300\" srcset=\"https:\/\/dimensionturistica.com\/es\/wp-content\/uploads\/2022\/08\/OAXACA5-225x300.jpg 225w, https:\/\/dimensionturistica.com\/es\/wp-content\/uploads\/2022\/08\/OAXACA5-768x1024.jpg 768w, https:\/\/dimensionturistica.com\/es\/wp-content\/uploads\/2022\/08\/OAXACA5-1152x1536.jpg 1152w, https:\/\/dimensionturistica.com\/es\/wp-content\/uploads\/2022\/08\/OAXACA5-750x1000.jpg 750w, https:\/\/dimensionturistica.com\/es\/wp-content\/uploads\/2022\/08\/OAXACA5-1140x1520.jpg 1140w, https:\/\/dimensionturistica.com\/es\/wp-content\/uploads\/2022\/08\/OAXACA5.jpg 1200w\" sizes=\"(max-width: 225px) 100vw, 225px\" \/>Ante esta negativa el cuatro de agosto el Moviendo Ind\u00edgena de la Ciudad de M\u00e9xico se reunir\u00e1 con la Comisi\u00f3n de Derechos Humanos del Congreso local para ver si a trav\u00e9s de ellos es posible lograr una reuni\u00f3n con la jefa de Gobierno o con el secretario de gobierno capitalino.<br \/>\n\u201cNo estamos pidiendo limosnas estamos exigiendo lo que nos corresponde, porque tenemos la informaci\u00f3n en nuestras manos, adem\u00e1s la gente tiene hambre, estamos saliendo de una situaci\u00f3n compleja de pandemia, por eso pedimos que Mart\u00ed Batres nos atienda. Ellos quieren que nos mantengamos callados, pero no ser\u00e1 as\u00ed\u201d, asegur\u00f3.<br \/>\nEn la conferencia estuvieron presentes representantes de las etnias otom\u00ed, triqui, mazahua y n\u00e1huatl y tzeltal.<br \/>\nPascual de Jes\u00fas Gonz\u00e1lez, afirm\u00f3 que adem\u00e1s desde el dos de marzo han pedido oficialmente la realizaci\u00f3n de la tercer d\u00e9cima Jornada por la Visibilizaci\u00f3n de la Presencia Ind\u00edgena en la Ciudad de M\u00e9xico y ante ello tampoco hay respuesta por parte de las autoridades del gobierno capitalino.<\/p>\n","protected":false},"excerpt":{"rendered":"<p>\u00a0La postura de falta de respeto a los derechos de los artesanos y productores ind\u00edgenas de la Ciudad de M\u00e9xico revelan que el gobierno capitalino se encuentra \u201cen la ruta de pretender apropiarse de la Fiesta de las Culturas Ind\u00edgenas, Pueblos y Barrios Originarios de la CDMX, la cual ha sido una creada y promovida [&hellip;]<\/p>\n","protected":false},"author":1,"featured_media":367030,"comment_status":"open","ping_status":"closed","sticky":false,"template":"","format":"standard","meta":{"om_disable_all_campaigns":false,"jnews-multi-image_gallery":[],"jnews_single_post":{"source_name":"","source_url":"","via_name":"","via_url":"","override_template":"0","override":[{"template":"1","single_blog_custom":"","parallax":"1","fullscreen":"1","layout":"right-sidebar","sidebar":"default-sidebar","second_sidebar":"default-sidebar","sticky_sidebar":"1","share_position":"top","share_float_style":"share-monocrhome","show_share_counter":"1","show_view_counter":"1","show_featured":"1","show_post_meta":"1","show_post_author":"1","show_post_author_image":"1","show_post_date":"1","post_date_format":"default","post_date_format_custom":"Y\/m\/d","show_post_category":"1","show_post_reading_time":"0","post_reading_time_wpm":"300","show_zoom_button":"0","zoom_button_out_step":"2","zoom_button_in_step":"3","show_post_tag":"1","show_prev_next_post":"1","show_popup_post":"1","number_popup_post":"1","show_author_box":"0","show_post_related":"0","show_inline_post_related":"0"}],"override_image_size":"0","image_override":[{"single_post_thumbnail_size":"crop-500","single_post_gallery_size":"crop-500"}],"trending_post":"0","trending_post_position":"meta","trending_post_label":"Trending","sponsored_post":"0","sponsored_post_label":"Sponsored by","sponsored_post_name":"","sponsored_post_url":"","sponsored_post_logo_enable":"0","sponsored_post_logo":"","sponsored_post_desc":"","disable_ad":"0"},"jnews_primary_category":{"id":""},"jnews_social_meta":{"fb_title":"","fb_description":"","fb_image":"","twitter_title":"","twitter_description":"","twitter_image":""},"footnotes":""},"categories":[40],"tags":[],"class_list":["post-366978","post","type-post","status-publish","format-standard","has-post-thumbnail","hentry","category-industria"],"_links":{"self":[{"href":"https:\/\/dimensionturistica.com\/es\/wp-json\/wp\/v2\/posts\/366978","targetHints":{"allow":["GET"]}}],"collection":[{"href":"https:\/\/dimensionturistica.com\/es\/wp-json\/wp\/v2\/posts"}],"about":[{"href":"https:\/\/dimensionturistica.com\/es\/wp-json\/wp\/v2\/types\/post"}],"author":[{"embeddable":true,"href":"https:\/\/dimensionturistica.com\/es\/wp-json\/wp\/v2\/users\/1"}],"replies":[{"embeddable":true,"href":"https:\/\/dimensionturistica.com\/es\/wp-json\/wp\/v2\/comments?post=366978"}],"version-history":[{"count":0,"href":"https:\/\/dimensionturistica.com\/es\/wp-json\/wp\/v2\/posts\/366978\/revisions"}],"wp:featuredmedia":[{"embeddable":true,"href":"https:\/\/dimensionturistica.com\/es\/wp-json\/wp\/v2\/media\/367030"}],"wp:attachment":[{"href":"https:\/\/dimensionturistica.com\/es\/wp-json\/wp\/v2\/media?parent=366978"}],"wp:term":[{"taxonomy":"category","embeddable":true,"href":"https:\/\/dimensionturistica.com\/es\/wp-json\/wp\/v2\/categories?post=366978"},{"taxonomy":"post_tag","embeddable":true,"href":"https:\/\/dimensionturistica.com\/es\/wp-json\/wp\/v2\/tags?post=366978"}],"curies":[{"name":"wp","href":"https:\/\/api.w.org\/{rel}","templated":true}]}}